{"id":27844,"date":"2023-11-16T13:18:30","date_gmt":"2023-11-16T12:18:30","guid":{"rendered":"https:\/\/wartapoznan.pl\/?p=27844"},"modified":"2023-11-16T13:18:30","modified_gmt":"2023-11-16T12:18:30","slug":"warta-poznan-wygrala-sparing-z-lechem-poznan","status":"publish","type":"post","link":"https:\/\/wartapoznan.pl\/index.php\/2023\/11\/16\/warta-poznan-wygrala-sparing-z-lechem-poznan\/","title":{"rendered":"Warta Pozna\u0144 wygra\u0142a sparing z Lechem Pozna\u0144"},"content":{"rendered":"<p><strong>Zwyci\u0119stwem 3:0 Warty Pozna\u0144 zako\u0144czy\u0142 si\u0119 czwartkowy mecz kontrolny z Lechem Pozna\u0144 rozegrany na bocznym boisku stadionu przy ul. Bu\u0142garskiej. Gole dla \u201eZielonych\u201d strzelili Wiktor Ple\u015bnierowicz, Dario Vizinger i Wiktor Kami\u0144ski.<\/strong><\/p>\n<p>Trenerzy ekstraklasowych, pozna\u0144skich dru\u017cyn um\u00f3wili si\u0119 na sparing, kt\u00f3ry mia\u0142 dru\u017cynom urozmaici\u0107 treningi w czasie przerwy ligowej na mecze reprezentacji narodowych. Obie ekipy nie rozpocz\u0119\u0142y pojedynku w najmocniejszych sk\u0142adach, ale na pewno nie mo\u017cna by\u0142o powiedzie\u0107, \u017ce gra\u0142y ze sob\u0105 dru\u017cyny rezerwowe.<\/p>\n<p>Zanim Warta wysz\u0142a na prowadzenie, Adrian Lis w 12. minucie odwa\u017cnie wyszed\u0142 z bramki i obroni\u0142 strza\u0142 w sytuacji sam na sam z Arturem Sobiechem. Dziesi\u0119\u0107 minut p\u00f3\u017aniej pierwszy celny strza\u0142 na bramk\u0119 Lecha odda\u0142 Wiktor Ple\u015bnierowicz \u2013 pi\u0142ka skoz\u0142owa\u0142a przed Filipem Bednarkiem, ale zdo\u0142a\u0142 obroni\u0107 i wybi\u0107 j\u0105 na rzut ro\u017cny. Po do\u015brodkowaniu z naro\u017cnika boiska Wiktor Ple\u015bnierowicz \u0142adnie uderzy\u0142 lew\u0105 nog\u0105 z woleja i by\u0142o 1:0 dla \u201eZielonych\u201d.<\/p>\n<p>Niestety, pi\u0119\u0107 minut p\u00f3\u017aniej g\u0142owami zderzyli si\u0119 Dawid Szymonowicz i Niilo Maenpaa. Ten pierwszy potrzebowa\u0142 pomocy, gdy\u017c z \u0142uku brwiowego pola\u0142a si\u0119 krew i musia\u0142 opu\u015bci\u0107 boisko. Fin te\u017c nie dotrwa\u0142 do przerwy, bo te\u017c zosta\u0142 zmieniony.<\/p>\n<p>W drugiej po\u0142owie zesp\u00f3\u0142 trenera Dawida Szulczka nadal byli gro\u017ani przy sta\u0142ych fragmentach gry. W 48. minucie Filip Bednarek z\u0142apa\u0142 jeszcze pi\u0142k\u0119 po do\u015b\u0107 lekkim strzale Wiktora Ple\u015bnierowicza. Pi\u0119\u0107 minut p\u00f3\u017aniej bramkarz Lecha popisa\u0142 si\u0119 znakomit\u0105 parad\u0105 i wybi\u0142 pi\u0142k\u0119, kt\u00f3ra zmierza\u0142a pod poprzeczk\u0119 po uderzeniu g\u0142ow\u0105 Dario Vizingera. Chwil\u0119 p\u00f3\u017aniej, po kolejnym kornerze w dobrej sytuacji w bramk\u0119 nie trafi\u0142 Bogdan Tiru.<\/p>\n<p>W 58. minucie by\u0142o ju\u017c 2:0. Tym razem akcja bramkowa by\u0142a efektem skutecznego pressingu. Pi\u0142ka trafi\u0142a do Dario Vizingera, a ten uderzy\u0142 zza linii 16 m przy s\u0142upku \u2013 pi\u0142ka wpad\u0142a do siatki po ziemi, a Filip Bednarek nawet nie zareagowa\u0142.<\/p>\n<p>Potem kilka okazji stworzyli sobie gracze Lecha. W 64. minucie Kristoffer Velde nie wykorzysta\u0142 sytuacji sam na sam z J\u0119drzejem Grobelnym (kopn\u0105\u0142 opbok bramki), a potem bramkarz \u201eZielonych\u201d obroni\u0142 strza\u0142y Alego Gholizadeha i Aleksandra Nadolskiego. Natomiast w 75. minucie pi\u0142k\u0119 zmierzaj\u0105c\u0105 w \u201eokienko\u201d bramki po pr\u00f3bie Alana Czerwi\u0144skiego wybi\u0142 Dario Vizinger.<\/p>\n<p>Warta przetrwa\u0142a ten trudniejszy okres i w 88. minucie zada\u0142a ostatni cios. Zn\u00f3w b\u0142ysn\u0105\u0142 Stefan Savi\u0107, kt\u00f3ry po rajdzie odda\u0142 techniczny strza\u0142 na bramk\u0119. Filip Bednarek odbi\u0142 pi\u0142k\u0119, ale przed polem bramkowym znalaz\u0142 si\u0119 Wiktor Kami\u0144ski i popisa\u0142 si\u0119 skuteczn\u0105 dobitk\u0105.<\/p>\n<p><strong>LECH POZNA\u0143 \u2013 WARTA POZNA\u0143 0:3 (0:1)<\/strong><br \/>\n<strong>Bramki:<\/strong> 0:1 Wiktor Ple\u015bnierowicz (23. minuta), 0:2 Dario Vizinger (58.), 0:3 Wiktor Kami\u0144ski (88.)<br \/>\n<strong>Warta Pozna\u0144:<\/strong> Adrian Lis \u2013 Jakub Bartkowski, Dawid Szymonowicz, Wiktor Ple\u015bnierowicz \u2013 Jakub Kie\u0142b, Niilo Maenpaa, Mateusz Kupczak, Filip Borowski \u2013 Tomas Prikryl, Dario Vizinger \u2013 Marton Eppel. <strong>Grali tak\u017ce:<\/strong> J\u0119drzej Grobelny, Bogdan Tiru, Micha\u0142 Kopczy\u0144ski, Jakub Wajman, Konrad Matuszewski, Jakub Paszkowski, Igor Sta\u0144czak, Oskar Krzy\u017cak, Stefan Savi\u0107, Wiktor Kami\u0144ski.<\/p>\n","protected":false},"excerpt":{"rendered":"<p>Zwyci\u0119stwem 3:0 Warty Pozna\u0144 zako\u0144czy\u0142 si\u0119 czwartkowy mecz kontrolny z Lechem Pozna\u0144 rozegrany na bocznym boisku stadionu przy ul. Bu\u0142garskiej&#8230;.<\/p>\n","protected":false},"author":36,"featured_media":27846,"comment_status":"closed","ping_status":"closed","sticky":false,"template":"","format":"standard","meta":{"om_disable_all_campaigns":false,"inline_featured_image":false,"footnotes":"","_links_to":"","_links_to_target":""},"categories":[94,100,102,1],"tags":[],"aioseo_notices":[],"_links":{"self":[{"href":"https:\/\/wartapoznan.pl\/index.php\/wp-json\/wp\/v2\/posts\/27844"}],"collection":[{"href":"https:\/\/wartapoznan.pl\/index.php\/wp-json\/wp\/v2\/posts"}],"about":[{"href":"https:\/\/wartapoznan.pl\/index.php\/wp-json\/wp\/v2\/types\/post"}],"author":[{"embeddable":true,"href":"https:\/\/wartapoznan.pl\/index.php\/wp-json\/wp\/v2\/users\/36"}],"replies":[{"embeddable":true,"href":"https:\/\/wartapoznan.pl\/index.php\/wp-json\/wp\/v2\/comments?post=27844"}],"version-history":[{"count":1,"href":"https:\/\/wartapoznan.pl\/index.php\/wp-json\/wp\/v2\/posts\/27844\/revisions"}],"predecessor-version":[{"id":27845,"href":"https:\/\/wartapoznan.pl\/index.php\/wp-json\/wp\/v2\/posts\/27844\/revisions\/27845"}],"wp:featuredmedia":[{"embeddable":true,"href":"https:\/\/wartapoznan.pl\/index.php\/wp-json\/wp\/v2\/media\/27846"}],"wp:attachment":[{"href":"https:\/\/wartapoznan.pl\/index.php\/wp-json\/wp\/v2\/media?parent=27844"}],"wp:term":[{"taxonomy":"category","embeddable":true,"href":"https:\/\/wartapoznan.pl\/index.php\/wp-json\/wp\/v2\/categories?post=27844"},{"taxonomy":"post_tag","embeddable":true,"href":"https:\/\/wartapoznan.pl\/index.php\/wp-json\/wp\/v2\/tags?post=27844"}],"curies":[{"name":"wp","href":"https:\/\/api.w.org\/{rel}","templated":true}]}}