{"id":27856,"date":"2023-11-17T12:00:17","date_gmt":"2023-11-17T11:00:17","guid":{"rendered":"https:\/\/wartapoznan.pl\/?p=27856"},"modified":"2023-11-17T09:32:34","modified_gmt":"2023-11-17T08:32:34","slug":"vileda-professional-w-klubie-biznesu-warty-poznan","status":"publish","type":"post","link":"https:\/\/wartapoznan.pl\/index.php\/2023\/11\/17\/vileda-professional-w-klubie-biznesu-warty-poznan\/","title":{"rendered":"Vileda Professional w Klubie Biznesu Warty Pozna\u0144"},"content":{"rendered":"<p><strong>Serdecznie witamy w Zielonej Rodzinie mark\u0119 Vileda Professional. Znany producent sprz\u0119tu do utrzymania czysto\u015bci dla bran\u017cy sprz\u0105taj\u0105cej zosta\u0142 posiadaczem z\u0142otego pakietu w Klubie Biznesu Warty Pozna\u0144. Dzi\u0119kujemy za zaufanie!<\/strong><\/p>\n<p><em>&#8211; Sport pozwala dotrze\u0107 do wielu ludzi i pokaza\u0107 pi\u0119kn\u0105 stron\u0119 \u017cycia. Sprz\u0105tanie natomiast \u0142\u0105czy ludzi, a ekologiczne rozwi\u0105zania ratuj\u0105 \u015bwiat. To konkretne powody, dla kt\u00f3rych z ogromn\u0105 satysfakcj\u0105 do\u0142\u0105czyli\u015bmy do dru\u017cyny \u201eZielonych\u201d<\/em> \u2013 m\u00f3wi dyrektor sprzeda\u017cy Vileda Professional Polska, Bart\u0142omiej Sieka\u0144ski i dodaje: &#8211; <em>Wsparcie, kt\u00f3rego klub udziela wielu grupom w my\u015bl has\u0142a #WartoWspiera\u0107, jak r\u00f3wnie\u017c troska o \u015brodowisko naturalne, akcja sadzenia drzew za gole &#8211;<\/em> <em>\u201eAle zasadzi\u0142\u201d. Wszystko to idealnie wpisuje si\u0119 w nasz projekt Clean Meets Green. Wsp\u00f3lnie z Wart\u0105 Pozna\u0144 chcemy dzia\u0142a\u0107, anga\u017cowa\u0107 si\u0119 i wspiera\u0107 wszelkie aktywno\u015bci zmierzaj\u0105ce do poprawy zdrowia i \u015brodowiska. Mamy nadziej\u0119, \u017ce to pocz\u0105tek d\u0142ugiej i owocnej wsp\u00f3\u0142pracy, kt\u00f3ra obu stronom da \u201emocnego kopa\u201d.<\/em><\/p>\n<p>Vileda Professional to marka o ponad 60-letniej tradycji i \u015bwiatowy lider w dziedzinie rozwi\u0105za\u0144 do utrzymania czysto\u015bci. Firma stawia na zr\u00f3wnowa\u017cony rozw\u00f3j, co oznacza m.in., \u017ce przy tworzeniu produkt\u00f3w do utrzymania miejsc i powierzchni w higienicznej czysto\u015bci dba o \u015brodowisko naturalne. Inwestuje znaczne \u015brodki w odpowiedzialne zarz\u0105dzanie materia\u0142ami, odpadami, energi\u0105, emisjami i wod\u0105 we wszystkich krajach i spo\u0142eczno\u015bciach, w kt\u00f3rych prowadzi swoj\u0105 dzia\u0142alno\u015b\u0107.<\/p>\n<p>Nowy partner Warty Pozna\u0144 opracowuje i produkuje wiod\u0105ce rozwi\u0105zania do utrzymania czysto\u015bci dla profesjonalnych u\u017cytkownik\u00f3w dzia\u0142aj\u0105cych w r\u00f3\u017cnych bran\u017cach, takich jak opieka zdrowotna, bran\u017ce hotelarska i gastronomiczna, a tak\u017ce \u015brodowisko kontrolowane i utrzymanie czysto\u015bci w budynkach,<\/p>\n<p>Wi\u0119cej na temat Vileda Professional mo\u017cna przeczyta\u0107 <a href=\"https:\/\/www.vileda-professional.pl\/\" target=\"_blank\" rel=\"noopener\">TUTAJ<\/a><\/p>\n<p>Warto przypomnie\u0107, \u017ce Klub Biznesu Warty Pozna\u0144 skupia ponad 60 podmiot\u00f3w, kt\u00f3re wspieraj\u0105 \u201eZielonych\u201d, a jednocze\u015bnie rozwijaj\u0105 prowadzone przez siebie dzia\u0142alno\u015bci. Zar\u00f3wno dzi\u0119ki wsp\u00f3\u0142pracy z klubem, jak i w oparciu o relacje z innymi cz\u0142onkami Klubu Biznesu.<\/p>\n<p><strong>Z rado\u015bci\u0105 witamy Vileda Professional w Zielonej Rodzinie i dzi\u0119kujemy za zaufanie. Jeste\u015bmy przekonani, \u017ce #WARTObudowa\u0107, dlatego zach\u0119camy wszystkich kibic\u00f3w oraz sympatyk\u00f3w Warty Pozna\u0144 do korzystania z oferty sponsor\u00f3w i partner\u00f3w klubu.<\/strong><\/p>\n","protected":false},"excerpt":{"rendered":"<p>Serdecznie witamy w Zielonej Rodzinie mark\u0119 Vileda Professional. Znany producent sprz\u0119tu do utrzymania czysto\u015bci dla bran\u017cy sprz\u0105taj\u0105cej zosta\u0142 posiadaczem z\u0142otego&#8230;<\/p>\n","protected":false},"author":36,"featured_media":27858,"comment_status":"closed","ping_status":"closed","sticky":false,"template":"","format":"standard","meta":{"om_disable_all_campaigns":false,"inline_featured_image":false,"footnotes":"","_links_to":"","_links_to_target":""},"categories":[94,251,1],"tags":[],"aioseo_notices":[],"_links":{"self":[{"href":"https:\/\/wartapoznan.pl\/index.php\/wp-json\/wp\/v2\/posts\/27856"}],"collection":[{"href":"https:\/\/wartapoznan.pl\/index.php\/wp-json\/wp\/v2\/posts"}],"about":[{"href":"https:\/\/wartapoznan.pl\/index.php\/wp-json\/wp\/v2\/types\/post"}],"author":[{"embeddable":true,"href":"https:\/\/wartapoznan.pl\/index.php\/wp-json\/wp\/v2\/users\/36"}],"replies":[{"embeddable":true,"href":"https:\/\/wartapoznan.pl\/index.php\/wp-json\/wp\/v2\/comments?post=27856"}],"version-history":[{"count":2,"href":"https:\/\/wartapoznan.pl\/index.php\/wp-json\/wp\/v2\/posts\/27856\/revisions"}],"predecessor-version":[{"id":29685,"href":"https:\/\/wartapoznan.pl\/index.php\/wp-json\/wp\/v2\/posts\/27856\/revisions\/29685"}],"wp:featuredmedia":[{"embeddable":true,"href":"https:\/\/wartapoznan.pl\/index.php\/wp-json\/wp\/v2\/media\/27858"}],"wp:attachment":[{"href":"https:\/\/wartapoznan.pl\/index.php\/wp-json\/wp\/v2\/media?parent=27856"}],"wp:term":[{"taxonomy":"category","embeddable":true,"href":"https:\/\/wartapoznan.pl\/index.php\/wp-json\/wp\/v2\/categories?post=27856"},{"taxonomy":"post_tag","embeddable":true,"href":"https:\/\/wartapoznan.pl\/index.php\/wp-json\/wp\/v2\/tags?post=27856"}],"curies":[{"name":"wp","href":"https:\/\/api.w.org\/{rel}","templated":true}]}}