{"id":27861,"date":"2023-11-17T18:15:40","date_gmt":"2023-11-17T17:15:40","guid":{"rendered":"https:\/\/wartapoznan.pl\/?p=27861"},"modified":"2023-11-17T18:18:05","modified_gmt":"2023-11-17T17:18:05","slug":"dobre-wejscie-kajetana-szmyta-w-wygranym-meczu-reprezentacji-polski-u-21","status":"publish","type":"post","link":"https:\/\/wartapoznan.pl\/index.php\/2023\/11\/17\/dobre-wejscie-kajetana-szmyta-w-wygranym-meczu-reprezentacji-polski-u-21\/","title":{"rendered":"Dobre wej\u015bcie Kajetana Szmyta w wygranym meczu reprezentacji Polski U-21"},"content":{"rendered":"<p><strong>M\u0142odzie\u017cowa reprezentacja Polski pokona\u0142a 2:1 Izrael w pojedynku eliminacyjnym do mistrzostw Europy, rozegranym w pi\u0105tek w \u0141odzi. Od 68. minuty na boisku wyst\u0119powa\u0142 Kajetan Szmyt z Warty Pozna\u0144 \u2013 da\u0142 dobr\u0105 zmian\u0119 i by\u0142 bliski zdobycia bramki.<\/strong><\/p>\n<p>\u201eBia\u0142o-czerwoni\u201d rozegrali czwarte spotkanie w bie\u017c\u0105cych eliminacjach do m\u0142odzie\u017cowego Euro i wywalczyli czwarty komplet punkt\u00f3w. Po bezbramkowej pierwszej po\u0142owie, w kt\u00f3rej Micha\u0142 Rakoczy nie wykorzysta\u0142 rzutu karnego, w drugiej cz\u0119\u015bci bramki zdobyli Mi\u0142osz Matysik (59. minuta) i Szymon W\u0142odarczyk (82. minuta). Go\u015bcie strzelili honorowego gola w trzeciej minucie doliczonego czasu gry.<\/p>\n<p>Kajetan Szmyt, kt\u00f3ry we wcze\u015bniejszych meczach kwalifikacyjnych (dw\u00f3ch z Estoni\u0105 i jednym z Kosowem) wychodzi\u0142 w podstawowym sk\u0142adzie, tym razem rozpocz\u0105\u0142 spotkanie na \u0142awce rezerwowych. Na murawie pojawi\u0142 si\u0119 w 68. minucie i zast\u0105pi\u0142 Filipa Marchwi\u0144skiego.<\/p>\n<p>Wychowanek Akademii Warty Pozna\u0144 w swoim 12. wyst\u0119pie w barwach narodowych by\u0142 bardzo aktywny. Gra\u0142 g\u0142\u00f3wnie na lewej stronie boiska i bra\u0142 udzia\u0142 w kilku gro\u017anych akcjach. W 82. minucie uczestniczy\u0142 w kontrataku, kt\u00f3ry zako\u0144czy\u0142 si\u0119 golem na 2:0 \u2013 gdyby Szymon W\u0142odarczyk nie pos\u0142a\u0142 pi\u0142ki do siatki, zrobi\u0142by to z pewno\u015bci\u0105 Kajetan Szmyt, kt\u00f3ry bieg\u0142 za nim. W 88. minucie zawodnik \u201eZielonych\u201d popisa\u0142 si\u0119 kapitalnym strza\u0142em z okolic naro\u017cnika pola karnego \u2013 pi\u0142ka przelecia\u0142a nad interweniuj\u0105cym bramkarzem i trafi\u0142a w s\u0142upek!<\/p>\n<p>Drugi mecz w tej przerwie reprezentacyjnej Polacy zagraj\u0105 we wtorek, w Essen z Niemcami, kt\u00f3rzy s\u0105 wiceliderem grupy D.<\/p>\n<p>Fot. Cyfrasport \/ \u0141\u0105czy Nas Pi\u0142ka<\/p>\n","protected":false},"excerpt":{"rendered":"<p>M\u0142odzie\u017cowa reprezentacja Polski pokona\u0142a 2:1 Izrael w pojedynku eliminacyjnym do mistrzostw Europy, rozegranym w pi\u0105tek w \u0141odzi. Od 68. minuty&#8230;<\/p>\n","protected":false},"author":36,"featured_media":27864,"comment_status":"closed","ping_status":"closed","sticky":false,"template":"","format":"standard","meta":{"om_disable_all_campaigns":false,"inline_featured_image":false,"footnotes":"","_links_to":"","_links_to_target":""},"categories":[94,101,1],"tags":[],"aioseo_notices":[],"_links":{"self":[{"href":"https:\/\/wartapoznan.pl\/index.php\/wp-json\/wp\/v2\/posts\/27861"}],"collection":[{"href":"https:\/\/wartapoznan.pl\/index.php\/wp-json\/wp\/v2\/posts"}],"about":[{"href":"https:\/\/wartapoznan.pl\/index.php\/wp-json\/wp\/v2\/types\/post"}],"author":[{"embeddable":true,"href":"https:\/\/wartapoznan.pl\/index.php\/wp-json\/wp\/v2\/users\/36"}],"replies":[{"embeddable":true,"href":"https:\/\/wartapoznan.pl\/index.php\/wp-json\/wp\/v2\/comments?post=27861"}],"version-history":[{"count":3,"href":"https:\/\/wartapoznan.pl\/index.php\/wp-json\/wp\/v2\/posts\/27861\/revisions"}],"predecessor-version":[{"id":27865,"href":"https:\/\/wartapoznan.pl\/index.php\/wp-json\/wp\/v2\/posts\/27861\/revisions\/27865"}],"wp:featuredmedia":[{"embeddable":true,"href":"https:\/\/wartapoznan.pl\/index.php\/wp-json\/wp\/v2\/media\/27864"}],"wp:attachment":[{"href":"https:\/\/wartapoznan.pl\/index.php\/wp-json\/wp\/v2\/media?parent=27861"}],"wp:term":[{"taxonomy":"category","embeddable":true,"href":"https:\/\/wartapoznan.pl\/index.php\/wp-json\/wp\/v2\/categories?post=27861"},{"taxonomy":"post_tag","embeddable":true,"href":"https:\/\/wartapoznan.pl\/index.php\/wp-json\/wp\/v2\/tags?post=27861"}],"curies":[{"name":"wp","href":"https:\/\/api.w.org\/{rel}","templated":true}]}}