{"id":27867,"date":"2023-11-21T20:07:28","date_gmt":"2023-11-21T19:07:28","guid":{"rendered":"https:\/\/wartapoznan.pl\/?p=27867"},"modified":"2023-11-21T20:07:29","modified_gmt":"2023-11-21T19:07:29","slug":"90-minut-kajetana-szmyta-w-meczu-reprezentacji-polski-u-21-z-niemcami","status":"publish","type":"post","link":"https:\/\/wartapoznan.pl\/index.php\/2023\/11\/21\/90-minut-kajetana-szmyta-w-meczu-reprezentacji-polski-u-21-z-niemcami\/","title":{"rendered":"90 minut Kajetana Szmyta w meczu reprezentacji Polski U-21 z Niemcami"},"content":{"rendered":"<p><strong>Pierwszej pora\u017cki w eliminacjach do m\u0142odzie\u017cowych mistrzostw Europy dozna\u0142a reprezentacja Polski do lat 21 \u2013 we wtorek uleg\u0142a 1:3 Niemcom, a ca\u0142y mecz na boisku w Essen rozegra\u0142 Kajetan Szmyt z Warty Pozna\u0144.<\/strong><\/p>\n<p>W niedawnym, wygranym przez \u201eBia\u0142o-czerwonych\u201d starciu z Izraelem wychowanek Akademii Warty Pozna\u0144 wszed\u0142 na muraw\u0119 w 68. minucie i zaprezentowa\u0142 si\u0119 z dobrej strony. To z pewno\u015bci\u0105 pomog\u0142o selekcjonerowi kadry m\u0142odzie\u017cowej, Adamowi Majewskiemu podj\u0105\u0107 decyzj\u0119 o wystawieniu Kajetana Szmyta w pierwszej jedenastce na pojedynek z Niemcami.<\/p>\n<p>Gospodarze, tak jak Polacy, nie stracili dot\u0105d punktu w eliminacjach. Po pierwszych 45 minutach wydawa\u0142o si\u0119, \u017ce to go\u015bcie przed\u0142u\u017c\u0105 seri\u0119 zwyci\u0119stw. Od 24. minuty prowadzili po golu Ariela Mos\u00f3ra, kt\u00f3ry nog\u0105 pos\u0142a\u0142 pi\u0142k\u0119 do siatki po do\u015brodkowaniu Micha\u0142a Rakoczego z rzutu ro\u017cnego. Niestety, w drugiej po\u0142owie Niemcy najpierw wyr\u00f3wnali w 56. minucie po dobitce strza\u0142u z rzutu wolnego (Eric Martel), a potem w cztery minuty najpierw obj\u0119li prowadzenie Nick Woltemade (79.), a potem ustalili wynik na 3:1 (Merlin Roehl w 82. minucie).<\/p>\n<p>Kajetan Szmyt w pierwszej cz\u0119\u015bci odda\u0142 dwa strza\u0142y na bramk\u0119 rywali \u2013 raz uderzy\u0142 celnie, ale zbyt lekko, a potem kopn\u0105\u0142 pi\u0142k\u0119 obok s\u0142upka po \u0142adnym rajdzie Kacpra Koz\u0142owskiego. Gracz Warty Pozna\u0144 kilka razy w\u0142\u0105cza\u0142 si\u0119 te\u017c do atak\u00f3w, w kt\u00f3rych koledzy wybierali jednak inne rozwi\u0105zania, ni\u017c podanie do Kajetana Szmyta. Po zmianie stron pomocnik \u201eZielonych\u201d pokaza\u0142 dwa \u015bwietne odbiory pi\u0142ki, kt\u00f3rymi przerwa\u0142 gro\u017ane ataki gospodarzy. Potem zosta\u0142 te\u017c napomniany \u017c\u00f3\u0142t\u0105 kartk\u0105 za nie\u0142adny atak na nogi przeciwnika.<\/p>\n<p>Oba zespo\u0142y maj\u0105 teraz po 12 pkt, ale Polacy wywalczyli je w 5 meczach, a Niemcy, nowy lider eliminacyjnej grupy D, potrzebowali do tego czterech wyst\u0119p\u00f3w. Kolejne mecze kwalifikacyjne \u2013 w przysz\u0142ym roku.<\/p>\n<p>Fot. Cyfrasport \/ \u0141\u0105czy Nas Pi\u0142ka<\/p>\n","protected":false},"excerpt":{"rendered":"<p>Pierwszej pora\u017cki w eliminacjach do m\u0142odzie\u017cowych mistrzostw Europy dozna\u0142a reprezentacja Polski do lat 21 \u2013 we wtorek uleg\u0142a 1:3 Niemcom,&#8230;<\/p>\n","protected":false},"author":36,"featured_media":27869,"comment_status":"closed","ping_status":"closed","sticky":false,"template":"","format":"standard","meta":{"om_disable_all_campaigns":false,"inline_featured_image":false,"footnotes":"","_links_to":"","_links_to_target":""},"categories":[94,100,101,1],"tags":[],"aioseo_notices":[],"_links":{"self":[{"href":"https:\/\/wartapoznan.pl\/index.php\/wp-json\/wp\/v2\/posts\/27867"}],"collection":[{"href":"https:\/\/wartapoznan.pl\/index.php\/wp-json\/wp\/v2\/posts"}],"about":[{"href":"https:\/\/wartapoznan.pl\/index.php\/wp-json\/wp\/v2\/types\/post"}],"author":[{"embeddable":true,"href":"https:\/\/wartapoznan.pl\/index.php\/wp-json\/wp\/v2\/users\/36"}],"replies":[{"embeddable":true,"href":"https:\/\/wartapoznan.pl\/index.php\/wp-json\/wp\/v2\/comments?post=27867"}],"version-history":[{"count":2,"href":"https:\/\/wartapoznan.pl\/index.php\/wp-json\/wp\/v2\/posts\/27867\/revisions"}],"predecessor-version":[{"id":27870,"href":"https:\/\/wartapoznan.pl\/index.php\/wp-json\/wp\/v2\/posts\/27867\/revisions\/27870"}],"wp:featuredmedia":[{"embeddable":true,"href":"https:\/\/wartapoznan.pl\/index.php\/wp-json\/wp\/v2\/media\/27869"}],"wp:attachment":[{"href":"https:\/\/wartapoznan.pl\/index.php\/wp-json\/wp\/v2\/media?parent=27867"}],"wp:term":[{"taxonomy":"category","embeddable":true,"href":"https:\/\/wartapoznan.pl\/index.php\/wp-json\/wp\/v2\/categories?post=27867"},{"taxonomy":"post_tag","embeddable":true,"href":"https:\/\/wartapoznan.pl\/index.php\/wp-json\/wp\/v2\/tags?post=27867"}],"curies":[{"name":"wp","href":"https:\/\/api.w.org\/{rel}","templated":true}]}}