{"id":27890,"date":"2023-11-23T08:30:36","date_gmt":"2023-11-23T07:30:36","guid":{"rendered":"https:\/\/wartapoznan.pl\/?p=27890"},"modified":"2023-11-23T07:59:53","modified_gmt":"2023-11-23T06:59:53","slug":"fogo-sponsorem-strategicznym-warty-poznan","status":"publish","type":"post","link":"https:\/\/wartapoznan.pl\/index.php\/2023\/11\/23\/fogo-sponsorem-strategicznym-warty-poznan\/","title":{"rendered":"FOGO sponsorem strategicznym Warty Pozna\u0144"},"content":{"rendered":"<p><strong>Firma FOGO, najwi\u0119kszy w kraju producent agregat\u00f3w pr\u0105dotw\u00f3rczych, zosta\u0142a sponsorem strategicznym Warty Pozna\u0144. Pi\u0142karze \u201eZielonych\u201d ju\u017c od sobotniego pojedynku z Legi\u0105 Warszawa b\u0119d\u0105 grali z reklam\u0105 FOGO na frontach koszulek meczowych.<\/strong><\/p>\n<p>&#8211; <em>Siedziba FOGO mie\u015bci si\u0119 w Wielkopolsce, dlatego ciesz\u0119 si\u0119, \u017ce kolejny klub, kt\u00f3ry jest przedstawicielem naszego regionu w Ekstraklasie, do\u0142\u0105cza do grona klub\u00f3w, kt\u00f3re sponsorujemy. Sport jest wpisany w strategi\u0119 marketingow\u0105 firmy FOGO. Od 10 lat jeste\u015bmy sponsorem wielu klub\u00f3w, dru\u017cyn i organizacji, a najwa\u017cniejsze z nich to FOGO Unia Leszno, czyli pierwszy klub, kt\u00f3ry zacz\u0119li\u015bmy wspiera\u0107 i jeste\u015bmy sponsorem tytularnym. Ponadto od ponad 10 lat jeste\u015bmy sponsorem premium Lecha Pozna\u0144, a od ponad roku mo\u017cemy si\u0119 pochwali\u0107 tym, \u017ce jeste\u015bmy sponsorem tytularnym FOGO Futsal Ekstraklasy. Czuj\u0119, \u017ce teraz stawiamy w Wielkopolsce kropk\u0119 nad \u201ei\u201d i rozpoczynamy wsp\u00f3\u0142prac\u0119 z Wart\u0105 Pozna\u0144. Bardzo si\u0119 z tego cieszymy<\/em> \u2013 m\u00f3wi dyrektor operacyjny FOGO, Jan Wojciak i dodaje: &#8211; <em>Warta Pozna\u0144 mocno stawia na ekologi\u0119, a w naszej ofercie r\u00f3wnie\u017c s\u0105 produkty zwi\u0105zane z wytwarzaniem zielonej energii. Wytwarzamy, a tak\u017ce testujemy produkty, kt\u00f3re b\u0119d\u0105 wytwarza\u0142y energi\u0119 przyjazn\u0105 dla \u015brodowiska naturalnego. Mam nadziej\u0119, \u017ce ju\u017c nied\u0142ugo wsp\u00f3lnie z Wart\u0105 b\u0119dziemy mogli je zaprezentowa\u0107.<\/em><\/p>\n<p><img loading=\"lazy\" decoding=\"async\" width=\"1500\" height=\"1000\" class=\"aligncenter size-full wp-image-27892\" src=\"https:\/\/wartapoznan.pl\/wp-content\/uploads\/2023\/11\/5A7A6395_www.jpg\" alt=\"FOGO sponsorem strategicznym Warty Pozna\u0144. Artur Meissner, Jan Wojciak\" srcset=\"https:\/\/wartapoznan.pl\/wp-content\/uploads\/2023\/11\/5A7A6395_www.jpg 1500w, https:\/\/wartapoznan.pl\/wp-content\/uploads\/2023\/11\/5A7A6395_www-300x200.jpg 300w, https:\/\/wartapoznan.pl\/wp-content\/uploads\/2023\/11\/5A7A6395_www-128x85.jpg 128w, https:\/\/wartapoznan.pl\/wp-content\/uploads\/2023\/11\/5A7A6395_www-32x21.jpg 32w\" sizes=\"(max-width: 1500px) 100vw, 1500px\" \/><\/p>\n<p>Na mocy podpisanej w\u0142a\u015bnie umowy sp\u00f3\u0142ka FOGO zosta\u0142a sponsorem strategicznym Warty Pozna\u0144 S.A. Oznacza to, \u017ce do ko\u0144ca bie\u017c\u0105cego sezonu pi\u0142karze \u201eZielonych\u201d b\u0119d\u0105 wyst\u0119powali z reklam\u0105 FOGO umieszczon\u0105 w najlepiej eksponowanym miejscu koszulek meczowych. Zaprezentuj\u0105 si\u0119 w nich ju\u017c w sobotnim starciu z Legi\u0105 Warszawa w 16. kolejce PKO Bank Polski Ekstraklasy.<\/p>\n<p><img loading=\"lazy\" decoding=\"async\" width=\"1500\" height=\"1000\" class=\"aligncenter size-full wp-image-27894\" src=\"https:\/\/wartapoznan.pl\/wp-content\/uploads\/2023\/11\/5A7A6381_www.jpg\" alt=\"FOGO sponsorem strategicznym Warty Pozna\u0144. Artur Meissner, Jan Wojciak\" srcset=\"https:\/\/wartapoznan.pl\/wp-content\/uploads\/2023\/11\/5A7A6381_www.jpg 1500w, https:\/\/wartapoznan.pl\/wp-content\/uploads\/2023\/11\/5A7A6381_www-300x200.jpg 300w, https:\/\/wartapoznan.pl\/wp-content\/uploads\/2023\/11\/5A7A6381_www-128x85.jpg 128w, https:\/\/wartapoznan.pl\/wp-content\/uploads\/2023\/11\/5A7A6381_www-32x21.jpg 32w\" sizes=\"(max-width: 1500px) 100vw, 1500px\" \/><\/p>\n<p>&#8211; <em>Bardzo si\u0119 cieszymy, \u017ce uda\u0142o nam si\u0119 pozyska\u0107 tak cenionego partnera, jakim jest firma FOGO. Zajmuje on bardzo wa\u017cne miejsce w hierarchii naszych sponsor\u00f3w i zostaje sponsorem strategicznym klubu. \u015awietnie si\u0119 sk\u0142ada, \u017ce jest to firma z Wielkopolski, firma, kt\u00f3ra ma du\u017ce do\u015bwiadczenie w realizowaniu swojej strategii marketingowej poprzez sport, stawia na niego i starannie dobiera sobie partner\u00f3w. Tym wi\u0119ksza jest nasza rado\u015b\u0107, \u017ce FOGO zdecydowa\u0142o si\u0119 na wsp\u00f3\u0142prac\u0119 z Wart\u0105 Pozna\u0144<\/em> \u2013 uwa\u017ca prezes Warty Pozna\u0144, Artur Meissner. &#8211; <em>Ciesz\u0119 si\u0119, \u017ce pocz\u0105tek mojej pracy w nowej roli, czyli prezesa klubu, przypada na tak wa\u017cne wydarzenie, jakim jest nawi\u0105zanie wsp\u00f3\u0142pracy z nowym sponsorem strategicznym. Wiadomo, \u017ce podpisanie tej umowy to efekt dobrej pracy ludzi w klubie, za co w tym momencie im dzi\u0119kuj\u0119<\/em> \u2013 podkre\u015bla prezes \u201eZielonych\u201d.<\/p>\n<p><img loading=\"lazy\" decoding=\"async\" width=\"1500\" height=\"1000\" class=\"aligncenter size-full wp-image-27895\" src=\"https:\/\/wartapoznan.pl\/wp-content\/uploads\/2023\/11\/5A7A6426_www.jpg\" alt=\"FOGO sponsorem strategicznym Warty Pozna\u0144. Reklama na koszulkach\" srcset=\"https:\/\/wartapoznan.pl\/wp-content\/uploads\/2023\/11\/5A7A6426_www.jpg 1500w, https:\/\/wartapoznan.pl\/wp-content\/uploads\/2023\/11\/5A7A6426_www-300x200.jpg 300w, https:\/\/wartapoznan.pl\/wp-content\/uploads\/2023\/11\/5A7A6426_www-128x85.jpg 128w, https:\/\/wartapoznan.pl\/wp-content\/uploads\/2023\/11\/5A7A6426_www-32x21.jpg 32w\" sizes=\"(max-width: 1500px) 100vw, 1500px\" \/><\/p>\n<p>Sp\u00f3\u0142ka FOGO ma siedzib\u0119 w Wilkowicach pod Lesznem. To tam ponad 20 lat temu rozpocz\u0119\u0142a si\u0119 dzia\u0142alno\u015b\u0107 produkcyjna nowego sponsora Warty Pozna\u0144. Firma jest dzi\u015b liderem w\u015br\u00f3d polskich producent\u00f3w agregat\u00f3w pr\u0105dotw\u00f3rczych i jednym z najwi\u0119kszych graczy w tej bran\u017cy w Europie. Jest m.in. wy\u0142\u0105cznym dostawc\u0105 agregat\u00f3w dla Organizacji Narod\u00f3w Zjednoczonych. Sp\u00f3\u0142ka zbiera\u0142a liczne nagrody i wyr\u00f3\u017cnienia za swoj\u0105 innowacyjno\u015b\u0107 oraz wysok\u0105 jako\u015b\u0107 swoich produkt\u00f3w. Dla Warty Pozna\u0144 bardzo istotna jest realizacja polityki proekologicznej wypracowanej przez FOGO polegaj\u0105cej \u00a0m.in. na dobieraniu dostawc\u00f3w w oparciu o kryterium zr\u00f3wnowa\u017conego rozwoju. W ofercie znajduj\u0105 si\u0119 te\u017c agregaty biogazowe pozwalaj\u0105ce na zasilanie zielon\u0105 energi\u0105, a to dopiero pocz\u0105tek \u2018zielonej\u2019 oferty.<\/p>\n<p><strong>Witamy FOGO w Zielonej Rodzinie Warty Pozna\u0144 i dzi\u0119kujemy za zaufanie!<\/strong><\/p>\n","protected":false},"excerpt":{"rendered":"<p>Firma FOGO, najwi\u0119kszy w kraju producent agregat\u00f3w pr\u0105dotw\u00f3rczych, zosta\u0142a sponsorem strategicznym Warty Pozna\u0144. Pi\u0142karze \u201eZielonych\u201d ju\u017c od sobotniego pojedynku z&#8230;<\/p>\n","protected":false},"author":36,"featured_media":27893,"comment_status":"closed","ping_status":"closed","sticky":false,"template":"","format":"standard","meta":{"om_disable_all_campaigns":false,"inline_featured_image":false,"footnotes":"","_links_to":"","_links_to_target":""},"categories":[94,100,245,103,1],"tags":[],"aioseo_notices":[],"_links":{"self":[{"href":"https:\/\/wartapoznan.pl\/index.php\/wp-json\/wp\/v2\/posts\/27890"}],"collection":[{"href":"https:\/\/wartapoznan.pl\/index.php\/wp-json\/wp\/v2\/posts"}],"about":[{"href":"https:\/\/wartapoznan.pl\/index.php\/wp-json\/wp\/v2\/types\/post"}],"author":[{"embeddable":true,"href":"https:\/\/wartapoznan.pl\/index.php\/wp-json\/wp\/v2\/users\/36"}],"replies":[{"embeddable":true,"href":"https:\/\/wartapoznan.pl\/index.php\/wp-json\/wp\/v2\/comments?post=27890"}],"version-history":[{"count":4,"href":"https:\/\/wartapoznan.pl\/index.php\/wp-json\/wp\/v2\/posts\/27890\/revisions"}],"predecessor-version":[{"id":27899,"href":"https:\/\/wartapoznan.pl\/index.php\/wp-json\/wp\/v2\/posts\/27890\/revisions\/27899"}],"wp:featuredmedia":[{"embeddable":true,"href":"https:\/\/wartapoznan.pl\/index.php\/wp-json\/wp\/v2\/media\/27893"}],"wp:attachment":[{"href":"https:\/\/wartapoznan.pl\/index.php\/wp-json\/wp\/v2\/media?parent=27890"}],"wp:term":[{"taxonomy":"category","embeddable":true,"href":"https:\/\/wartapoznan.pl\/index.php\/wp-json\/wp\/v2\/categories?post=27890"},{"taxonomy":"post_tag","embeddable":true,"href":"https:\/\/wartapoznan.pl\/index.php\/wp-json\/wp\/v2\/tags?post=27890"}],"curies":[{"name":"wp","href":"https:\/\/api.w.org\/{rel}","templated":true}]}}