{"id":27909,"date":"2023-11-23T07:28:53","date_gmt":"2023-11-23T06:28:53","guid":{"rendered":"https:\/\/wartapoznan.pl\/?p=27909"},"modified":"2023-11-24T13:45:09","modified_gmt":"2023-11-24T12:45:09","slug":"rozklad-gier-akademii-warty-7","status":"publish","type":"post","link":"https:\/\/wartapoznan.pl\/index.php\/2023\/11\/23\/rozklad-gier-akademii-warty-7\/","title":{"rendered":"Rozk\u0142ad gier Akademii Warty"},"content":{"rendered":"<p><strong>W ten weekend nasze oczy szczeg\u00f3lnie b\u0119d\u0105 zwr\u00f3cone w kierunku dw\u00f3ch spotka\u0144 naszych najstarszych dru\u017cyn m\u0119skich w Centralnej Lidze Junior\u00f3w. Trzymamy kciuki za wszystkie nasze ekipy.<\/strong><\/p>\n<p><strong>Warta Pozna\u0144 &#8211; Legia Warszawa<\/strong><\/p>\n<p><em>16. kolejka Centralnej Ligi Junior\u00f3w do lat 19\u00a0<\/em><\/p>\n<p>Sobota, godz. 12:00 &#8211; Pozna\u0144, ul. Gda\u0144ska<\/p>\n<p><strong>Lechia Gda\u0144sk &#8211; Warta Pozna\u0144<\/strong><\/p>\n<p><em>16. kolejka Centralnej Ligi Junior\u00f3w do lat 17<\/em><\/p>\n<p>Sobota, godz. 12:00 &#8211; Gda\u0144sk<\/p>\n<p><strong>Warta Pozna\u0144 &#8211; \u0141AF \u0141\u00f3d\u017a<\/strong><\/p>\n<p><em>Mecz kontrolny zespo\u0142\u00f3w do lat 15<\/em><\/p>\n<p>Sobota, godz. 15:30 &#8211; Pozna\u0144, ul. Warmi\u0144ska<\/p>\n<p><strong>Warta Pozna\u0144 U-14 &#8211; Pozna\u0144ska 13 U-15<\/strong><\/p>\n<p><em>Mecz kontrolny\u00a0<\/em><\/p>\n<p>Sobota, godz. 9:00 &#8211; Pozna\u0144, ul. Gda\u0144ska<\/p>\n<p><strong>Warta Pozna\u0144 U-13<\/strong><\/p>\n<p><em>Udzia\u0142 w turnieju SBG Jarocin Cup<\/em><\/p>\n<p>24.11.26.11 &#8211; Jarocin<\/p>\n<p><strong>Warta Pozna\u0144 U-12 &#8211; Lider Swarz\u0119dz U-13<\/strong><\/p>\n<p><em>Mecz kontrolny<\/em><\/p>\n<p>Sobota, godz. 14:00 &#8211; Pozna\u0144, ul. Harcerska<\/p>\n<p><strong>Suchary Suchy Las U-12 &#8211; Warta Pozna\u0144 U-11<\/strong><\/p>\n<p><em>Mecz kontrolny<\/em><\/p>\n<p>Niedziela, godz. 9:00 &#8211; Suchy Las<\/p>\n<p><strong>Warta Pozna\u0144 U-10<\/strong><\/p>\n<p><em>Udzia\u0142 w turniej FCH<\/em><\/p>\n<p>25.11 &#8211; \u0141\u00f3d\u017a<\/p>\n<p><strong>Akademia Futbolu &#8211; Warta Pozna\u0144<\/strong><\/p>\n<p><em>Mecz kontrolny zespo\u0142\u00f3w do lat 9<\/em><\/p>\n<p>Niedziela, godz. 11:00 &#8211; Witkowo<\/p>\n<p><strong>Warta Pozna\u0144 &#8211; Pozna\u0144ska 13, APR Pozna\u0144, UKS Talent<\/strong><\/p>\n<p><em>Mecze kontrolne zespo\u0142\u00f3w do lat 8<\/em><\/p>\n<p>Sobota, godz. 13:00 &#8211; Pozna\u0144, ul. Armii Pozna\u0144<\/p>\n<p><strong>Warta Pozna\u0144 WU-15 &#8211; Stella Lubo\u0144 U-15<\/strong><\/p>\n<p><em>13. kolejka II Ligi Okr\u0119gowej do lat 15<\/em><\/p>\n<p>Niedziela, godz. 13:45 &#8211; Pozna\u0144, ul. Warmi\u0144ska<\/p>\n<p>Powodzenia!!!<\/p>\n","protected":false},"excerpt":{"rendered":"<p>W ten weekend nasze oczy szczeg\u00f3lnie b\u0119d\u0105 zwr\u00f3cone w kierunku dw\u00f3ch spotka\u0144 naszych najstarszych dru\u017cyn m\u0119skich w Centralnej Lidze Junior\u00f3w&#8230;.<\/p>\n","protected":false},"author":36,"featured_media":26724,"comment_status":"closed","ping_status":"closed","sticky":false,"template":"","format":"standard","meta":{"om_disable_all_campaigns":false,"inline_featured_image":false,"footnotes":"","_links_to":"","_links_to_target":""},"categories":[95,1],"tags":[],"aioseo_notices":[],"_links":{"self":[{"href":"https:\/\/wartapoznan.pl\/index.php\/wp-json\/wp\/v2\/posts\/27909"}],"collection":[{"href":"https:\/\/wartapoznan.pl\/index.php\/wp-json\/wp\/v2\/posts"}],"about":[{"href":"https:\/\/wartapoznan.pl\/index.php\/wp-json\/wp\/v2\/types\/post"}],"author":[{"embeddable":true,"href":"https:\/\/wartapoznan.pl\/index.php\/wp-json\/wp\/v2\/users\/36"}],"replies":[{"embeddable":true,"href":"https:\/\/wartapoznan.pl\/index.php\/wp-json\/wp\/v2\/comments?post=27909"}],"version-history":[{"count":1,"href":"https:\/\/wartapoznan.pl\/index.php\/wp-json\/wp\/v2\/posts\/27909\/revisions"}],"predecessor-version":[{"id":27910,"href":"https:\/\/wartapoznan.pl\/index.php\/wp-json\/wp\/v2\/posts\/27909\/revisions\/27910"}],"wp:featuredmedia":[{"embeddable":true,"href":"https:\/\/wartapoznan.pl\/index.php\/wp-json\/wp\/v2\/media\/26724"}],"wp:attachment":[{"href":"https:\/\/wartapoznan.pl\/index.php\/wp-json\/wp\/v2\/media?parent=27909"}],"wp:term":[{"taxonomy":"category","embeddable":true,"href":"https:\/\/wartapoznan.pl\/index.php\/wp-json\/wp\/v2\/categories?post=27909"},{"taxonomy":"post_tag","embeddable":true,"href":"https:\/\/wartapoznan.pl\/index.php\/wp-json\/wp\/v2\/tags?post=27909"}],"curies":[{"name":"wp","href":"https:\/\/api.w.org\/{rel}","templated":true}]}}