{"id":28101,"date":"2023-12-09T00:40:50","date_gmt":"2023-12-08T23:40:50","guid":{"rendered":"https:\/\/wartapoznan.pl\/?p=28101"},"modified":"2023-12-09T00:07:50","modified_gmt":"2023-12-08T23:07:50","slug":"opinie-trenerow-po-meczu-pogon-szczecin-warta-poznan-4","status":"publish","type":"post","link":"https:\/\/wartapoznan.pl\/index.php\/2023\/12\/09\/opinie-trenerow-po-meczu-pogon-szczecin-warta-poznan-4\/","title":{"rendered":"Opinie trener\u00f3w po meczu Pogo\u0144 Szczecin \u2013 Warta Pozna\u0144"},"content":{"rendered":"<p><strong>Gol Kajetana Szmyta w ko\u0144c\u00f3wce meczu zapewni\u0142 Warcie Pozna\u0144 wyjazdowy remis 3:3 z Pogoni\u0105 Szczecin w 18. kolejce PKO Bank Polski Ekstraklasy. Przeczytaj, co po tym spotkaniu powiedzieli szkoleniowcy obu dru\u017cyn:<\/strong><\/p>\n<p><strong>Dawid Szulczek, trener Warty Pozna\u0144:<\/strong> <em>Wiedzieli\u015bmy, jak du\u017c\u0105 jako\u015bci\u0105 dysponuje Pogo\u0144 i to, \u017ce czeka nas piekielnie trudne spotkanie. W meczach z czo\u0142owymi ekipami ligi pokazywali\u015bmy, \u017ce potrafimy si\u0119 im przeciwstawi\u0107 i w tym p\u00f3\u0142roczu z Cz\u0119stochowy, Warszawy i Szczecina przywozimy po jednym punkcie. Dzisiaj w ko\u0144c\u00f3wce dopisa\u0142o nam troch\u0119 szcz\u0119\u015bcie. Jeste\u015bmy z tego zadowoleni, tak samo jak z postawy w pierwszej po\u0142owie. Zmienili\u015bmy nieco ustawienie, ale dzi\u0119ki temu, \u017ce bazowali\u015bmy na og\u00f3lnie przyj\u0119tych zasadach, kt\u00f3rymi kierujemy si\u0119 na co dzie\u0144, wygl\u0105da\u0142o to dobrze.<\/em><\/p>\n<p><em>Mieli\u015bmy jesieni\u0105 troch\u0119 problem\u00f3w z kontuzjami i zakontraktowaniem zawodnik\u00f3w. W ko\u0144cu doszli\u015bmy do momentu, w kt\u00f3rym ca\u0142a pi\u0105tka rezerwowych daje jako\u015b\u0107, a dw\u00f3ch, trzech kolejnych graczy jest gotowych do gry i nie wchodzi na boisko. \u0141awka poci\u0105gn\u0119\u0142a nas dzisiaj do tego punktu.<\/em><\/p>\n<p><em>Pierwsza bramka po rykoszecie nap\u0119dzi\u0142a Pogo\u0144. Przez pewien czas wygl\u0105da\u0142o to troch\u0119 tak, jakby\u015bmy grali z Manchesterem City, a nie z polsk\u0105 dru\u017cyn\u0105. Wiedzia\u0142em, \u017ce Pogo\u0144 ma problemy z koncentracj\u0105. Wierzy\u0142em, \u017ce jeste\u015bmy w stanie odwr\u00f3ci\u0107 stan rywalizacji w ko\u0144c\u00f3wce. Trener Arkadiusz Szczerbowski powiedzia\u0142 &#8222;dawajcie, panowie, b\u0119dzie 3:3&#8221; i to si\u0119 sprawdzi\u0142o<\/em> (u\u015bmiech).<\/p>\n<p><em>Chcieli\u015bmy wykorzysta\u0107 wysokie ustawienie obrony Pogoni i to, \u017ce ich atakuj\u0105cy nie naciskaj\u0105 a\u017c tak mocno na obro\u0144c\u00f3w. Szczecinianie maj\u0105 du\u017c\u0105 jako\u015b\u0107 z pi\u0142k\u0105 przy nodze i bardzo dobrze si\u0119 ich ogl\u0105da, ale pewne zawahania maj\u0105 wp\u0142yw na to, \u017ce trac\u0105 bramki.<\/em><\/p>\n<p><em>Latem grali\u015bmy z Pogoni\u0105 sparing i wiedzieli\u015bmy, \u017ce potrafi\u0105 wyci\u0105ga\u0107 naszych obro\u0144c\u00f3w, tworz\u0105c przewag\u0119 i wchodz\u0105c w pole karne. Stwierdzili\u015bmy, \u017ce w czteroosobowym bloku obronnym, z kolejnymi czterema pomocnikami ustawionymi przed nim, \u0142atwiej b\u0119dzie si\u0119 temu przeciwstawi\u0107. Inn\u0105 kwesti\u0105 by\u0142a ch\u0119\u0107 zaskoczenia sztabu Pogoni nieszablonowym ustawieniem.<\/em><\/p>\n<p><strong><img loading=\"lazy\" decoding=\"async\" width=\"1500\" height=\"1000\" class=\"aligncenter size-full wp-image-28108\" src=\"https:\/\/wartapoznan.pl\/wp-content\/uploads\/2023\/12\/5A7A9200_www.jpg\" alt=\"Pogo\u0144 Szczecin - Warta Pozna\u0144 3:3. Trener Jens Gustafsson\" srcset=\"https:\/\/wartapoznan.pl\/wp-content\/uploads\/2023\/12\/5A7A9200_www.jpg 1500w, https:\/\/wartapoznan.pl\/wp-content\/uploads\/2023\/12\/5A7A9200_www-300x200.jpg 300w, https:\/\/wartapoznan.pl\/wp-content\/uploads\/2023\/12\/5A7A9200_www-128x85.jpg 128w, https:\/\/wartapoznan.pl\/wp-content\/uploads\/2023\/12\/5A7A9200_www-32x21.jpg 32w\" sizes=\"(max-width: 1500px) 100vw, 1500px\" \/><\/strong><\/p>\n<p><strong>Jens Gustafsson, trener Pogoni Szczecin:<\/strong> <em>To dla nas ogromne rozczarowanie. Powinni\u015bmy byli wygra\u0107 ten mecz. Mo\u017cemy mie\u0107 pretensje tylko do siebie, podejmowali\u015bmy decyzje, kt\u00f3re s\u0105 nie do zaakceptowania. Trzeba wyci\u0105gn\u0105\u0107 sporo wniosk\u00f3w z tego spotkania. W kluczowych momentach zawiod\u0142a w naszych szeregach decyzyjno\u015b\u0107. Jeste\u015bmy tylko lud\u017ami i pope\u0142niamy b\u0142\u0119dy, natomiast musimy za wszelk\u0105 cen\u0119 ich unika\u0107 i kontynuowa\u0107 ci\u0119\u017ck\u0105 prac\u0119.<\/em><\/p>\n<p><em>Kamil Grosicki poprosi\u0142 o zmian\u0119. Wola\u0142bym go mie\u0107 na boisku do ko\u0144cowego gwizdka s\u0119dziego, ale w takiej sytuacji zdecydowa\u0142em si\u0119 go zdj\u0105\u0107.<\/em><\/p>\n","protected":false},"excerpt":{"rendered":"<p>Gol Kajetana Szmyta w ko\u0144c\u00f3wce meczu zapewni\u0142 Warcie Pozna\u0144 wyjazdowy remis 3:3 z Pogoni\u0105 Szczecin w 18. kolejce PKO Bank&#8230;<\/p>\n","protected":false},"author":36,"featured_media":28109,"comment_status":"closed","ping_status":"closed","sticky":false,"template":"","format":"standard","meta":{"om_disable_all_campaigns":false,"inline_featured_image":false,"footnotes":"","_links_to":"","_links_to_target":""},"categories":[94,100,245,1],"tags":[],"aioseo_notices":[],"_links":{"self":[{"href":"https:\/\/wartapoznan.pl\/index.php\/wp-json\/wp\/v2\/posts\/28101"}],"collection":[{"href":"https:\/\/wartapoznan.pl\/index.php\/wp-json\/wp\/v2\/posts"}],"about":[{"href":"https:\/\/wartapoznan.pl\/index.php\/wp-json\/wp\/v2\/types\/post"}],"author":[{"embeddable":true,"href":"https:\/\/wartapoznan.pl\/index.php\/wp-json\/wp\/v2\/users\/36"}],"replies":[{"embeddable":true,"href":"https:\/\/wartapoznan.pl\/index.php\/wp-json\/wp\/v2\/comments?post=28101"}],"version-history":[{"count":4,"href":"https:\/\/wartapoznan.pl\/index.php\/wp-json\/wp\/v2\/posts\/28101\/revisions"}],"predecessor-version":[{"id":28112,"href":"https:\/\/wartapoznan.pl\/index.php\/wp-json\/wp\/v2\/posts\/28101\/revisions\/28112"}],"wp:featuredmedia":[{"embeddable":true,"href":"https:\/\/wartapoznan.pl\/index.php\/wp-json\/wp\/v2\/media\/28109"}],"wp:attachment":[{"href":"https:\/\/wartapoznan.pl\/index.php\/wp-json\/wp\/v2\/media?parent=28101"}],"wp:term":[{"taxonomy":"category","embeddable":true,"href":"https:\/\/wartapoznan.pl\/index.php\/wp-json\/wp\/v2\/categories?post=28101"},{"taxonomy":"post_tag","embeddable":true,"href":"https:\/\/wartapoznan.pl\/index.php\/wp-json\/wp\/v2\/tags?post=28101"}],"curies":[{"name":"wp","href":"https:\/\/api.w.org\/{rel}","templated":true}]}}