{"id":28165,"date":"2023-12-17T11:26:29","date_gmt":"2023-12-17T10:26:29","guid":{"rendered":"https:\/\/wartapoznan.pl\/?p=28165"},"modified":"2023-12-17T11:26:29","modified_gmt":"2023-12-17T10:26:29","slug":"wideo-skrot-meczu-gornik-zabrze-warta-poznan-2","status":"publish","type":"post","link":"https:\/\/wartapoznan.pl\/index.php\/2023\/12\/17\/wideo-skrot-meczu-gornik-zabrze-warta-poznan-2\/","title":{"rendered":"[WIDEO] Skr\u00f3t meczu G\u00f3rnik Zabrze &#8211; Warta Pozna\u0144"},"content":{"rendered":"<p><strong>Prezentujemy skr\u00f3t meczu G\u00f3rnik Zabrze &#8211; Warta Pozna\u0144 w 19. kolejce PKO Bank Polski Ekstraklasy.<\/strong><\/p>\n<p>W ostatnim tegorocznym wyst\u0119pie ligowym &#8222;Zieloni&#8221; przegrali w Zabrzu 0:3.<\/p>\n<p><iframe src=\"https:\/\/embed.mls.mycujoo.tv\/player\/2Zaq7DzwSO4z9WzJU58XOas9riG?publicKey=K8IS91R64HUMD85634D7QEJ8S5BUN7OM&#038;showQualitySelector=true \" frameborder=\"0\" style=\"overflow: hidden; width: 100%; aspect-ratio: 16 \/ 9\" allow=\"encrypted-media; fullscreen\"><\/iframe><\/p>\n","protected":false},"excerpt":{"rendered":"<p>Prezentujemy skr\u00f3t meczu G\u00f3rnik Zabrze &#8211; Warta Pozna\u0144 w 19. kolejce PKO Bank Polski Ekstraklasy. W ostatnim tegorocznym wyst\u0119pie ligowym&#8230;<\/p>\n","protected":false},"author":36,"featured_media":28166,"comment_status":"closed","ping_status":"closed","sticky":false,"template":"","format":"standard","meta":{"om_disable_all_campaigns":false,"inline_featured_image":false,"footnotes":"","_links_to":"","_links_to_target":""},"categories":[94,100,245,1,246],"tags":[],"aioseo_notices":[],"_links":{"self":[{"href":"https:\/\/wartapoznan.pl\/index.php\/wp-json\/wp\/v2\/posts\/28165"}],"collection":[{"href":"https:\/\/wartapoznan.pl\/index.php\/wp-json\/wp\/v2\/posts"}],"about":[{"href":"https:\/\/wartapoznan.pl\/index.php\/wp-json\/wp\/v2\/types\/post"}],"author":[{"embeddable":true,"href":"https:\/\/wartapoznan.pl\/index.php\/wp-json\/wp\/v2\/users\/36"}],"replies":[{"embeddable":true,"href":"https:\/\/wartapoznan.pl\/index.php\/wp-json\/wp\/v2\/comments?post=28165"}],"version-history":[{"count":1,"href":"https:\/\/wartapoznan.pl\/index.php\/wp-json\/wp\/v2\/posts\/28165\/revisions"}],"predecessor-version":[{"id":28167,"href":"https:\/\/wartapoznan.pl\/index.php\/wp-json\/wp\/v2\/posts\/28165\/revisions\/28167"}],"wp:featuredmedia":[{"embeddable":true,"href":"https:\/\/wartapoznan.pl\/index.php\/wp-json\/wp\/v2\/media\/28166"}],"wp:attachment":[{"href":"https:\/\/wartapoznan.pl\/index.php\/wp-json\/wp\/v2\/media?parent=28165"}],"wp:term":[{"taxonomy":"category","embeddable":true,"href":"https:\/\/wartapoznan.pl\/index.php\/wp-json\/wp\/v2\/categories?post=28165"},{"taxonomy":"post_tag","embeddable":true,"href":"https:\/\/wartapoznan.pl\/index.php\/wp-json\/wp\/v2\/tags?post=28165"}],"curies":[{"name":"wp","href":"https:\/\/api.w.org\/{rel}","templated":true}]}}