{"id":2833,"date":"2018-10-31T13:49:21","date_gmt":"2018-10-31T12:49:21","guid":{"rendered":"http:\/\/klubwarta.pl\/?p=2833"},"modified":"2018-10-31T13:49:21","modified_gmt":"2018-10-31T12:49:21","slug":"po-prostu-zaczelismy-lepiej-grac-w-pilke","status":"publish","type":"post","link":"https:\/\/wartapoznan.pl\/index.php\/2018\/10\/31\/po-prostu-zaczelismy-lepiej-grac-w-pilke\/","title":{"rendered":"&#8222;Po prostu zacz\u0119li\u015bmy lepiej gra\u0107 w pi\u0142k\u0119&#8221;"},"content":{"rendered":"<p><strong>\u0141ukasz Sp\u0142awski to jeden z bohater\u00f3w minionych tygodni. Napastnik Warty Pozna\u0144 w trzech ostatnich spotkaniach strzeli\u0142 dwa gole. Jak sam jednak zapowiada, na tym nie zamierza jednak poprzesta\u0107.<\/strong><\/p>\n<p>27-latek d\u0142ugo czeka\u0142 na powr\u00f3t do formy. W minionych sezonach zmaga\u0142 si\u0119 z kontuzj\u0105 kolana, przez kt\u00f3r\u0105 pojawi\u0142 si\u0119 na boisku w\u00f3wczas tylko w sze\u015bciu spotkaniach II ligi.<\/p>\n<p>&#8211; Faktycznie, stan zapalny kolana zabra\u0142 mi wi\u0119kszo\u015b\u0107 poprzedniego spotkania. Na szcz\u0119\u015bcie teraz ju\u017c go nie mam i na t\u0119 chwil\u0119 wszystko wygl\u0105da ju\u017c w porz\u0105dku.<\/p>\n<p>Sp\u0142awski ostatnio jest jednak w wybornej formie. Najpierw da\u0142 Warcie zwyci\u0119sk\u0105 bramk\u0119 w spotkaniu z Chrobrym G\u0142og\u00f3w, a ostatnio znacz\u0105c\u0105 przyczyni\u0142 si\u0119 do wygranej w Katowicach.<\/p>\n<p>&#8211; Ciesz\u0105 mnie obydwa te trafienia. My\u015bl\u0119 jednak, \u017ce moje wcze\u015bniejsze wyst\u0119py w obecnym sezonie r\u00f3wnie\u017c nie by\u0142y znowu takie najgorsze. Brakowa\u0142o w nich jednak goli, kt\u00f3re zawsze s\u0105 swego rodzajem przypiecz\u0119towaniem udanego spotkania.<\/p>\n<p>&#8211; Ostatni raz dwa gole w tak kr\u00f3tkim odst\u0119pie czasu strzeli\u0142em jeszcze w III lidze. Nigdy nie by\u0142em typem bramkostrzelnego napastnika. W ostatnim czasie na brak trafie\u0144 mia\u0142y jednak wp\u0142yw kontuzje, a przez to ma\u0142o gry.<\/p>\n<p>Dla pochodz\u0105cego z Ko\u015bciana zawodnika najlepszym sezonem w jego karierze by\u0142y rozgrywki 2012\/2013, kiedy to jeszcze w barwach Nielby W\u0105growiec zdoby\u0142 13 bramek. Sam Sp\u0142awski nie zawraca sobie jednak g\u0142owy jakimikolwiek rekordami.<\/p>\n<p>&#8211; Nie my\u015bl\u0119 o nich w tym momencie. Staram si\u0119 po prostu gra\u0107 jak najlepiej w ka\u017cdym kolejnym meczu. Moim zadaniem jest przede wszystkim pomaga\u0107 dru\u017cynie jak najlepiej mog\u0119 w osi\u0105gni\u0119ciu stawianego przed ni\u0105 celu. Nim jest spokojne utrzymanie. Podkre\u015bl\u0119 jeszcze jednak raz: w tej chwili najwa\u017cniejsze jest skupienie na ka\u017cdym kolejnym spotkaniu.<\/p>\n<p>Wyst\u0119puj\u0105cy od 2013 roku przy Drodze D\u0119bi\u0144skiej gracz przyzna\u0142, \u017ce ucieszy\u0142 si\u0119 z powrotu do Ogr\u00f3dka, ale nie uwa\u017ca tego za g\u0142\u00f3wny pow\u00f3d poprawy gry w wykonaniu &#8222;Zielonych&#8221;<\/p>\n<p>&#8211; Na pewno gra nam si\u0119 lepiej na w\u0142asnym stadionie. My\u015bl\u0119 jednak, \u017ce kluczowe by\u0142o to, i\u017c po prostu zacz\u0119li\u015bmy lepiej gra\u0107 w pi\u0142k\u0119.<\/p>\n<p>Sp\u0142awski ju\u017c teraz nie mo\u017ce si\u0119 te\u017c doczeka\u0107 kolejnego domowego spotkania &#8222;Dumy Wildy&#8221;. Ta ju\u017c w sobot\u0119 zmierzy si\u0119 u siebie z Bruk-Betem.<\/p>\n<p>&#8211; A czego oczekuje od siebie i dru\u017cyny w tym meczu? Przede wszystkim pe\u0142nego zaanga\u017cowania i walki do samego ko\u0144ca. Uwa\u017cam, \u017ce mamy na tyle du\u017ce umiej\u0119tno\u015bci, aby powalczy\u0107 o pozytywny rezultat z ka\u017cd\u0105 dru\u017cyn\u0105 w tej lidze.<\/p>\n","protected":false},"excerpt":{"rendered":"<p>\u0141ukasz Sp\u0142awski to jeden z bohater\u00f3w minionych tygodni. Napastnik Warty Pozna\u0144 w trzech ostatnich spotkaniach strzeli\u0142 dwa gole. Jak sam&#8230;<\/p>\n","protected":false},"author":36,"featured_media":2724,"comment_status":"closed","ping_status":"closed","sticky":false,"template":"","format":"standard","meta":{"om_disable_all_campaigns":false,"inline_featured_image":false,"footnotes":"","_links_to":"","_links_to_target":""},"categories":[94,100],"tags":[],"aioseo_notices":[],"_links":{"self":[{"href":"https:\/\/wartapoznan.pl\/index.php\/wp-json\/wp\/v2\/posts\/2833"}],"collection":[{"href":"https:\/\/wartapoznan.pl\/index.php\/wp-json\/wp\/v2\/posts"}],"about":[{"href":"https:\/\/wartapoznan.pl\/index.php\/wp-json\/wp\/v2\/types\/post"}],"author":[{"embeddable":true,"href":"https:\/\/wartapoznan.pl\/index.php\/wp-json\/wp\/v2\/users\/36"}],"replies":[{"embeddable":true,"href":"https:\/\/wartapoznan.pl\/index.php\/wp-json\/wp\/v2\/comments?post=2833"}],"version-history":[{"count":1,"href":"https:\/\/wartapoznan.pl\/index.php\/wp-json\/wp\/v2\/posts\/2833\/revisions"}],"predecessor-version":[{"id":2834,"href":"https:\/\/wartapoznan.pl\/index.php\/wp-json\/wp\/v2\/posts\/2833\/revisions\/2834"}],"wp:featuredmedia":[{"embeddable":true,"href":"https:\/\/wartapoznan.pl\/index.php\/wp-json\/wp\/v2\/media\/2724"}],"wp:attachment":[{"href":"https:\/\/wartapoznan.pl\/index.php\/wp-json\/wp\/v2\/media?parent=2833"}],"wp:term":[{"taxonomy":"category","embeddable":true,"href":"https:\/\/wartapoznan.pl\/index.php\/wp-json\/wp\/v2\/categories?post=2833"},{"taxonomy":"post_tag","embeddable":true,"href":"https:\/\/wartapoznan.pl\/index.php\/wp-json\/wp\/v2\/tags?post=2833"}],"curies":[{"name":"wp","href":"https:\/\/api.w.org\/{rel}","templated":true}]}}