{"id":28907,"date":"2024-02-29T15:30:20","date_gmt":"2024-02-29T14:30:20","guid":{"rendered":"https:\/\/wartapoznan.pl\/?p=28907"},"modified":"2024-02-29T14:17:34","modified_gmt":"2024-02-29T13:17:34","slug":"mateusz-kustosz-w-carinie-gubin","status":"publish","type":"post","link":"https:\/\/wartapoznan.pl\/index.php\/2024\/02\/29\/mateusz-kustosz-w-carinie-gubin\/","title":{"rendered":"Mateusz Kustosz w Carinie Gubin"},"content":{"rendered":"<p><strong>Bramkarz Warty Pozna\u0144, 21-letni Mateusz Kustosz b\u0119dzie do czerwca tego roku zawodnikiem Cariny Gubin. Trafi\u0142 do III-ligowca na zasadzie transferu czasowego. \u017byczymy samych czystych kont w nowych barwach!<\/strong><\/p>\n<p>Latem minionego roku m\u0142ody bramkarz zosta\u0142 wypo\u017cyczony do Unii Swarz\u0119dz, kt\u00f3rej barwy reprezentowa\u0142 ju\u017c w sezonie 2022\/23. Jednak w sierpniu, po urazie podstawowego w\u00f3wczas bramkarza, Adriana Lisa, Warta Pozna\u0144 \u015bci\u0105gn\u0119\u0142a Mateusza Kustosza do siebie, by po kilku tygodniach ponownie wypo\u017cyczy\u0107 go do III-ligowca. Jesieni\u0105 20-latek broni\u0142 w pi\u0119ciu meczach Unii (\u0142\u0105cznie zagra\u0142 dla niej 29 razy).<\/p>\n<p>Wiadomo ju\u017c, \u017ce nie powi\u0119kszy teraz tego dorobku. Kluby dosz\u0142y do porozumienia w sprawie skr\u00f3cenia tego transferu czasowego, a Mateusz Kustosz drug\u0105 cz\u0119\u015b\u0107 sezonu sp\u0119dzi w Carinie Gubin. To 16. zesp\u00f3\u0142 w tabeli grupy 3 III ligi z 18 punktami po 18 meczach (taki sam dorobek ma Stilon Gorz\u00f3w Wielkopolski, pierwsza dru\u017cyna nad stref\u0105 spadkow\u0105).<\/p>\n<p>Nowy zesp\u00f3\u0142 Mateusza Kustosza by\u0142 jedn\u0105 z rewelacji bie\u017c\u0105cej edycji Fortuna Pucharu Polski. Wyeliminowa\u0142 z rozgrywek Raduni\u0119 St\u0119\u017cyca, Stal Stalowa Wola, a odpad\u0142 dopiero w 1\/8 fina\u0142u po pora\u017cce 2:5 z Piastem Gliwice.<\/p>\n<p>Carina wznowi rozgrywki ligowe w nadchodz\u0105cy weekend \u2013 w sobot\u0119, 2 marca podejmie \u015al\u0105sk II Wroc\u0142aw.<\/p>\n","protected":false},"excerpt":{"rendered":"<p>Bramkarz Warty Pozna\u0144, 21-letni Mateusz Kustosz b\u0119dzie do czerwca tego roku zawodnikiem Cariny Gubin. Trafi\u0142 do III-ligowca na zasadzie transferu&#8230;<\/p>\n","protected":false},"author":36,"featured_media":28909,"comment_status":"closed","ping_status":"closed","sticky":false,"template":"","format":"standard","meta":{"om_disable_all_campaigns":false,"inline_featured_image":false,"footnotes":"","_links_to":"","_links_to_target":""},"categories":[94,100,165,1],"tags":[],"aioseo_notices":[],"_links":{"self":[{"href":"https:\/\/wartapoznan.pl\/index.php\/wp-json\/wp\/v2\/posts\/28907"}],"collection":[{"href":"https:\/\/wartapoznan.pl\/index.php\/wp-json\/wp\/v2\/posts"}],"about":[{"href":"https:\/\/wartapoznan.pl\/index.php\/wp-json\/wp\/v2\/types\/post"}],"author":[{"embeddable":true,"href":"https:\/\/wartapoznan.pl\/index.php\/wp-json\/wp\/v2\/users\/36"}],"replies":[{"embeddable":true,"href":"https:\/\/wartapoznan.pl\/index.php\/wp-json\/wp\/v2\/comments?post=28907"}],"version-history":[{"count":1,"href":"https:\/\/wartapoznan.pl\/index.php\/wp-json\/wp\/v2\/posts\/28907\/revisions"}],"predecessor-version":[{"id":28908,"href":"https:\/\/wartapoznan.pl\/index.php\/wp-json\/wp\/v2\/posts\/28907\/revisions\/28908"}],"wp:featuredmedia":[{"embeddable":true,"href":"https:\/\/wartapoznan.pl\/index.php\/wp-json\/wp\/v2\/media\/28909"}],"wp:attachment":[{"href":"https:\/\/wartapoznan.pl\/index.php\/wp-json\/wp\/v2\/media?parent=28907"}],"wp:term":[{"taxonomy":"category","embeddable":true,"href":"https:\/\/wartapoznan.pl\/index.php\/wp-json\/wp\/v2\/categories?post=28907"},{"taxonomy":"post_tag","embeddable":true,"href":"https:\/\/wartapoznan.pl\/index.php\/wp-json\/wp\/v2\/tags?post=28907"}],"curies":[{"name":"wp","href":"https:\/\/api.w.org\/{rel}","templated":true}]}}