{"id":28915,"date":"2024-02-29T17:00:56","date_gmt":"2024-02-29T16:00:56","guid":{"rendered":"https:\/\/wartapoznan.pl\/?p=28915"},"modified":"2024-02-29T18:32:48","modified_gmt":"2024-02-29T17:32:48","slug":"warta-poznan-gra-w-krakowie-z-cracovia-starcie-niepokonanych","status":"publish","type":"post","link":"https:\/\/wartapoznan.pl\/index.php\/2024\/02\/29\/warta-poznan-gra-w-krakowie-z-cracovia-starcie-niepokonanych\/","title":{"rendered":"Warta Pozna\u0144 gra w Krakowie z Cracovi\u0105 \u2013 starcie niepokonanych"},"content":{"rendered":"<p><strong>Najpierw zwyci\u0119stwo, a potem dwa remisy \u2013 tak wygl\u0105da\u0142y dotychczasowe mecze Warty Pozna\u0144 i Cracovii w tym roku. W pi\u0105tek o godz. 18 na rozpocz\u0119cie 23. kolejki PKO Bank Polski Ekstraklasy dwie zas\u0142u\u017cone pi\u0142karskie marki zagraj\u0105 o przed\u0142u\u017cenie swoich serii.<\/strong><\/p>\n<p>Mimo \u017ce b\u0119dzie to dopiero czwarta w tym roku kolejka ligowa, tylko jedna trzecia dru\u017cyn w stawce mo\u017ce si\u0119 pochwali\u0107 tym, \u017ce nie przegra\u0142a \u017cadnego z trzech pierwszych mecz\u00f3w drugiej cz\u0119\u015bci sezonu. W tej sz\u00f3stce s\u0105 Warta Pozna\u0144 i Cracovia, kt\u00f3re maj\u0105 zreszt\u0105 taki sam bilans i histori\u0119 spotka\u0144 \u2013 wygrana na dzie\u0144 dobry, a potem dwa remisy. Obaj pi\u0105tkowi rywale wci\u0105\u017c maj\u0105 jednak niewielk\u0105 przewag\u0119 na stref\u0105 spadkow\u0105 (\u201eZieloni\u201d dwa punkty, a krakowianie cztery), wi\u0119c w tabeli musz\u0105 si\u0119 ogl\u0105da\u0107 za siebie.<\/p>\n<p>Pozna\u0144ski zesp\u00f3\u0142 ko\u0144czy\u0142 poprzedni\u0105 kolejk\u0119 pojedynkiem z Radomiakiem Radom. W drugim meczu z rz\u0119du w starciu \u201eZielonych\u201d nie pad\u0142a bramka. Plus jest taki, \u017ce J\u0119drzej Grobelny zn\u00f3w zachowa\u0142 czyste konto, a Warta nadal mo\u017ce si\u0119 pochwali\u0107 tym, \u017ce ostatni\u0105 bramk\u0119 z gry straci\u0142a jeszcze w tamtym roku (Rak\u00f3w strzeli\u0142 gola z rzutu karnego). Obraz tych dokona\u0144 w defensywie zak\u0142\u00f3ca nieco fakt, \u017ce po meczu z cz\u0119stochowianami Warta nie mia\u0142a za wiele do powiedzenia pod bramk\u0105 rywali.<\/p>\n<p><em><img loading=\"lazy\" decoding=\"async\" width=\"1500\" height=\"1000\" class=\"aligncenter size-full wp-image-28919\" src=\"https:\/\/wartapoznan.pl\/wp-content\/uploads\/2024\/02\/5A7A7683_www.jpg\" alt=\"Trener Dawid Szulczek na treningu przed meczem Cracovia - Warta Pozna\u0144\" srcset=\"https:\/\/wartapoznan.pl\/wp-content\/uploads\/2024\/02\/5A7A7683_www.jpg 1500w, https:\/\/wartapoznan.pl\/wp-content\/uploads\/2024\/02\/5A7A7683_www-300x200.jpg 300w, https:\/\/wartapoznan.pl\/wp-content\/uploads\/2024\/02\/5A7A7683_www-128x85.jpg 128w, https:\/\/wartapoznan.pl\/wp-content\/uploads\/2024\/02\/5A7A7683_www-32x21.jpg 32w\" sizes=\"(max-width: 1500px) 100vw, 1500px\" \/><\/em><\/p>\n<p><em>&#8211; My\u015bl\u0119, \u017ce ten punkt z Radomiakiem b\u0119dzie bardziej szanowany na koniec sezonu, gdy zobaczymy, na kt\u00f3rym miejscu ten zesp\u00f3\u0142 zako\u0144czy rozgrywki. Rozumiem, \u017ce po dw\u00f3ch wysokich pora\u017ckach Radomiaka ludzie oczekiwali, \u017ce i my powinni\u015bmy wygra\u0107 ze 3:0, ale rywal gra\u0142 ca\u0142y mecz w jedenastu i nie by\u0142o to naj\u0142atwiejsze spotkanie<\/em> \u2013 m\u00f3wi trener Warty Pozna\u0144, Dawid Szulczek, nawi\u0105zuj\u0105c m.in. do starcia Radomiaka z Cracovi\u0105, kt\u00f3ra od drugiej minuty gra\u0142a z przewag\u0105 zawodnika, a w ko\u0144c\u00f3wce \u2013 nawet dw\u00f3ch.<\/p>\n<p>Zdaniem trenera \u201eWarciarzy\u201d, po s\u0142abszej ko\u0144c\u00f3wce roku i du\u017cej liczbie straconych bramek, zim\u0105 nale\u017ca\u0142o zadba\u0107 przede wszystkim o uszczelnienie defensywy. &#8211; <em>Jeste\u015bmy na takim troch\u0119 podobnym etapie, jak byli\u015bmy w listopadzie i grudniu 2021, kiedy tu przychodzi\u0142em. Zacz\u0119li\u015bmy odbudow\u0119 dru\u017cyny od tego, \u017ceby by\u0107 dobrze z koncentrowanym w obronie. Teraz zmieni\u0142 si\u0119 odbi\u00f3r i postrzeganie naszej gry. Kiedy\u015b m\u00f3wi\u0142o si\u0119, \u017ce trudno nas z\u0142ama\u0107, trudno nam strzeli\u0107 gola, bo \u00a0jeste\u015bmy zorganizowani. Teraz te same dzia\u0142ania s\u0105 oceniane tak, \u017ce jeste\u015bmy destrukcyjni<\/em> \u2013 m\u00f3wi Dawid Szulczek i dodaje: &#8211; <em>Wydaje mi si\u0119, \u017ce nie jeste\u015bmy w stanie odpowiedzie\u0107 tempem rozwoju naszej dru\u017cyny na to, jak mocno oczekiwania wobec nas.<\/em><\/p>\n<p>Trener \u201eZielonych\u201d nie ukrywa, \u017ce wyj\u0105tkowo kr\u00f3tki czas mi\u0119dzy meczami zesp\u00f3\u0142 stara\u0142 si\u0119 wykorzysta\u0107 na popraw\u0119 poczyna\u0144 w ataku. &#8211; <em>Popracowali\u015bmy nad tym, jak gra\u0107, gdy jeste\u015bmy z pi\u0142k\u0105 za ko\u0142em \u015brodkowym, na po\u0142owie przeciwnika. Temu po\u015bwi\u0119cili\u015bmy \u015brodowy trening. W czwartek \u0107wiczuli\u015bmy sta\u0142e fragmenty gry i zn\u00f3w gr\u0119 w ofensywie. Licz\u0119 na to, \u017ce nie odbije si\u0119 to na bramkach straconych i \u017ce nadal b\u0119dziemy tak dobrze broni\u0107<\/em> \u2013 m\u00f3wi trener Warty Pozna\u0144. \u2013 <em>Wierz\u0119 w to, \u017ce jeste\u015bmy w stanie wr\u00f3ci\u0107 do tej dobrej energii, kt\u00f3ra by\u0142a w meczu z Rakowem. Zagrali\u015bmy wtedy naprawd\u0119 dobrze po \u015bwietnym okresie przygotowawczym, a plus\u00f3w w naszej grze jest znacznie wi\u0119cej: w ka\u017cdym meczu biegamy wi\u0119cej od rywala, z wi\u0119ksz\u0105 intensywno\u015bci\u0105, przestali\u015bmy traci\u0107 bramki, a po\u015bwi\u0119cili\u015bmy temu wiele uwagi. Teraz pora na to, \u017ceby rozwin\u0105\u0107 gr\u0119 do przodu.<\/em><\/p>\n<p>Do Krakowa nie pojechali nie tylko nieobecni od d\u0142u\u017cszego czasu Adam Zrelak i Kacper Przyby\u0142ko, ale tak\u017ce Micha\u0142 Kopczy\u0144ski.<\/p>\n<p><img loading=\"lazy\" decoding=\"async\" width=\"1500\" height=\"1000\" class=\"aligncenter size-full wp-image-28918\" src=\"https:\/\/wartapoznan.pl\/wp-content\/uploads\/2024\/02\/5A7A7565_www.jpg\" alt=\"Trening przed meczem Cracovia - Warta Pozna\u0144. Dimitris Stavropoulos\" srcset=\"https:\/\/wartapoznan.pl\/wp-content\/uploads\/2024\/02\/5A7A7565_www.jpg 1500w, https:\/\/wartapoznan.pl\/wp-content\/uploads\/2024\/02\/5A7A7565_www-300x200.jpg 300w, https:\/\/wartapoznan.pl\/wp-content\/uploads\/2024\/02\/5A7A7565_www-128x85.jpg 128w, https:\/\/wartapoznan.pl\/wp-content\/uploads\/2024\/02\/5A7A7565_www-32x21.jpg 32w\" sizes=\"(max-width: 1500px) 100vw, 1500px\" \/><\/p>\n<p>Od 8 listopada 2021 roku, gdy obecny trener przej\u0105\u0142 Wart\u0119 Pozna\u0144, \u201eZieloni\u201d rozegrali 76 spotka\u0144, w kt\u00f3rych zdobyli okr\u0105g\u0142e 100 pkt. Ten przedostatni oficjalnie wywalczy\u0142 asystent, Arkadiusz Szczerbowski, kt\u00f3ry zast\u0119powa\u0142 chorego w\u00f3wczas trenera Dawida Szulczka w Chorzowie. Pierwszy szkoleniowiec ma szans\u0119 dobi\u0107 do setki lub nawet j\u0105 przekroczy\u0107 ju\u017c w pi\u0105tek. Bilans mecz\u00f3w z Cracovi\u0105 za jego kadencji jest korzystny dla Warty \u2013 dwa zwyci\u0119stwa i dwa remisy oraz 3:0 w bramkach. Ostatnie starcie zako\u0144czy\u0142o si\u0119 bez goli i by\u0142o to jedyne 0:0 w meczu poznaniak\u00f3w w pierwszej rundzie.<\/p>\n<p>Dla odmiany, krakowianom w tym sezonie zdarzy\u0142o si\u0119 ju\u017c kilka domowych spotka\u0144 z gradem bramek, m.in. 1:5 z Pogoni\u0105 Szczecin, 2:4 z Jagielloni\u0105 Bia\u0142ystok, 4:4 z Ruchem Chorz\u00f3w czy 6:0 z Radomiakiem. Ale te\u017c nie spos\u00f3b nie zauwa\u017cy\u0107, \u017ce zesp\u00f3\u0142 Jacka Zieli\u0144skiego r\u00f3wnie\u017c poprawi\u0142 w ostatnim czasie obron\u0119 w\u0142asnej bramki \u2013 w czterech ostatnich wyst\u0119pach gospodarze pi\u0105tkowego meczu stracili tylko jednego gola (1:1 z Zag\u0142\u0119biem Lubin).<\/p>\n<p>&#8211; <em>Cracovia na wiosn\u0119 wygl\u0105da lepiej ni\u017c wtedy, gdy grali\u015bmy ze sob\u0105 pierwszy raz w tym sezonie. Wida\u0107, \u017ce trener Zieli\u0144ski ze swoim sztabem rozwija t\u0119 dru\u017cyn\u0119 i na pewno czeka nas du\u017ce wyzwanie w Krakowie. My\u015bl\u0119, \u017ce wi\u0119ksze ni\u017c wtedy, w sierpniu<\/em> \u00a0\u2013 uwa\u017ca trener Szulczek i dodaje: &#8211; <em>Natomiast my te\u017c jeste\u015bmy na innym etapie ni\u017c wtedy i te\u017c jeste\u015bmy lepszym zespo\u0142em ni\u017c na pocz\u0105tku sezonu. Mam nadziej\u0119, \u017ce tak jak w przypadku poprzednich wyjazd\u00f3w do Krakowa, tak i tym razem b\u0119dziemy wracali stamt\u0105d szcz\u0119\u015bliwi.<\/em><\/p>\n<p>Mecz Cracovia \u2013 Warta Pozna\u0144 rozpocznie si\u0119 w pi\u0105tek o godz. 18 na stadionie przy ul. Ka\u0142u\u017cy. S\u0119dzi\u0105 b\u0119dzie Marcin Szczerbowicz z Olsztyna. Transmisja w Canal+ Sport, Canal+ Family i Canal+ Online oraz w MC Radiu, kt\u00f3re jest oficjalnym partnerem klubu, na 102,7 FM i w Internecie.<\/p>\n","protected":false},"excerpt":{"rendered":"<p>Najpierw zwyci\u0119stwo, a potem dwa remisy \u2013 tak wygl\u0105da\u0142y dotychczasowe mecze Warty Pozna\u0144 i Cracovii w tym roku. W pi\u0105tek&#8230;<\/p>\n","protected":false},"author":36,"featured_media":28917,"comment_status":"closed","ping_status":"closed","sticky":false,"template":"","format":"standard","meta":{"om_disable_all_campaigns":false,"inline_featured_image":false,"footnotes":"","_links_to":"","_links_to_target":""},"categories":[94,100,245,1],"tags":[],"aioseo_notices":[],"_links":{"self":[{"href":"https:\/\/wartapoznan.pl\/index.php\/wp-json\/wp\/v2\/posts\/28915"}],"collection":[{"href":"https:\/\/wartapoznan.pl\/index.php\/wp-json\/wp\/v2\/posts"}],"about":[{"href":"https:\/\/wartapoznan.pl\/index.php\/wp-json\/wp\/v2\/types\/post"}],"author":[{"embeddable":true,"href":"https:\/\/wartapoznan.pl\/index.php\/wp-json\/wp\/v2\/users\/36"}],"replies":[{"embeddable":true,"href":"https:\/\/wartapoznan.pl\/index.php\/wp-json\/wp\/v2\/comments?post=28915"}],"version-history":[{"count":4,"href":"https:\/\/wartapoznan.pl\/index.php\/wp-json\/wp\/v2\/posts\/28915\/revisions"}],"predecessor-version":[{"id":28923,"href":"https:\/\/wartapoznan.pl\/index.php\/wp-json\/wp\/v2\/posts\/28915\/revisions\/28923"}],"wp:featuredmedia":[{"embeddable":true,"href":"https:\/\/wartapoznan.pl\/index.php\/wp-json\/wp\/v2\/media\/28917"}],"wp:attachment":[{"href":"https:\/\/wartapoznan.pl\/index.php\/wp-json\/wp\/v2\/media?parent=28915"}],"wp:term":[{"taxonomy":"category","embeddable":true,"href":"https:\/\/wartapoznan.pl\/index.php\/wp-json\/wp\/v2\/categories?post=28915"},{"taxonomy":"post_tag","embeddable":true,"href":"https:\/\/wartapoznan.pl\/index.php\/wp-json\/wp\/v2\/tags?post=28915"}],"curies":[{"name":"wp","href":"https:\/\/api.w.org\/{rel}","templated":true}]}}