{"id":28928,"date":"2024-03-01T10:59:02","date_gmt":"2024-03-01T09:59:02","guid":{"rendered":"https:\/\/wartapoznan.pl\/?p=28928"},"modified":"2024-03-01T11:02:41","modified_gmt":"2024-03-01T10:02:41","slug":"wpip-mardom-sp-z-o-o-sponsorem-sekcji-amp-futbolu-warty-poznan","status":"publish","type":"post","link":"https:\/\/wartapoznan.pl\/index.php\/2024\/03\/01\/wpip-mardom-sp-z-o-o-sponsorem-sekcji-amp-futbolu-warty-poznan\/","title":{"rendered":"WPIP \u2013 Mardom Sp. z o.o. sponsorem sekcji amp futbolu Warty Pozna\u0144"},"content":{"rendered":"<p><strong>Bardzo nam mi\u0142o powita\u0107 w Zielonej Rodzinie firm\u0119 W.P.I.P. &#8211; Mardom, kt\u00f3ra b\u0119dzie sponsorem sekcji amp futbolu Warty Pozna\u0144 w rozpoczynaj\u0105cym si\u0119 w\u0142a\u015bnie sezonie 2024. Dzi\u0119kujemy za zaufanie!<\/strong><\/p>\n<p>\u201eZieloni\u201d b\u0119d\u0105 bronili w tym roku br\u0105zowych medali mistrzostw Polski w pi\u0142ce no\u017cnej dla os\u00f3b po amputacjach lub z niedow\u0142adem ko\u0144czyn. Trzecie miejsce wywalczone w poprzedniej edycji PZU Amp Futbol Ekstraklasy to najwi\u0119kszy sukces tej dru\u017cyny Warty Pozna\u0144. Do podmiot\u00f3w wspieraj\u0105cych amp futbolist\u00f3w do\u0142\u0105czy\u0142a w\u0142a\u015bnie firma budowlana W.P.I.P. &#8211; Mardom, kt\u00f3ra zosta\u0142a sponsorem sekcji.<\/p>\n<p>&#8211; <em>Cieszymy si\u0119, \u017ce do grona partner\u00f3w Warty Pozna\u0144, obok wykonawcy WPIP Construction, do\u0142\u0105cza r\u00f3wnie\u017c sp\u00f3\u0142ka W.P.I.P. &#8211; Mardom. To dla nas wa\u017cny dow\u00f3d na to, \u017ce wsp\u00f3\u0142praca jest efektywna i obie strony chc\u0105 j\u0105 prowadzi\u0107 w jeszcze bardziej zaawansowanej formie. Firma W.P.I.P. &#8211; Mardom b\u0119dzie wspiera\u0142a sekcj\u0119 amp futbolu, kt\u00f3ra ju\u017c w ten weekend rozpoczyna kolejny sezon w PZU Amp Futbol Ekstraklasie<\/em> &#8211; m\u00f3wi Artur Meissner, prezes Warty Pozna\u0144.<\/p>\n<p>&#8211; <em>Mo\u017cliwo\u015b\u0107 wsparcia dru\u017cyny Amp Futbol to dla nas zaszczyt oraz zupe\u0142nie nowe do\u015bwiadczenie. Warta Pozna\u0144 to klub z tradycjami , a sportowc\u00f3w klubu\u00a0 cechuje wysoki poziom umiej\u0119tno\u015bci, dlatego wierzymy, \u017ce nasze wsparcie umo\u017cliwi rozw\u00f3j dru\u017cyny, pozwoli na realizacj\u0119 za\u0142o\u017conych cel\u00f3w trenera, co w przysz\u0142o\u015bci prze\u0142o\u017cy si\u0119 na wy\u015bmienite wyniki dru\u017cyny<\/em> &#8211; dodaje Jan Kuraszkiewicz, prezes W.P.I.P. Mardom.<\/p>\n<p><img loading=\"lazy\" decoding=\"async\" width=\"2000\" height=\"1334\" class=\"alignnone size-full wp-image-28930\" src=\"https:\/\/wartapoznan.pl\/wp-content\/uploads\/2024\/03\/wpip-mardom-29-02-24-3_e_m.jpg\" alt=\"\" srcset=\"https:\/\/wartapoznan.pl\/wp-content\/uploads\/2024\/03\/wpip-mardom-29-02-24-3_e_m.jpg 2000w, https:\/\/wartapoznan.pl\/wp-content\/uploads\/2024\/03\/wpip-mardom-29-02-24-3_e_m-1536x1025.jpg 1536w, https:\/\/wartapoznan.pl\/wp-content\/uploads\/2024\/03\/wpip-mardom-29-02-24-3_e_m-300x200.jpg 300w, https:\/\/wartapoznan.pl\/wp-content\/uploads\/2024\/03\/wpip-mardom-29-02-24-3_e_m-128x85.jpg 128w, https:\/\/wartapoznan.pl\/wp-content\/uploads\/2024\/03\/wpip-mardom-29-02-24-3_e_m-32x21.jpg 32w\" sizes=\"(max-width: 2000px) 100vw, 2000px\" \/>Nowy sponsor amp futbolist\u00f3w Warty Pozna\u0144 to firma o ponad 30-letniej historii. Jest jednym z czo\u0142owych Generalnych Wykonawc\u00f3w inwestycji budowlanych w Poznaniu. Firma wykreowa\u0142a w\u0142asne standardy dzia\u0142ania, kt\u00f3rymi kieruje si\u0119 przy wsp\u00f3\u0142pracy z inwestorami i podwykonawcami. Podstaw\u0105 wszelkich dzia\u0142a\u0144 jest rzetelno\u015b\u0107 i terminowo\u015b\u0107, kt\u00f3ra przek\u0142ada si\u0119 na wysok\u0105 jako\u015b\u0107 wykonania powierzonych realizacji.<\/p>\n<p>&#8222;Szanuj\u0105c dokonania przesz\u0142o\u015bci, zmierza ku przysz\u0142o\u015bci. Zrealizowali\u015bmy wiele r\u00f3\u017cnorodnych inwestycji. Zaczynaj\u0105c od remont\u00f3w budynk\u00f3w u\u017cytku publicznego, przechodz\u0105c przez budownictwo przemys\u0142owe, na kameralnych osiedlach i kompleksach mieszkalnych ko\u0144cz\u0105c&#8221; &#8211; czytamy na <a href=\"https:\/\/wpip-mardom.pl\">https:\/\/wpip-mardom.pl<\/a><\/p>\n<p><strong>Dzi\u0119kujemy sp\u00f3\u0142ce za zaufanie w imieniu ca\u0142ej Zielonej Rodziny! Kibic\u00f3w oraz sympatyk\u00f3w Warty Pozna\u0144 zach\u0119camy natomiast do korzystania z us\u0142ug partner\u00f3w i sponsor\u00f3w klubu.<\/strong><\/p>\n","protected":false},"excerpt":{"rendered":"<p>Bardzo nam mi\u0142o powita\u0107 w Zielonej Rodzinie firm\u0119 W.P.I.P. &#8211; Mardom, kt\u00f3ra b\u0119dzie sponsorem sekcji amp futbolu Warty Pozna\u0144 w&#8230;<\/p>\n","protected":false},"author":36,"featured_media":28929,"comment_status":"closed","ping_status":"closed","sticky":false,"template":"","format":"standard","meta":{"om_disable_all_campaigns":false,"inline_featured_image":false,"footnotes":"","_links_to":"","_links_to_target":""},"categories":[94,184,1],"tags":[],"aioseo_notices":[],"_links":{"self":[{"href":"https:\/\/wartapoznan.pl\/index.php\/wp-json\/wp\/v2\/posts\/28928"}],"collection":[{"href":"https:\/\/wartapoznan.pl\/index.php\/wp-json\/wp\/v2\/posts"}],"about":[{"href":"https:\/\/wartapoznan.pl\/index.php\/wp-json\/wp\/v2\/types\/post"}],"author":[{"embeddable":true,"href":"https:\/\/wartapoznan.pl\/index.php\/wp-json\/wp\/v2\/users\/36"}],"replies":[{"embeddable":true,"href":"https:\/\/wartapoznan.pl\/index.php\/wp-json\/wp\/v2\/comments?post=28928"}],"version-history":[{"count":3,"href":"https:\/\/wartapoznan.pl\/index.php\/wp-json\/wp\/v2\/posts\/28928\/revisions"}],"predecessor-version":[{"id":28933,"href":"https:\/\/wartapoznan.pl\/index.php\/wp-json\/wp\/v2\/posts\/28928\/revisions\/28933"}],"wp:featuredmedia":[{"embeddable":true,"href":"https:\/\/wartapoznan.pl\/index.php\/wp-json\/wp\/v2\/media\/28929"}],"wp:attachment":[{"href":"https:\/\/wartapoznan.pl\/index.php\/wp-json\/wp\/v2\/media?parent=28928"}],"wp:term":[{"taxonomy":"category","embeddable":true,"href":"https:\/\/wartapoznan.pl\/index.php\/wp-json\/wp\/v2\/categories?post=28928"},{"taxonomy":"post_tag","embeddable":true,"href":"https:\/\/wartapoznan.pl\/index.php\/wp-json\/wp\/v2\/tags?post=28928"}],"curies":[{"name":"wp","href":"https:\/\/api.w.org\/{rel}","templated":true}]}}