{"id":28946,"date":"2024-03-01T21:07:47","date_gmt":"2024-03-01T20:07:47","guid":{"rendered":"https:\/\/wartapoznan.pl\/?p=28946"},"modified":"2024-03-01T21:07:47","modified_gmt":"2024-03-01T20:07:47","slug":"warta-poznan-lepsza-od-cracovii-wygrana-i-awans-w-tabeli","status":"publish","type":"post","link":"https:\/\/wartapoznan.pl\/index.php\/2024\/03\/01\/warta-poznan-lepsza-od-cracovii-wygrana-i-awans-w-tabeli\/","title":{"rendered":"Warta Pozna\u0144 lepsza od Cracovii! Wygrana i awans w tabeli"},"content":{"rendered":"<p><strong>Pi\u0119kna bramka zdobyta przez Tomasa Prikryla w 79. minucie meczu z Cracovi\u0105 da\u0142a Warcie Pozna\u0144 wyjazdowe zwyci\u0119stwo 1:0 w pi\u0105tkowym pojedynku 23. kolejki PKO Bank Polski Ekstraklasy. Dzi\u0119ki sz\u00f3stej wygranej w sezonie \u201eZieloni\u201d awansowali na 9. miejsce w tabeli!<\/strong><\/p>\n<p>Na otwarcie czwartej w tym roku kolejki ligowej dosz\u0142o do starcia dru\u017cyn, kt\u00f3re w tym roku najpierw wygra\u0142y, a potem zanotowa\u0142y po dwa remisy. Krakowianie walczyli o to, \u017ceby przesun\u0105\u0107 si\u0119 w kierunku \u015brodka tabeli, a Warta \u2013 \u017ceby w przypadku zwyci\u0119stwa przeskoczy\u0107 pi\u0105tkowego rywala i oddali\u0107 si\u0119 od strefy spadkowej.<\/p>\n<p>\u201eZieloni\u201d na pocz\u0105tku przej\u0119li kontrol\u0119 nad wydarzeniami na boisku i przez dobre dziesi\u0119\u0107 minut nie pozwalali gospodarzom na zawi\u0105zanie jakiejkolwiek akcji. Poznaniacy mieli rzut ro\u017cny, rzut wolny, wywalczony przez Dario Vizingera, tocz\u0105cego pojedynki z wysokim obro\u0144c\u0105 Eneo Bitrim, do tego kilka do\u015brodkowa\u0144 w pole karne i zablokowany strza\u0142 Macieja \u017burawskiego zza linii pola karnego.<\/p>\n<p>By\u0142a wi\u0119c przewaga, wi\u0119ksze posiadanie pi\u0142ki, ale nie by\u0142o tzw. konkret\u00f3w, czyli realnych okazji do wyj\u015bcia na prowadzenie.<\/p>\n<p>Cracovia takich szans stworzy\u0142a sobie kilka, gdy ju\u017c otrz\u0105sn\u0119\u0142a si\u0119 z pocz\u0105tkowej przewagi Warty. W 11. minucie Patryk Soko\u0142owski strzeli\u0142 celnie z dystansu, ale w \u015brodek bramki. Trzy minut p\u00f3\u017aniej najlepsz\u0105 szans\u0119 bramkow\u0105 w tej cz\u0119\u015bci gry stworzy\u0142 Benjamin Kallman, kt\u00f3ry zagra\u0142 w pole karne do Micha\u0142a Rakoczego, a ten z ok. 10 metr\u00f3w kopn\u0105\u0142 nad poprzeczk\u0105 w sytuacji sam na sam z J\u0119drzejem Grobelnym.<\/p>\n<p>Nasta\u0142 okres, w kt\u00f3rym wi\u0119cej do powiedzenia mia\u0142 zesp\u00f3\u0142 ubrany w pasiaste, bia\u0142o-czerwone pasy. Korzysta\u0142 g\u0142\u00f3wnie z pozna\u0144skich strat pi\u0142ek w \u015brodku pola. Jeszcze w 27. minucie w polu karnym znalaz\u0142 si\u0119 Benjamin Kallman, uderzy\u0142 mocno po ziemi, ale kilka metr\u00f3w obok s\u0142upka.<\/p>\n<p>W ostatnim kwadransie przed przerw\u0105 to zn\u00f3w poznaniacy byli aktywniejsi, ale zawsze czego\u015b brakowa\u0142o, \u017ceby jedn\u0105 czy drug\u0105 wymian\u0119 poda\u0144 zako\u0144czy\u0107 celnym do\u015brodkowaniem lub strza\u0142em na bramk\u0119.<\/p>\n<p>Po\u0142owa zako\u0144czona wynikiem 0:0 oznacza\u0142a, \u017ce Warta mia\u0142a za sob\u0105 ju\u017c 270 minut bez zdobytej i straconej bramki. Licznik biegnie bowiem od drugiej ods\u0142ony meczu z Rakowem Cz\u0119stochowa. W Krakowie zachowanie czystego konta stan\u0119\u0142o pod znakiem zapytania po tym, jak z szatni nie wyszed\u0142 lider defensywy \u201eZielonych\u201d, Dawid Szymonowicz. By\u0142 to prawdopodobnie efekt faulu Jani Atanasova, po kt\u00f3rym Macedo\u0144czyk obejrza\u0142 \u017c\u00f3\u0142t\u0105 kartk\u0119.<\/p>\n<p>Trener Dawid Szulczek wprowadzi\u0142 do gry Bogdana Tiru, a opask\u0119 kapita\u0144sk\u0105 na kilkana\u015bcie minut przej\u0105\u0142 Jakub Bartkowski, kt\u00f3ry przekaza\u0142 j\u0105 p\u00f3\u017aniej Mateuszowi Kupczakowi, gdy ten pojawi\u0142 si\u0119 na boisku w miejsce Stefana Savicia.<\/p>\n<p>Mecz nadal nie by\u0142 wielkim widowiskiem. Na murawie dominowa\u0142a raczej walka, a nadal brakowa\u0142o czystych sytuacji bramkowych. Par\u0119 razy zakot\u0142owa\u0142o si\u0119 wprawdzie w polu karnym poznaniak\u00f3w, ale kibice \u201eZielonych\u201d nie musieli raczej obawia\u0107 si\u0119 o strat\u0119 bramki w tych sytuacjach.<\/p>\n<p>Po drugiej stronie boiska by\u0142o za to kilka szans do tego, by wyj\u015b\u0107 na prowadzenie. W 51. minucie \u0142adnie w biegu strzeli\u0142 Maciej \u017burawski, ale pos\u0142a\u0142 pi\u0142k\u0119 akurat tam, gdzie by\u0142 bramkarz, Sebastian Madejski. Golkiper \u201ePas\u00f3w\u201d by\u0142 te\u017c na swoim miejscu w 65. i 70. minucie, gdy z boku pola karnego dwukrotnie uderza\u0142 Tomas Prikryl. Szczeg\u00f3lnie ta druga pr\u00f3ba by\u0142a efektowna, bo Czech przyj\u0105\u0142 pi\u0142k\u0119 klatk\u0105 piersiow\u0105, a nast\u0119pnie uderzy\u0142 na bramk\u0119 z powietrza.<\/p>\n<p>Je\u015bli kto\u015b narzeka\u0142 na poziom pi\u0105tkowego meczu, to ko\u0144c\u00f3wka spotkania wynagrodzi\u0142a to w znacznym stopniu. Zacz\u0119\u0142o si\u0119 od \u015bwietnego podania Dimitrisa Stavropoulosa na kilkadziesi\u0105t metr\u00f3w. Pi\u0142ka trafi\u0142 do Martona Eppela, kt\u00f3ry zosta\u0142 zablokowany w polu karnym, ale wywalczy\u0142 rzut ro\u017cny. Po do\u015brodkowaniu Mohameda Mezghraniego z naro\u017cnika boiska pi\u0142ka wyl\u0105dowa\u0142a pod nogami Miguela Luisa, kt\u00f3ry skiksowa\u0142 tak szcz\u0119\u015bliwie dla poznaniak\u00f3w, \u017ce Tomas Prikryl znalaz\u0142 si\u0119 w niez\u0142ej sytuacji przed polem karnym. Przymierzy\u0142 idealnie i lew\u0105 nog\u0105 pos\u0142a\u0142 pi\u0142k\u0119 w g\u00f3rny r\u00f3g bramki krakowian. Bramkarz rzuci\u0142 si\u0119, ale nie by\u0142 w stanie obroni\u0107.<\/p>\n<p>By\u0142o 1:0 dla Warty Pozna\u0144 i dobry kwadrans (wraz z doliczonym czasem gry) do ko\u0144ca. Rozpocz\u0119\u0142a si\u0119 wymiana cios\u00f3w. Co ciekawe, wi\u0119cej celnych strza\u0142\u00f3w oddali \u201eZieloni\u201d i byli bli\u017csi podwy\u017cszenia prowadzenia ni\u017c Cracovia \u2013 wyr\u00f3wnania wyniku.<\/p>\n<p>Ze strony gospodarzy w 82. minucie gro\u017anie uderza\u0142 Filip R\u00f3zga, ale J\u0119drzej Grobelny z\u0142apa\u0142 pi\u0142k\u0119. Bramkarz \u201eZielonych\u201d \u015bwietnie zachowa\u0142 si\u0119 te\u017c w 89. minucie, gdy z ponad 25 metr\u00f3w mocno po ziemi kopn\u0105\u0142 Patryk Makuch.<\/p>\n<p>W Warcie Pozna\u0144 dobr\u0105 zmian\u0119 da\u0142 Filip Borowski. Nie tylko by\u0142 aktywny na prawym skrzydle, ale te\u017c dwa razy znalaz\u0142 si\u0119 sytuacjach strzeleckich. W 84. minucie \u0142adnie kopn\u0105\u0142 z powietrza, a trzy minuty p\u00f3\u017aniej zbyt lekko uderzy\u0142 po ziemi, gdy pi\u0142k\u0119 ze skrzyd\u0142a zagra\u0142 mu Konrad Matuszewski. Wreszcie, w 95. minucie Marton Eppel minimalnie niecelnym strza\u0142em zako\u0144czy\u0142 kontratak wyprowadzony przez Miguela Luisa.<\/p>\n<p>\u201eWarciarze\u201d wygrali sz\u00f3sty mecz w tym sezonie, min\u0119li w tabeli Cracovi\u0119 i awansowali na 9. miejsce. Teraz b\u0119d\u0105 czekali na wyniki innych spotka\u0144. Sami wr\u00f3c\u0105 na boisko w poniedzia\u0142ek, 11 marca, gdy na Stadionie Respect Energy w Grodzisku Wlkp. podejm\u0105 \u0141KS \u0141\u00f3d\u017a.<\/p>\n<p><strong>CRACOVIA \u2013 WARTA POZNA\u0143 0:1 (0:0)<br \/>\nBramka:<\/strong> Tomas Prikryl (79. minuta)<br \/>\n<strong>Warta Pozna\u0144:<\/strong> J\u0119drzej Grobelny \u2013 Jakub Bartkowski, Dawid Szymonowicz (46. Bogdan Tiru), Dimitris Stavropoulos \u2013 Mohamed Mezghrani, Miguel Luis, Maciej \u017burawski (69. Konrad Matuszewski), Tomas Prikryl (81. Filip Borowski) \u2013 Kajetan Szmyt, Stefan Savi\u0107 (58. Mateusz Kupczak) \u2013 Dario Vizinger (58. Marton Eppel).<br \/>\n<strong>S\u0119dziowa\u0142<\/strong> Marcin Szczerbowicz z Olsztyna<br \/>\n<strong>Widz\u00f3w: 7601<\/strong><\/p>\n","protected":false},"excerpt":{"rendered":"<p>Pi\u0119kna bramka zdobyta przez Tomasa Prikryla w 79. minucie meczu z Cracovi\u0105 da\u0142a Warcie Pozna\u0144 wyjazdowe zwyci\u0119stwo 1:0 w pi\u0105tkowym&#8230;<\/p>\n","protected":false},"author":36,"featured_media":28948,"comment_status":"closed","ping_status":"closed","sticky":false,"template":"","format":"standard","meta":{"om_disable_all_campaigns":false,"inline_featured_image":false,"footnotes":"","_links_to":"","_links_to_target":""},"categories":[94,100,245,1],"tags":[],"aioseo_notices":[],"_links":{"self":[{"href":"https:\/\/wartapoznan.pl\/index.php\/wp-json\/wp\/v2\/posts\/28946"}],"collection":[{"href":"https:\/\/wartapoznan.pl\/index.php\/wp-json\/wp\/v2\/posts"}],"about":[{"href":"https:\/\/wartapoznan.pl\/index.php\/wp-json\/wp\/v2\/types\/post"}],"author":[{"embeddable":true,"href":"https:\/\/wartapoznan.pl\/index.php\/wp-json\/wp\/v2\/users\/36"}],"replies":[{"embeddable":true,"href":"https:\/\/wartapoznan.pl\/index.php\/wp-json\/wp\/v2\/comments?post=28946"}],"version-history":[{"count":1,"href":"https:\/\/wartapoznan.pl\/index.php\/wp-json\/wp\/v2\/posts\/28946\/revisions"}],"predecessor-version":[{"id":28947,"href":"https:\/\/wartapoznan.pl\/index.php\/wp-json\/wp\/v2\/posts\/28946\/revisions\/28947"}],"wp:featuredmedia":[{"embeddable":true,"href":"https:\/\/wartapoznan.pl\/index.php\/wp-json\/wp\/v2\/media\/28948"}],"wp:attachment":[{"href":"https:\/\/wartapoznan.pl\/index.php\/wp-json\/wp\/v2\/media?parent=28946"}],"wp:term":[{"taxonomy":"category","embeddable":true,"href":"https:\/\/wartapoznan.pl\/index.php\/wp-json\/wp\/v2\/categories?post=28946"},{"taxonomy":"post_tag","embeddable":true,"href":"https:\/\/wartapoznan.pl\/index.php\/wp-json\/wp\/v2\/tags?post=28946"}],"curies":[{"name":"wp","href":"https:\/\/api.w.org\/{rel}","templated":true}]}}