{"id":28997,"date":"2024-03-10T18:55:43","date_gmt":"2024-03-10T17:55:43","guid":{"rendered":"https:\/\/wartapoznan.pl\/?p=28997"},"modified":"2024-03-10T18:55:43","modified_gmt":"2024-03-10T17:55:43","slug":"warta-poznan-kontra-odmieniony-lks-lodz","status":"publish","type":"post","link":"https:\/\/wartapoznan.pl\/index.php\/2024\/03\/10\/warta-poznan-kontra-odmieniony-lks-lodz\/","title":{"rendered":"Warta Pozna\u0144 kontra odmieniony \u0141KS \u0141\u00f3d\u017a"},"content":{"rendered":"<p><strong>O drugie zwyci\u0119stwo z rz\u0119du i drug\u0105 w tym sezonie wygran\u0105 z \u0141KS \u0141\u00f3d\u017a powalcz\u0105 w poniedzia\u0142ek pi\u0142karze Warty Pozna\u0144. Pocz\u0105tek pojedynku 24. kolejki PKO Bank Polski Ekstraklasy o godz. 19 na Stadionie Respect Energy w Grodzisku Wlkp. Kup bilet na <a href=\"https:\/\/bilety.wartapoznan.pl\/\" target=\"_blank\" rel=\"noopener\">bilety.wartapoznan.pl<\/a>, skorzystaj z promocji i wspieraj \u201eZielonych\u201d!<\/strong><\/p>\n<p>To b\u0119dzie starcie dru\u017cyn, z kt\u00f3rych jedna (\u0141KS) nie zdoby\u0142a jeszcze w tym sezonie punktu w meczach wyjazdowych, a druga (Warta) ma najskromniejszy dorobek wywalczony w roli gospodarza. Wprawdzie w dw\u00f3ch ostatnich wyst\u0119pach na Stadionie Respect Energy. \u201eZieloni\u201d zdobyli 4 pkt, m.in. pokonuj\u0105c mistrz\u00f3w Polski z Rakowa Cz\u0119stochowa, to jednak w ca\u0142ym sezonie wywalczyli tylko 10 pkt w Grodzisku Wlkp. i Poznaniu. Warta rozegra\u0142a u siebie jedno spotkanie mniej od Ruchu Chorz\u00f3w i \u0141KS w\u0142a\u015bnie. Je\u015bli w poniedzia\u0142ek pokona beniaminka, przeskoczy w domowej tabeli \u201eNiebieskich\u201d i najbli\u017cszego rywala. Obaj maj\u0105 na razie od poznaniak\u00f3w po jednym meczu wi\u0119cej na swoim stadionie.<\/p>\n<p>Niez\u0142a pozycja w tabeli dla dru\u017cyny trenera Dawida Szulczka po 23 kolejkach to zas\u0142uga przede wszystkim dorobku przywiezionego z wyjazd\u00f3w. Pi\u0105tkowe zwyci\u0119stwo z Cracovi\u0105 by\u0142o ju\u017c czwartym w delegacji, a \u0142\u0105cznie Warta na obcych boiskach zdoby\u0142a 17 pkt, co jest obecnie trzecim najlepszym wynikiem w Ekstraklasie. Przed 24. seri\u0105 spotka\u0144 lepszy w tym zestawieniu by\u0142 tylko lider, \u015al\u0105sk Wroc\u0142aw, oraz Pogo\u0144 Szczecin.<\/p>\n<p><img loading=\"lazy\" decoding=\"async\" width=\"1500\" height=\"1000\" class=\"aligncenter size-full wp-image-29011\" src=\"https:\/\/wartapoznan.pl\/wp-content\/uploads\/2024\/03\/LKSWAR_Zurawski_www.jpg\" alt=\"Cracovia - Warta Pozna\u0144. Maciej \u017burawski\" srcset=\"https:\/\/wartapoznan.pl\/wp-content\/uploads\/2024\/03\/LKSWAR_Zurawski_www.jpg 1500w, https:\/\/wartapoznan.pl\/wp-content\/uploads\/2024\/03\/LKSWAR_Zurawski_www-300x200.jpg 300w, https:\/\/wartapoznan.pl\/wp-content\/uploads\/2024\/03\/LKSWAR_Zurawski_www-128x85.jpg 128w, https:\/\/wartapoznan.pl\/wp-content\/uploads\/2024\/03\/LKSWAR_Zurawski_www-32x21.jpg 32w\" sizes=\"(max-width: 1500px) 100vw, 1500px\" \/><\/p>\n<p>\u201eZieloni\u201d s\u0105 te\u017c w czo\u0142\u00f3wce dru\u017cyn najlepiej punktuj\u0105cych w 2024 roku (4. miejsce za Pogoni\u0105, Stal\u0105 Mielec i G\u00f3rnikiem Zabrze), a tak\u017ce jako jedna z trzech ekip (obok Pogoni i Legii Warszawa) pozostaj\u0105 bez pora\u017cki w drugiej cz\u0119\u015bci sezonu.<\/p>\n<p>Taki stan rzeczy to zas\u0142uga przede wszystkim szczelnej defensywy. Dobra gra obronna zespo\u0142u i postawa bramkarza, J\u0119drzeja Grobelnego sprawi\u0142y, \u017ce rywale nie strzelili gola w meczach z Wart\u0105 Pozna\u0144 ju\u017c od 315 minut, a w jedyn\u0105 w tym roku bramk\u0119 straci\u0142a ona po rzucie karnym w meczu z Rakowem Cz\u0119stochowa. Trener Dawid Szulczek przyznaje jednak: &#8211; <em>No mieli\u015bmy te\u017c troch\u0119 szcz\u0119\u015bcia, je\u015bli chodzi o nasze pole karne, bo przeciwnicy mieli kilka sytuacji, ale ich nie wykorzystali. Natomiast nie ma co ukrywa\u0107, \u017ce my w obronie generalnie funkcjonujemy dobrze i jeste\u015bmy w niej dobrze zorganizowani.<\/em><\/p>\n<p>Druga strona medalu jest taka, \u017ce zaanga\u017cowanie du\u017cych si\u0142 w dzia\u0142ania obronne, wp\u0142ywa na to, jak poznaniacy prezentowali si\u0119 w ofensywie. Na plus by\u0142y tu z pewno\u015bci\u0105: pierwsza po\u0142owa starcia z Rakowem i druga na stadionie Cracovii. Poza tym jednak stwarzanie sytuacji bramkowych przychodzi\u0142o dru\u017cynie z trudem.<\/p>\n<p><img loading=\"lazy\" decoding=\"async\" width=\"1500\" height=\"1000\" class=\"aligncenter size-full wp-image-29012\" src=\"https:\/\/wartapoznan.pl\/wp-content\/uploads\/2024\/03\/Trening_przed_WARLKS_1_www.jpg\" alt=\"Trening Warty Pozna\u0144 przed meczem z \u0141KS \u0141\u00f3d\u017a. Trener Dawid Szulczek\" srcset=\"https:\/\/wartapoznan.pl\/wp-content\/uploads\/2024\/03\/Trening_przed_WARLKS_1_www.jpg 1500w, https:\/\/wartapoznan.pl\/wp-content\/uploads\/2024\/03\/Trening_przed_WARLKS_1_www-300x200.jpg 300w, https:\/\/wartapoznan.pl\/wp-content\/uploads\/2024\/03\/Trening_przed_WARLKS_1_www-128x85.jpg 128w, https:\/\/wartapoznan.pl\/wp-content\/uploads\/2024\/03\/Trening_przed_WARLKS_1_www-32x21.jpg 32w\" sizes=\"(max-width: 1500px) 100vw, 1500px\" \/>Trener Szulczek podkre\u015bla, \u017ce on i jego pi\u0142karze w ka\u017cdym meczu chc\u0105 gra\u0107 do przodu. \u2013 <em>Naszym celem, gdy mamy pi\u0142k\u0119, jest dostanie si\u0119 z ni\u0105 do trzeciej tercji, stworzenie sytuacji i zdobycie bramki. Wiemy, \u017ce niekiedy jest to dla nas du\u017cym wyzwaniem, natomiast mam nadziej\u0119, \u017ce z ka\u017cdym meczem b\u0119dzie z tym lepiej. Pewnie jednak co\u015b tym jest, \u017ce tracimy ma\u0142o bramek, bo mamy wi\u0119cej ludzi, kt\u00f3rzy s\u0105 za lini\u0105 pi\u0142ki i kt\u00f3rzy w dzia\u0142aniach boiskowych najpierw my\u015bl\u0105 o obronie, ale finalnie takie podej\u015bcie przynosi nam punkty<\/em> \u2013 analizuje szkoleniowiec i dodaje: &#8211; <em>Wierz\u0119 w to, \u017ce wr\u00f3cimy do takiego sposobu gry, jak w zesz\u0142ym sezonie, gdy byli\u015bmy w g\u00f3rnej po\u0142owie tabeli, je\u015bli chodzi o bramki zdobyte po atakach pozycyjnych.<\/em><\/p>\n<p>Ju\u017c drugi raz w rundzie rewan\u017cowej Warta Pozna\u0144 ma do rozegrania dwa mecze w tygodniu, co jest poprzedzone 9-dniow\u0105 przerw\u0105 w wyst\u0119pach. I tak jak po poniedzia\u0142kowym starciu z Radomiakiem przyszed\u0142 wyjazdowy pojedynek z Cracovi\u0105, tak teraz cztery dni po meczu z \u0141KS \u0141\u00f3d\u017a, \u201eWarciarzy\u201d b\u0119d\u0105 czeka\u0142y derby Poznania z Lechem.<\/p>\n<p>&#8211; <em>Na pewno nie ma znaczenia to, w jaki dzie\u0144 tygodnia gramy, a to, jak wygl\u0105da mikrocykl treningowy przed danym meczem. Gdyby\u015bmy grali np. w same poniedzia\u0142ki, to mieliby\u015bmy przez ca\u0142y czas klasyczny mikrocykl. Inaczej jest, gdy jeden okres jest bardzo d\u0142ugi, a drugi maksymalnie kr\u00f3tki. Wiemy to jednak z odpowiednim wyprzedzeniem i tak planujemy obci\u0105\u017cenia, \u017ceby wszystko by\u0142o OK<\/em> \u2013 t\u0142umaczy trener Warty Pozna\u0144, kt\u00f3ry w poniedzia\u0142kowym meczu b\u0119dzie m\u00f3g\u0142 liczy\u0107 na t\u0119 sam\u0105 kadr\u0119 zawodnik\u00f3w, co w Krakowie. A to oznacza, \u017ce wci\u0105\u017c niezdolni do gry s\u0105 Adam Zrelak i Kacper Przyby\u0142ko oraz Micha\u0142 Kopczy\u0144ski.<\/p>\n<p><img loading=\"lazy\" decoding=\"async\" width=\"1500\" height=\"1000\" class=\"aligncenter size-full wp-image-29014\" src=\"https:\/\/wartapoznan.pl\/wp-content\/uploads\/2024\/03\/Trening_przed_WARLKS_2_www.jpg\" alt=\"Trening Warty Pozna\u0144 przed meczem z \u0141KS \u0141\u00f3d\u017a. Mateusz Kupczak, Dario Vizinger\" srcset=\"https:\/\/wartapoznan.pl\/wp-content\/uploads\/2024\/03\/Trening_przed_WARLKS_2_www.jpg 1500w, https:\/\/wartapoznan.pl\/wp-content\/uploads\/2024\/03\/Trening_przed_WARLKS_2_www-300x200.jpg 300w, https:\/\/wartapoznan.pl\/wp-content\/uploads\/2024\/03\/Trening_przed_WARLKS_2_www-128x85.jpg 128w, https:\/\/wartapoznan.pl\/wp-content\/uploads\/2024\/03\/Trening_przed_WARLKS_2_www-32x21.jpg 32w\" sizes=\"(max-width: 1500px) 100vw, 1500px\" \/><\/p>\n<p>Go\u015bcie przyjad\u0105 do Grodziska Wlkp. po niedzielnym zwyci\u0119stwie 3:2 z Puszcz\u0105 Niepo\u0142omice. Dla \u0142odzian by\u0142a to dopiero trzecia wygrana w sezonie i pierwsza od 20 sierpnia 2023 roku, kiedy to pokonali na swoim terenie Pogo\u0144 Szczecin 1:0 (wcze\u015bniej natomiast zwyci\u0119\u017cyli 2:1 w starciu z Koron\u0105 Kielce w 3. kolejce). By\u0142o to jeszcze w momencie, gdy trenerem \u0141KS by\u0142 Kazimierz Moskal. 12 pa\u017adziernika zast\u0105pi\u0142 go Piotr Stokowiec, a od 20 lutego za wyniki beniaminka odpowiada 40-letni Marcin Matysiak, kt\u00f3ry wcze\u015bniej pracowa\u0142 w Akademii \u0141Ks, by\u0142 trenerem drugiego zespo\u0142u, a tak\u017ce asystentem w sztabie Piotra Stokowca.<\/p>\n<p>&#8211; <em>Wygrana z Puszcz\u0105 nie zmieni\u0142a mojego zdania na temat \u0141KS. Uwa\u017cam, \u017ce ten zesp\u00f3\u0142 gra lepiej ju\u017c od pierwszego w tym roku starcia, z Koron\u0105 Kielce. Wp\u0142yw na to maj\u0105 na pewno transfery takich zawodnik\u00f3w jak Husein Bali\u0107 czy Rahil Mammadov, kt\u00f3rzy dodaj\u0105 dru\u017cynie jako\u015bci. Gdyby obaj byli w \u0141KS od pocz\u0105tku sezonu, to nasz rywal mia\u0142by dzi\u015b wi\u0119cej punkt\u00f3w<\/em> \u2013 m\u00f3wi Dawid Szulczek, kt\u00f3ry tak charakteryzuje dru\u017cyn\u0119 z \u0141odzi: &#8211; <em>Zawodnicy \u0141KS lubi\u0105 mie\u0107 pi\u0142k\u0119 przy nodze, podejmuj\u0105 wiele dzia\u0142a\u0144 indywidualnych: gracze ofensywni potrafi\u0105 dobrze operowa\u0107 pi\u0142k\u0105 w \u015brodku pola, a tak\u017ce pokiwa\u0107 si\u0119 na skrzydle. Spodziewam si\u0119 tego, \u017ce \u0141KS b\u0119dzie chcia\u0142 mie\u0107 inicjatyw\u0119 w tym meczu. To zesp\u00f3\u0142, kt\u00f3ry potrafi strzela\u0107 gole i w polu karnym jest gro\u017aniejszy ni\u017c by\u0142 jesieni\u0105.<\/em><\/p>\n<p>Trener Warty Pozna\u0144 zaznacza, \u017ce b\u0119dzie wymaga\u0142 od swoich pi\u0142karzy nie tylko tego, by wytr\u0105cili atuty z r\u0105k przeciwnika: \u2013 <em>Licz\u0119 na to, \u017ce b\u0119dziemy dobrze zorganizowani, \u017ce b\u0119dziemy trzymali nasz\u0105 struktur\u0119 ataku i w obronie, a w momentach, w kt\u00f3rych przejmiemy pi\u0142k\u0119, b\u0119dziemy bardziej potrafili cieszy\u0107 si\u0119 gr\u0105 i przede wszystkim tworzy\u0107 wi\u0119cej sytuacji pod bramk\u0105 \u0141KS.<\/em><\/p>\n<p><a href=\"https:\/\/wartapoznan.pl\/index.php\/2024\/02\/28\/kup-bilet-na-mecz-warta-poznan-lks-lodz-rabat-az-do-30\/\" target=\"_blank\" rel=\"noopener\">Kup bilet na mecz i skorzysta z rabatu 30%<\/a><\/p>\n<p>Mecz Warta Pozna\u0144 \u2013 \u0141KS \u0141\u00f3d\u017a rozpocznie si\u0119 w poniedzia\u0142ek, 11 marca o godz.19 na Stadionie Respect Energy w Grodzisku Wlkp. S\u0119dzi\u0105 b\u0119dzie Marcin Kochanek, niespe\u0142na 33-letni arbiter z Opola. Transmisja w Canal+ Sport i Canal+ Online oraz na antenie MC Radia, na 102,7 FM i w Internecie. Wej\u015bci\u00f3wki s\u0105 do nabycia na <a href=\"https:\/\/bilety.wartapoznan.pl\/\" target=\"_blank\" rel=\"noopener\">bilety.wartapoznan.pl<\/a><\/p>\n","protected":false},"excerpt":{"rendered":"<p>O drugie zwyci\u0119stwo z rz\u0119du i drug\u0105 w tym sezonie wygran\u0105 z \u0141KS \u0141\u00f3d\u017a powalcz\u0105 w poniedzia\u0142ek pi\u0142karze Warty Pozna\u0144&#8230;.<\/p>\n","protected":false},"author":36,"featured_media":29013,"comment_status":"closed","ping_status":"closed","sticky":false,"template":"","format":"standard","meta":{"om_disable_all_campaigns":false,"inline_featured_image":false,"footnotes":"","_links_to":"","_links_to_target":""},"categories":[94,100,245,1],"tags":[],"aioseo_notices":[],"_links":{"self":[{"href":"https:\/\/wartapoznan.pl\/index.php\/wp-json\/wp\/v2\/posts\/28997"}],"collection":[{"href":"https:\/\/wartapoznan.pl\/index.php\/wp-json\/wp\/v2\/posts"}],"about":[{"href":"https:\/\/wartapoznan.pl\/index.php\/wp-json\/wp\/v2\/types\/post"}],"author":[{"embeddable":true,"href":"https:\/\/wartapoznan.pl\/index.php\/wp-json\/wp\/v2\/users\/36"}],"replies":[{"embeddable":true,"href":"https:\/\/wartapoznan.pl\/index.php\/wp-json\/wp\/v2\/comments?post=28997"}],"version-history":[{"count":3,"href":"https:\/\/wartapoznan.pl\/index.php\/wp-json\/wp\/v2\/posts\/28997\/revisions"}],"predecessor-version":[{"id":29015,"href":"https:\/\/wartapoznan.pl\/index.php\/wp-json\/wp\/v2\/posts\/28997\/revisions\/29015"}],"wp:featuredmedia":[{"embeddable":true,"href":"https:\/\/wartapoznan.pl\/index.php\/wp-json\/wp\/v2\/media\/29013"}],"wp:attachment":[{"href":"https:\/\/wartapoznan.pl\/index.php\/wp-json\/wp\/v2\/media?parent=28997"}],"wp:term":[{"taxonomy":"category","embeddable":true,"href":"https:\/\/wartapoznan.pl\/index.php\/wp-json\/wp\/v2\/categories?post=28997"},{"taxonomy":"post_tag","embeddable":true,"href":"https:\/\/wartapoznan.pl\/index.php\/wp-json\/wp\/v2\/tags?post=28997"}],"curies":[{"name":"wp","href":"https:\/\/api.w.org\/{rel}","templated":true}]}}