{"id":29198,"date":"2024-03-28T14:33:11","date_gmt":"2024-03-28T13:33:11","guid":{"rendered":"https:\/\/wartapoznan.pl\/?p=29198"},"modified":"2024-03-28T14:33:11","modified_gmt":"2024-03-28T13:33:11","slug":"warciarz-pociag-kolei-wielkopolskich-w-barwach-warty-poznan-oficjalnie-zaprezentowany","status":"publish","type":"post","link":"https:\/\/wartapoznan.pl\/index.php\/2024\/03\/28\/warciarz-pociag-kolei-wielkopolskich-w-barwach-warty-poznan-oficjalnie-zaprezentowany\/","title":{"rendered":"Warciarz \u2013 poci\u0105g Kolei Wielkopolskich w barwach Warty Pozna\u0144 oficjalnie zaprezentowany"},"content":{"rendered":"<p><strong>&#8211; <em>Tym poci\u0105giem kibice b\u0119d\u0105 mogli dotrze\u0107 nie tylko na najbli\u017cszy mecz z Zag\u0142\u0119biem Lubin, ale tak\u017ce na wszystkie mecze w Grodzisku Wlkp. w tym i nast\u0119pnym sezonie<\/em> \u2013 m\u00f3wi Miko\u0142aj Grzyb z zarz\u0105du Kolei Wielkopolskich, kt\u00f3re w pi\u0105tkowe popo\u0142udnie na Dworcu Letnim uroczy\u015bcie zaprezentowa\u0142y pojazd w barwach Warty Pozna\u0144.<\/strong><\/p>\n<p>Z g\u0142o\u015bnik\u00f3w s\u0142ycha\u0107 by\u0142o utw\u00f3r Welshly Arms \u201eLegendary\u201d, kt\u00f3ry od lat towarzyszy pi\u0142karzom \u201eZielonych\u201d wychodz\u0105cych na mecz, by\u0142a odpowiednia oprawa \u015bwietlna i liczni go\u015bcie. W takich okoliczno\u015bciach na peron Dworca Letniego w Poznaniu wjecha\u0142 pojazd szynowy SA 132 \u2013 009. Na przednim wy\u015bwietlaczu mia\u0142 napis \u201eWarciarz\u201d, a spo\u015br\u00f3d innych sk\u0142ad\u00f3w wyr\u00f3\u017cnia\u0142 si\u0119 efektownym oklejeniem w barwach najstarszego klubu pi\u0142karskiego w Poznaniu.<\/p>\n<p><img loading=\"lazy\" decoding=\"async\" width=\"1500\" height=\"1000\" class=\"aligncenter size-full wp-image-29201\" src=\"https:\/\/wartapoznan.pl\/wp-content\/uploads\/2024\/03\/5A7A7549_www.jpg\" alt=\"Warciarz, prezentacja poci\u0105gu Kolei Wielkopolskich w barwach Warty Pozna\u0144\" srcset=\"https:\/\/wartapoznan.pl\/wp-content\/uploads\/2024\/03\/5A7A7549_www.jpg 1500w, https:\/\/wartapoznan.pl\/wp-content\/uploads\/2024\/03\/5A7A7549_www-300x200.jpg 300w, https:\/\/wartapoznan.pl\/wp-content\/uploads\/2024\/03\/5A7A7549_www-128x85.jpg 128w, https:\/\/wartapoznan.pl\/wp-content\/uploads\/2024\/03\/5A7A7549_www-32x21.jpg 32w\" sizes=\"(max-width: 1500px) 100vw, 1500px\" \/><\/p>\n<p>To by\u0142 oficjalny debiut poci\u0105gu Kolei Wielkopolskich \u2013 pierwszego tego typu w Polsce, bo w ca\u0142o\u015bci pokrytego kolorami klubu pi\u0142karskiego i z jego herbem. Pojazd ma ju\u017c zwyczajow\u0105 nazw\u0119 i b\u0119dzie regularnie kursowa\u0142 na trasach z Poznania do Wolsztyna oraz z Poznania do W\u0105growca. Ale nie tylko. Kibic\u00f3w Warty z pewno\u015bci\u0105 ucieszy fakt, i\u017c poci\u0105giem w klubowych barwach b\u0119dzie mo\u017cna uda\u0107 si\u0119 na mecz do Grodziska Wlkp.<\/p>\n<p><em><img loading=\"lazy\" decoding=\"async\" width=\"1500\" height=\"1000\" class=\"aligncenter size-full wp-image-29202\" src=\"https:\/\/wartapoznan.pl\/wp-content\/uploads\/2024\/03\/5A7A7556_www.jpg\" alt=\"Warciarz, prezentacja poci\u0105gu Kolei Wielkopolskich w barwach Warty Pozna\u0144, Miko\u0142aj Grzyb\" srcset=\"https:\/\/wartapoznan.pl\/wp-content\/uploads\/2024\/03\/5A7A7556_www.jpg 1500w, https:\/\/wartapoznan.pl\/wp-content\/uploads\/2024\/03\/5A7A7556_www-300x200.jpg 300w, https:\/\/wartapoznan.pl\/wp-content\/uploads\/2024\/03\/5A7A7556_www-128x85.jpg 128w, https:\/\/wartapoznan.pl\/wp-content\/uploads\/2024\/03\/5A7A7556_www-32x21.jpg 32w\" sizes=\"(max-width: 1500px) 100vw, 1500px\" \/><\/em><\/p>\n<p><em>&#8211; Nasza wsp\u00f3\u0142praca z Wart\u0105 Pozna\u0144 trwa ju\u017c od niemal pi\u0119ciu lat. Pocz\u0105tkowo dotyczy\u0142a wsparcia sekcji amp futbolu i byli\u015bmy z niej szczeg\u00f3lnie dumni, gdy rok temu Marcin Oleksy odebra\u0142 nagrod\u0119 w plebiscycie FIFA Puskas Award. Cieszyli\u015bmy si\u0119, \u017ce mieli\u015bmy symboliczny wk\u0142ad w ten sukces. Teraz te\u017c jeste\u015bmy bardzo dumni, bo mamy przekonanie, \u017ce partnerstwo z Akademi\u0105 Warty Pozna\u0144 to krok w dobr\u0105 stron\u0119, poniewa\u017c wspieramy w ten spos\u00f3b m\u0142odych pi\u0142karzy i pi\u0142karki. Trzymamy za nich kciuki<\/em> \u2013 m\u00f3wi Miko\u0142aj Grzyb, cz\u0142onek zarz\u0105du Kolei Wielkopolskich, i dodaje: <em>\u2013 Ten pi\u0119kny poci\u0105g zaraz po prezentacji wejdzie do rozk\u0142adu i b\u0119dzie kursowa\u0142 na trasach do W\u0105growca i Wolsztyna. Ponadto pojazd b\u0119dzie dost\u0119pny dla kibic\u00f3w Warty Pozna\u0144, kt\u00f3ry b\u0119d\u0105 mogli komfortowo i punktualnie dotrze\u0107 na mecz w Grodzisku Wlkp. Nie tylko na ten jeden mecz, ale tak\u017ce na wszystkie mecze w Grodzisku w tym i nast\u0119pnym sezonie.<\/em><\/p>\n<p><img loading=\"lazy\" decoding=\"async\" width=\"1500\" height=\"1000\" class=\"aligncenter size-full wp-image-29204\" src=\"https:\/\/wartapoznan.pl\/wp-content\/uploads\/2024\/03\/5A7A7530_www.jpg\" alt=\"Warciarz, prezentacja poci\u0105gu Kolei Wielkopolskich w barwach Warty Pozna\u0144; wicemarsza\u0142ek wojew\u00f3dztwa wielkopolskiego, Wojciech Jankowiak\" srcset=\"https:\/\/wartapoznan.pl\/wp-content\/uploads\/2024\/03\/5A7A7530_www.jpg 1500w, https:\/\/wartapoznan.pl\/wp-content\/uploads\/2024\/03\/5A7A7530_www-300x200.jpg 300w, https:\/\/wartapoznan.pl\/wp-content\/uploads\/2024\/03\/5A7A7530_www-128x85.jpg 128w, https:\/\/wartapoznan.pl\/wp-content\/uploads\/2024\/03\/5A7A7530_www-32x21.jpg 32w\" sizes=\"(max-width: 1500px) 100vw, 1500px\" \/><\/p>\n<p>Obecny na spotkaniu wicemarsza\u0142ek wojew\u00f3dztwa wielkopolskiego, Wojciech Jankowiak chwali\u0142 ide\u0119 wsp\u00f3\u0142pracy lokalnego przewo\u017anika i klubu pi\u0142karskiego: \u2013 <em>Ciesz\u0119 si\u0119, \u017ce zosta\u0142 zrealizowany projekt, w kt\u00f3rym mamy klub z pi\u0119kn\u0105, d\u0142ug\u0105 histori\u0105, jego promocj\u0119, po\u0142\u0105czon\u0105 z promowaniem przewoz\u00f3w kolejowych. \u017bycz\u0119 tej inicjatywie powodzenia i tego, by wsp\u00f3lne dzia\u0142anie przynios\u0142o jak najlepsze rezultaty.<\/em><\/p>\n<p><img loading=\"lazy\" decoding=\"async\" width=\"1500\" height=\"1000\" class=\"aligncenter size-full wp-image-29205\" src=\"https:\/\/wartapoznan.pl\/wp-content\/uploads\/2024\/03\/5A7A7542_www.jpg\" alt=\"Warciarz, prezentacja poci\u0105gu Kolei Wielkopolskich w barwach Warty Pozna\u0144; prezes Artur Meissner\" srcset=\"https:\/\/wartapoznan.pl\/wp-content\/uploads\/2024\/03\/5A7A7542_www.jpg 1500w, https:\/\/wartapoznan.pl\/wp-content\/uploads\/2024\/03\/5A7A7542_www-300x200.jpg 300w, https:\/\/wartapoznan.pl\/wp-content\/uploads\/2024\/03\/5A7A7542_www-128x85.jpg 128w, https:\/\/wartapoznan.pl\/wp-content\/uploads\/2024\/03\/5A7A7542_www-32x21.jpg 32w\" sizes=\"(max-width: 1500px) 100vw, 1500px\" \/><\/p>\n<p>&#8211; <em>Cieszymy si\u0119, \u017ce nasza wsp\u00f3\u0142praca z Kolejami Wielkopolskimi ci\u0105gle si\u0119 rozwija. A zaprezentowany w\u0142a\u015bnie poci\u0105g jest tego kolejnym, naocznym dowodem. Taki pojazd w barwach klubowych to nowo\u015b\u0107 nie tylko wielkopolskich torach, ale r\u00f3wnie\u017c w skali kraju. Jest dla nas powodem do rado\u015bci i dumy z faktu, \u017ce tworzymy wsp\u00f3ln\u0105 histori\u0119 i w taki symboliczny spos\u00f3b mo\u017cemy zaznaczy\u0107 obecno\u015b\u0107 Warty Pozna\u0144 w naszym regionie<\/em> \u2013 m\u00f3wi prezes Warty Pozna\u0144, Artur Meissner. \u2013 <em>Mo\u017cliwo\u015b\u0107 dojazdu \u201eWarciarzem\u201d na mecze w Grodzisku Wlkp. to cenna inicjatywa. Jest wygodn\u0105 i bezpieczn\u0105 opcj\u0105, a na dodatek promuje transport publiczny, kt\u00f3ry jest rozwi\u0105zaniem ekologicznym. Takie rozwi\u0105zania wspieramy jako klub.<\/em><\/p>\n<p><img loading=\"lazy\" decoding=\"async\" width=\"1500\" height=\"1000\" class=\"aligncenter size-full wp-image-29203\" src=\"https:\/\/wartapoznan.pl\/wp-content\/uploads\/2024\/03\/5A7A7573_www.jpg\" alt=\"Warciarz, prezentacja poci\u0105gu Kolei Wielkopolskich w barwach Warty Pozna\u0144. Fotele Recaro\" srcset=\"https:\/\/wartapoznan.pl\/wp-content\/uploads\/2024\/03\/5A7A7573_www.jpg 1500w, https:\/\/wartapoznan.pl\/wp-content\/uploads\/2024\/03\/5A7A7573_www-300x200.jpg 300w, https:\/\/wartapoznan.pl\/wp-content\/uploads\/2024\/03\/5A7A7573_www-128x85.jpg 128w, https:\/\/wartapoznan.pl\/wp-content\/uploads\/2024\/03\/5A7A7573_www-32x21.jpg 32w\" sizes=\"(max-width: 1500px) 100vw, 1500px\" \/><\/p>\n<p>Pojazd szynowy typu SA 132 ma 130 miejsc siedz\u0105cych, a komfortowo mo\u017ce nim podr\u00f3\u017cowa\u0107 ok. 180 os\u00f3b. Na czterech podr\u00f3\u017cnych czekaj\u0105 w \u201eWarciarzu\u201d specjalne fotele \u2013 przygotowane przez firm\u0119 Recaro zielone siedziska z wyhaftowanym, bia\u0142ym herbem Warty Pozna\u0144.<\/p>\n","protected":false},"excerpt":{"rendered":"<p>&#8211; Tym poci\u0105giem kibice b\u0119d\u0105 mogli dotrze\u0107 nie tylko na najbli\u017cszy mecz z Zag\u0142\u0119biem Lubin, ale tak\u017ce na wszystkie mecze&#8230;<\/p>\n","protected":false},"author":36,"featured_media":29200,"comment_status":"closed","ping_status":"closed","sticky":false,"template":"","format":"standard","meta":{"om_disable_all_campaigns":false,"inline_featured_image":false,"footnotes":"","_links_to":"","_links_to_target":""},"categories":[94,253,100,1],"tags":[],"aioseo_notices":[],"_links":{"self":[{"href":"https:\/\/wartapoznan.pl\/index.php\/wp-json\/wp\/v2\/posts\/29198"}],"collection":[{"href":"https:\/\/wartapoznan.pl\/index.php\/wp-json\/wp\/v2\/posts"}],"about":[{"href":"https:\/\/wartapoznan.pl\/index.php\/wp-json\/wp\/v2\/types\/post"}],"author":[{"embeddable":true,"href":"https:\/\/wartapoznan.pl\/index.php\/wp-json\/wp\/v2\/users\/36"}],"replies":[{"embeddable":true,"href":"https:\/\/wartapoznan.pl\/index.php\/wp-json\/wp\/v2\/comments?post=29198"}],"version-history":[{"count":2,"href":"https:\/\/wartapoznan.pl\/index.php\/wp-json\/wp\/v2\/posts\/29198\/revisions"}],"predecessor-version":[{"id":29206,"href":"https:\/\/wartapoznan.pl\/index.php\/wp-json\/wp\/v2\/posts\/29198\/revisions\/29206"}],"wp:featuredmedia":[{"embeddable":true,"href":"https:\/\/wartapoznan.pl\/index.php\/wp-json\/wp\/v2\/media\/29200"}],"wp:attachment":[{"href":"https:\/\/wartapoznan.pl\/index.php\/wp-json\/wp\/v2\/media?parent=29198"}],"wp:term":[{"taxonomy":"category","embeddable":true,"href":"https:\/\/wartapoznan.pl\/index.php\/wp-json\/wp\/v2\/categories?post=29198"},{"taxonomy":"post_tag","embeddable":true,"href":"https:\/\/wartapoznan.pl\/index.php\/wp-json\/wp\/v2\/tags?post=29198"}],"curies":[{"name":"wp","href":"https:\/\/api.w.org\/{rel}","templated":true}]}}