{"id":29271,"date":"2024-04-04T12:00:30","date_gmt":"2024-04-04T10:00:30","guid":{"rendered":"https:\/\/wartapoznan.pl\/?p=29271"},"modified":"2024-04-03T20:29:52","modified_gmt":"2024-04-03T18:29:52","slug":"jak-grali-wypozyczeni-zawodnicy-warty-poznan-raport-135","status":"publish","type":"post","link":"https:\/\/wartapoznan.pl\/index.php\/2024\/04\/04\/jak-grali-wypozyczeni-zawodnicy-warty-poznan-raport-135\/","title":{"rendered":"Jak grali wypo\u017cyczeni zawodnicy Warty Pozna\u0144 \u2013 raport"},"content":{"rendered":"<p><strong>Szymon Sarbinowski popisa\u0142 si\u0119 klasycznym hat-trickiem &#8211; zdoby\u0142 trzy kolejne bramki w jednej po\u0142owie i zapewni\u0142 Flocie \u015awinouj\u015bcie wygran\u0105 3:0 nad Poloni\u0105 \u015aroda Wlkp. Z kolei gol Miko\u0142aja Rakowskiego pozwoli\u0142 odnie\u015b\u0107 sensacyjne zwyci\u0119stwo Unii Solec Kujawski nad \u015awitem Skolwin.<\/strong><\/p>\n<p>Po sobotnim wyst\u0119pie Szymon Sarbinowski ma ju\u017c siedem trafie\u0144 w tym sezonie. W pojedynku z Poloni\u0105 \u015aroda Wlkp. zawodnik wypo\u017cyczony z Warty Pozna\u0144 strzeli\u0142 wszystkie gole i to w zaledwie p\u00f3\u0142 godziny. Za ka\u017cdym razem by\u0142 najsprytniejszy w polu karnym rywali, a szczeg\u00f3lnej urody by\u0142a bramka na 3:0. Szymon Sarbinowski zdoby\u0142 j\u0105 po strzale tzw. przewrotk\u0105.<\/p>\n<p>Gole mo\u017cna obejrze\u0107 w skr\u00f3cie wideo (akcje od 2:45, 4:15 i 5:25):<\/p>\n<p><iframe title=\"YouTube video player\" src=\"https:\/\/www.youtube.com\/embed\/HpfN2Wp_FiE?si=k6_scdYmnzOuS3ge\" frameborder=\"0\" allowfullscreen=\"allowfullscreen\"><\/iframe><\/p>\n<p>Bohaterem swojej dru\u017cyny w tej \u015bwi\u0105tecznej kolejce by\u0142 tak\u017ce Miko\u0142aj Rakowski. Unia Solec Kujawski to obecnie przedostatni zesp\u00f3\u0142 w tabeli grupy 2 III ligi, ale potrafi\u0142 niespodziewanie pokona\u0107 lidera, \u015awit Skolwin, dla kt\u00f3rego by\u0142a to dopiero druga pora\u017cka w sezonie. O wyniku 1:0 dla gospodarzy zdecydowa\u0142a skuteczna dobitka zawodnika, kt\u00f3ry jest wypo\u017cyczony z Warty Pozna\u0144. Akcja od 2:57 w poni\u017cszym materiale:<\/p>\n<p><iframe title=\"YouTube video player\" src=\"https:\/\/www.youtube.com\/embed\/Lx2pUOgMQaQ?si=tJoeFsXPXBX6VwbX\" frameborder=\"0\" allowfullscreen=\"allowfullscreen\"><\/iframe><\/p>\n<p>Przeczytaj raport i dowiedz si\u0119, jak poradzili sobie inni gracze, kt\u00f3rzy wyst\u0119puj\u0105 obecnie w klubach z ni\u017cszych lig na zasadzie transferu czasowego z ekipy &#8222;Zielonych&#8221;.<\/p>\n<p><strong>Wiktor Ple\u015bnierowicz, 23 lata, obro\u0144ca (Polonia Warszawa, I liga)<\/strong><br \/>\n\u2013 90 minut i \u017c\u00f3\u0142ta kartka w meczu ze Zniczem Pruszk\u00f3w (0:0)<br \/>\n<strong>\u2013 wyst\u0119py na wypo\u017cyczeniu w sezonie 2023\/24:<\/strong> 4 (235 minut)<\/p>\n<p><strong>Wiktor Kami\u0144ski, 20 lat, napastnik (Sandecja Nowy S\u0105cz, II liga)<\/strong><br \/>\n\u2013 gra\u0142 do 73. minuty i zosta\u0142 napomniany \u017c\u00f3\u0142t\u0105 kartk\u0105 w meczu ze Stal\u0105 Stalowa Wola (1:2)<br \/>\n<strong>\u2013 wyst\u0119py na wypo\u017cyczeniu w sezonie 2023\/24:<\/strong> 6 (325 minut)<\/p>\n<p><strong>Jakub Sangowski, 22 lata, napastnik (Olimpia Elbl\u0105g, II liga)<\/strong><br \/>\n\u2013 gra\u0142 od 56. minuty w meczu z Wis\u0142\u0105 Pu\u0142awy (0:4)<br \/>\n<strong>\u2013 wyst\u0119py na wypo\u017cyczeniu w sezonie 2023\/24:<\/strong> 15 (916 minut, 4 gole)<\/p>\n<p><strong>Filip Jakubowski, 19 lat, obro\u0144ca (Podhale Nowy Targ, III liga)<\/strong><br \/>\n\u2013 zawieszony za czerwon\u0105 kartk\u0119 &#8211; nie gra\u0142 w meczu z Avi\u0105 \u015awidnik (0:0)<br \/>\n<strong>\u2013 wyst\u0119py w sezonie 2023\/24:<\/strong> 18 (1442 minuty, 1 gol)<\/p>\n<p><strong>Aleksander Kultys, 19 lat, obro\u0144ca (Sok\u00f3\u0142 Kleczew, III liga)<\/strong><br \/>\n\u2013 90 minut w meczu z Pogoni\u0105 Nowe Skalmierzyce (1:1)<br \/>\n<strong>\u2013 wyst\u0119py w sezonie 2023\/24:<\/strong> 17 (1370 minut, 1 gol)<\/p>\n<p><strong>Mateusz Kustosz, 21 lat, bramkarz, (Carina Gubin, III liga)<\/strong><br \/>\n&#8211; 90 minut w meczu ze Stilonem Gorz\u00f3w (1:5)<br \/>\n<strong>\u2013 wyst\u0119py na wypo\u017cyczeniu w sezonie 2023\/24:<\/strong> 10 (900 minut)<\/p>\n<p><strong>Leo Przybylak, 19 lat, bramkarz (Olimpia Zambr\u00f3w, III liga)<\/strong><br \/>\n\u2013 90 minut w meczu ze \u015awitem Nowy Dw\u00f3r Mazowiecki (2:2)<br \/>\n<strong>\u2013 wyst\u0119py w sezonie 2023\/24:<\/strong> 21 (1890 minut)<\/p>\n<p><strong>Miko\u0142aj Rakowski, 22 lata, pomocnik (Unia Solec Kujawski, III liga)<\/strong><br \/>\n\u2013 gra\u0142 od 60. minuty i zdoby\u0142 bramk\u0119 w meczu ze \u015awitem Skolwin (1:0)<br \/>\n<strong>\u2013 wyst\u0119py w sezonie 2023\/24:<\/strong> 6 (363 minuty, 1 gol)<\/p>\n<p><strong>Szymon Sarbinowski, 20 lat, pomocnik (Flota \u015awinouj\u015bcie, III liga)<\/strong><br \/>\n\u2013 gra\u0142 do 81. minuty i zdoby\u0142 3 bramki w meczu z Poloni\u0105 \u015aroda Wlkp. (3:0)<br \/>\n<strong>\u2013 wyst\u0119py w sezonie 2023\/24:<\/strong> 18 (1130 minut, 7 gole)<\/p>\n<p><strong>Miko\u0142aj Stangel, 19 lat, pomocnik (Polonia \u015aroda Wlkp., III liga)<\/strong><br \/>\n\u2013 gra\u0142 do 57. minuty, kiedy to zobaczy\u0142 drug\u0105 \u017c\u00f3\u0142t\u0105 i czerwon\u0105 kartk\u0119 w meczu z Flot\u0105 \u015awinouj\u015bcie (0:3)<br \/>\n<strong>\u2013 wyst\u0119py w sezonie 2023\/24:<\/strong> 14 (1212 minut, 1 gol)<\/p>\n<p><strong>Igor Sta\u0144czak, 17 lat, pomocnik (Warta Gorz\u00f3w, III liga)<\/strong><br \/>\n\u2013 gra\u0142 do 34. minuty w meczu z Gwarkiem Tarnowskie G\u00f3ry (2:0)<br \/>\n<strong>\u2013 wyst\u0119py na wypo\u017cyczeniu w sezonie 2023\/24:<\/strong> 5 (225 minut)<\/p>\n<p><strong>Jakub Wajman, 18 lat, pomocnik (Sok\u00f3\u0142 Kleczew, III liga)<\/strong><br \/>\n\u2013 90 minut i \u017c\u00f3\u0142ta kartka w meczu z Pogoni\u0105 Nowe Skalmierzyce (1:1)<br \/>\n<strong>\u2013 wyst\u0119py na wypo\u017cyczeniu w sezonie 2023\/24:<\/strong> 5 (425 minut, 1 gol)<\/p>\n<p><strong>Mi\u0142osz W\u00f3decki<\/strong>, <strong>20 lat, pomocnik (Polonia \u015aroda Wlkp., III liga)<\/strong><br \/>\n\u2013 nie gra\u0142 w meczu z Flot\u0105 \u015awinouj\u015bcie (0:3)<br \/>\n<strong>\u2013 wyst\u0119py w sezonie 2023\/24:<\/strong> 16 (764 minuty, 1 gol)<\/p>\n<p><strong>Szymon Soi\u0144ski, 20 lat, obro\u0144ca (Lipno St\u0119szew, IV liga)<\/strong><br \/>\n\u2013 nie gra\u0142 w meczu z Poloni\u0105 Chodzie\u017c (2:2)<br \/>\n<strong>\u2013 wyst\u0119py w sezonie 2023\/24:<\/strong> 16 (803 minuty).<\/p>\n","protected":false},"excerpt":{"rendered":"<p>Szymon Sarbinowski popisa\u0142 si\u0119 klasycznym hat-trickiem &#8211; zdoby\u0142 trzy kolejne bramki w jednej po\u0142owie i zapewni\u0142 Flocie \u015awinouj\u015bcie wygran\u0105 3:0&#8230;<\/p>\n","protected":false},"author":36,"featured_media":26428,"comment_status":"closed","ping_status":"closed","sticky":false,"template":"","format":"standard","meta":{"om_disable_all_campaigns":false,"inline_featured_image":false,"footnotes":"","_links_to":"","_links_to_target":""},"categories":[94,100,250,1],"tags":[],"aioseo_notices":[],"_links":{"self":[{"href":"https:\/\/wartapoznan.pl\/index.php\/wp-json\/wp\/v2\/posts\/29271"}],"collection":[{"href":"https:\/\/wartapoznan.pl\/index.php\/wp-json\/wp\/v2\/posts"}],"about":[{"href":"https:\/\/wartapoznan.pl\/index.php\/wp-json\/wp\/v2\/types\/post"}],"author":[{"embeddable":true,"href":"https:\/\/wartapoznan.pl\/index.php\/wp-json\/wp\/v2\/users\/36"}],"replies":[{"embeddable":true,"href":"https:\/\/wartapoznan.pl\/index.php\/wp-json\/wp\/v2\/comments?post=29271"}],"version-history":[{"count":7,"href":"https:\/\/wartapoznan.pl\/index.php\/wp-json\/wp\/v2\/posts\/29271\/revisions"}],"predecessor-version":[{"id":29345,"href":"https:\/\/wartapoznan.pl\/index.php\/wp-json\/wp\/v2\/posts\/29271\/revisions\/29345"}],"wp:featuredmedia":[{"embeddable":true,"href":"https:\/\/wartapoznan.pl\/index.php\/wp-json\/wp\/v2\/media\/26428"}],"wp:attachment":[{"href":"https:\/\/wartapoznan.pl\/index.php\/wp-json\/wp\/v2\/media?parent=29271"}],"wp:term":[{"taxonomy":"category","embeddable":true,"href":"https:\/\/wartapoznan.pl\/index.php\/wp-json\/wp\/v2\/categories?post=29271"},{"taxonomy":"post_tag","embeddable":true,"href":"https:\/\/wartapoznan.pl\/index.php\/wp-json\/wp\/v2\/tags?post=29271"}],"curies":[{"name":"wp","href":"https:\/\/api.w.org\/{rel}","templated":true}]}}