{"id":29305,"date":"2024-04-05T12:32:52","date_gmt":"2024-04-05T10:32:52","guid":{"rendered":"https:\/\/wartapoznan.pl\/?p=29305"},"modified":"2024-04-05T12:42:35","modified_gmt":"2024-04-05T10:42:35","slug":"umowa-filipa-tondera-z-warta-poznan-przedluzona","status":"publish","type":"post","link":"https:\/\/wartapoznan.pl\/index.php\/2024\/04\/05\/umowa-filipa-tondera-z-warta-poznan-przedluzona\/","title":{"rendered":"Umowa Filipa Tondera z Wart\u0105 Pozna\u0144 przed\u0142u\u017cona"},"content":{"rendered":"<p><strong>Lider klasyfikacji strzelc\u00f3w Centralnej Ligi Junior\u00f3w U-19, Filip Tonder zosta\u0142 w\u0142\u0105czony do kadry pierwszej dru\u017cyny Warty Pozna\u0144, a kontrakt 19-letniego napastnika obowi\u0105zuje teraz do ko\u0144ca czerwca 2026 roku.<\/strong><\/p>\n<p>\u2013\u00a0<em>Jestem szcz\u0119\u015bliwy, \u017ce moja praca przez ostatnie miesi\u0105ce zosta\u0142a doceniona, co zaowocowa\u0142o podpisaniem profesjonalnego kontraktu z Wart\u0105 Pozna\u0144. Na pewno b\u0119dzie mnie to motywowa\u0142o do dalszej pracy i polepszania swoich wynik\u00f3w<\/em> \u2013 m\u00f3wi\u0142 Filip Tonder, gdy niespe\u0142na dwa miesi\u0105ce temu zosta\u0142 w\u0142\u0105czony do systemu stypendialnego dla wyr\u00f3\u017cniaj\u0105cych si\u0119 zawodnik\u00f3w Akademii Warty Pozna\u0144.<\/p>\n<p>Ostatnie p\u00f3\u0142rocze to intensywny okres dla m\u0142odego napastnika \u201eZielonych\u201d. Ju\u017c w rundzie jesiennej zacz\u0105\u0142 pojawia\u0107 si\u0119 na treningach pierwszej dru\u017cyny, a trener Dawid Szulczek wystawia\u0142 go do gry w meczach sparingowych. Teraz Filip Tonder ma ju\u017c za sob\u0105 debiut w oficjalnym spotkaniu Warty Pozna\u0144 po tym, jak pojawi\u0142 si\u0119 na boisku w meczu derbowym z Lechem. Zawodnik zosta\u0142 te\u017c w\u0142\u0105czony do kadry pierwszego zespo\u0142u.<\/p>\n<p>Nadal w meczach mistrzowskich wyst\u0119puje jednak przede wszystkim w rozgrywkach Centralnej Ligi Junior\u00f3w, w kt\u00f3rej Warta Pozna\u0144 zajmuje obecnie trzecie miejsce, ze strat\u0105 dw\u00f3ch punkt\u00f3w do wicelidera, Legii Warszawa i z jednym meczem wi\u0119cej do rozegrania. M\u0142odzi \u201eWarciarze\u201d s\u0105 najskuteczniejszym zespo\u0142em w stawce \u2013 w 20 spotkaniach zdobyli 61 bramek. Blisko jedna czwarta z nich pad\u0142a po strza\u0142ach Filipa Tondera, kt\u00f3ry z 15 trafieniami jest najlepszym strzelcem tej edycji CLJ.<\/p>\n<p>&#8211; <em>Przed\u0142u\u017cenie kontraktu Filipa Tondera o kolejne dwa lata to dow\u00f3d na to, \u017ce Warta Pozna\u0144 chce stawia\u0107 i stawia na m\u0142odych, perspektywicznych zawodnik\u00f3w. Dla nich samych z kolei to sygna\u0142, \u017ce droga z Akademii Warty Pozna\u0144 do pierwszego zespo\u0142u nie jest d\u0142uga: trzeba na co dzie\u0144 ci\u0119\u017cko pracowa\u0107 i robi\u0107 wszystko, by jak najlepiej wykorzysta\u0107 sw\u00f3j talent<\/em> \u2013 m\u00f3wi prezes Warty Pozna\u0144, Artur Meissner.<\/p>\n<p>Filip Tonder urodzi\u0142 si\u0119 w Grodzisku Wlkp., ale pochodzi z Buku. Dotychczas wyst\u0119powa\u0142 w Skrze Wielkopolska Otusz, Lechu Pozna\u0144, Akademii Pi\u0142karskiej Reissa, a do Warty Pozna\u0144 trafi\u0142 latem 2023 roku po rocznym pobycie w Lechii Gda\u0144sk.<\/p>\n","protected":false},"excerpt":{"rendered":"<p>Lider klasyfikacji strzelc\u00f3w Centralnej Ligi Junior\u00f3w U-19, Filip Tonder zosta\u0142 w\u0142\u0105czony do kadry pierwszej dru\u017cyny Warty Pozna\u0144, a kontrakt 19-letniego&#8230;<\/p>\n","protected":false},"author":36,"featured_media":29307,"comment_status":"closed","ping_status":"closed","sticky":false,"template":"","format":"standard","meta":{"om_disable_all_campaigns":false,"inline_featured_image":false,"footnotes":"","_links_to":"","_links_to_target":""},"categories":[95,94,100,245,1],"tags":[],"aioseo_notices":[],"_links":{"self":[{"href":"https:\/\/wartapoznan.pl\/index.php\/wp-json\/wp\/v2\/posts\/29305"}],"collection":[{"href":"https:\/\/wartapoznan.pl\/index.php\/wp-json\/wp\/v2\/posts"}],"about":[{"href":"https:\/\/wartapoznan.pl\/index.php\/wp-json\/wp\/v2\/types\/post"}],"author":[{"embeddable":true,"href":"https:\/\/wartapoznan.pl\/index.php\/wp-json\/wp\/v2\/users\/36"}],"replies":[{"embeddable":true,"href":"https:\/\/wartapoznan.pl\/index.php\/wp-json\/wp\/v2\/comments?post=29305"}],"version-history":[{"count":1,"href":"https:\/\/wartapoznan.pl\/index.php\/wp-json\/wp\/v2\/posts\/29305\/revisions"}],"predecessor-version":[{"id":29306,"href":"https:\/\/wartapoznan.pl\/index.php\/wp-json\/wp\/v2\/posts\/29305\/revisions\/29306"}],"wp:featuredmedia":[{"embeddable":true,"href":"https:\/\/wartapoznan.pl\/index.php\/wp-json\/wp\/v2\/media\/29307"}],"wp:attachment":[{"href":"https:\/\/wartapoznan.pl\/index.php\/wp-json\/wp\/v2\/media?parent=29305"}],"wp:term":[{"taxonomy":"category","embeddable":true,"href":"https:\/\/wartapoznan.pl\/index.php\/wp-json\/wp\/v2\/categories?post=29305"},{"taxonomy":"post_tag","embeddable":true,"href":"https:\/\/wartapoznan.pl\/index.php\/wp-json\/wp\/v2\/tags?post=29305"}],"curies":[{"name":"wp","href":"https:\/\/api.w.org\/{rel}","templated":true}]}}