{"id":29321,"date":"2024-04-05T09:36:32","date_gmt":"2024-04-05T07:36:32","guid":{"rendered":"https:\/\/wartapoznan.pl\/?p=29321"},"modified":"2024-04-06T09:38:31","modified_gmt":"2024-04-06T07:38:31","slug":"rozklad-gier-akademii-2","status":"publish","type":"post","link":"https:\/\/wartapoznan.pl\/index.php\/2024\/04\/05\/rozklad-gier-akademii-2\/","title":{"rendered":"Rozk\u0142ad gier Akademii"},"content":{"rendered":"<p><strong>Przed nami pierwsza ligowa kolejka w kwietniu. Ile punkt\u00f3w tym razem zdob\u0119d\u0105 nasze zespo\u0142y?<\/strong><\/p>\n<p><strong>Warta Pozna\u0144 &#8211; LFA Szczecin<\/strong><br \/>\n<em>10. kolejka Centralnej Ligi Juniorek do lat 16<\/em><br \/>\nNiedziela, godz. 18:00 &#8211; Grodzisk Wlkp.<\/p>\n<p><strong>Warta Pozna\u0144 WU-13<\/strong><br \/>\n<em>Progress Cup<\/em><br \/>\nKleszcz\u00f3w<\/p>\n<p><strong>Warta Pozna\u0144 &#8211; Widzew \u0141\u00f3d\u017a<\/strong><br \/>\n<em>22. kolejka Centralnej Ligi Junior\u00f3w do lat 19<\/em><br \/>\nSobota, godz. 14:00 &#8211; Pozna\u0144, ul. Gda\u0144ska<\/p>\n<p><strong>Warta Pozna\u0144 &#8211; Arka Gdynia<\/strong><br \/>\n<em>23. kolejka Centralnej Ligi Junior\u00f3w do lat 17<\/em><br \/>\nSobota, godz. 14:00 &#8211; Grodzisk Wlkp.<\/p>\n<p><strong>Lech Pozna\u0144 &#8211; Warta Pozna\u0144<\/strong><br \/>\n<em>6. kolejka Centralnej Ligi Junior\u00f3w do lat 15<\/em><br \/>\nSobota, godz. 11:00 &#8211; Popowo<\/p>\n<p><strong>Krajna Wyrzysk &#8211; Warta Pozna\u0144<\/strong><br \/>\n<em>Liga Wojew\u00f3dzka do lat 12<\/em><br \/>\nSobota, godz. 10:30 &#8211; Wyrzysk<\/p>\n<p><strong>Warta Pozna\u0144 &#8211; MKS Przemys\u0142aw<\/strong><br \/>\n<em>Rozgrywki ligowe do lat 11<\/em><br \/>\nNiedziela, godz. 10:20 &#8211; Pozna\u0144, ul. Harcerska<\/p>\n<p><strong>Warta Pozna\u0144 U-10<\/strong><br \/>\n<em>Turniej SBG Cup<\/em><br \/>\nJarocin<\/p>\n<p><strong>Warta Pozna\u0144 U-9<\/strong><br \/>\n<em>Centnas Cup<\/em><br \/>\nKrotoszyn<\/p>\n<p><strong>Warta Pozna\u0144 U-8 &#8211; Tarnovia Tarnowo U-9<\/strong><br \/>\nSobota, godz. 8:30 &#8211; Tarnowo Podg\u00f3rne<\/p>\n<p>Trzymamy mocno za Was kciuki!<\/p>\n","protected":false},"excerpt":{"rendered":"<p>Przed nami pierwsza ligowa kolejka w kwietniu. Ile punkt\u00f3w tym razem zdob\u0119d\u0105 nasze zespo\u0142y? Warta Pozna\u0144 &#8211; LFA Szczecin 10&#8230;.<\/p>\n","protected":false},"author":36,"featured_media":28561,"comment_status":"closed","ping_status":"closed","sticky":false,"template":"","format":"standard","meta":{"om_disable_all_campaigns":false,"inline_featured_image":false,"footnotes":"","_links_to":"","_links_to_target":""},"categories":[95,1],"tags":[],"aioseo_notices":[],"_links":{"self":[{"href":"https:\/\/wartapoznan.pl\/index.php\/wp-json\/wp\/v2\/posts\/29321"}],"collection":[{"href":"https:\/\/wartapoznan.pl\/index.php\/wp-json\/wp\/v2\/posts"}],"about":[{"href":"https:\/\/wartapoznan.pl\/index.php\/wp-json\/wp\/v2\/types\/post"}],"author":[{"embeddable":true,"href":"https:\/\/wartapoznan.pl\/index.php\/wp-json\/wp\/v2\/users\/36"}],"replies":[{"embeddable":true,"href":"https:\/\/wartapoznan.pl\/index.php\/wp-json\/wp\/v2\/comments?post=29321"}],"version-history":[{"count":1,"href":"https:\/\/wartapoznan.pl\/index.php\/wp-json\/wp\/v2\/posts\/29321\/revisions"}],"predecessor-version":[{"id":29322,"href":"https:\/\/wartapoznan.pl\/index.php\/wp-json\/wp\/v2\/posts\/29321\/revisions\/29322"}],"wp:featuredmedia":[{"embeddable":true,"href":"https:\/\/wartapoznan.pl\/index.php\/wp-json\/wp\/v2\/media\/28561"}],"wp:attachment":[{"href":"https:\/\/wartapoznan.pl\/index.php\/wp-json\/wp\/v2\/media?parent=29321"}],"wp:term":[{"taxonomy":"category","embeddable":true,"href":"https:\/\/wartapoznan.pl\/index.php\/wp-json\/wp\/v2\/categories?post=29321"},{"taxonomy":"post_tag","embeddable":true,"href":"https:\/\/wartapoznan.pl\/index.php\/wp-json\/wp\/v2\/tags?post=29321"}],"curies":[{"name":"wp","href":"https:\/\/api.w.org\/{rel}","templated":true}]}}