{"id":29672,"date":"2024-04-30T18:30:26","date_gmt":"2024-04-30T16:30:26","guid":{"rendered":"https:\/\/wartapoznan.pl\/?p=29672"},"modified":"2025-10-09T16:15:27","modified_gmt":"2025-10-09T14:15:27","slug":"udany-start-warty-poznan-w-rozgrywkach-polskiej-ligi-blind-footballu","status":"publish","type":"post","link":"https:\/\/wartapoznan.pl\/index.php\/2024\/04\/30\/udany-start-warty-poznan-w-rozgrywkach-polskiej-ligi-blind-footballu\/","title":{"rendered":"Udany start Warty Pozna\u0144 w rozgrywkach Polskiej Ligi Blind Footballu"},"content":{"rendered":"<p><strong>Dwa zwyci\u0119stwa w trzech meczach odnios\u0142a dru\u017cyna Warty Pozna\u0144 w rozegranym w Krakowie pierwszym turnieju sezonu Polskiej Ligi Blind Footballu. <em>\u2013 Jestem bardzo zadowolony z postawy zawodnik\u00f3w i zawodniczek<\/em> \u2013 m\u00f3wi trener \u201eZielonych\u201d, Krzysztof Apolinarski.<\/strong><\/p>\n<p>Dru\u017cyna pi\u0142ki no\u017cnej dla os\u00f3b niewidomych i niedowidz\u0105cych funkcjonuje w Warcie Pozna\u0144 ju\u017c trzeci rok. Trenerem jest Krzysztof Apolinarski, kt\u00f3ry jest te\u017c w sztabie reprezentacji Polski w tej odmianie futbolu. Warto pami\u0119ta\u0107 o tym, \u017ce to tak\u017ce by\u0142y bramkarz ligowej dru\u017cyny Warty Pozna\u0144, kt\u00f3ry w jej barwach rozegra\u0142 m.in. cztery mecze w Ekstraklasie, w sezonie 1994\/95.<\/p>\n<p>Teraz Krzysztof Apolinarski prowadzi ekip\u0119 blind footballu, a ta jest jednym z za\u0142o\u017cycieli krajowej ligi, kt\u00f3ra w\u0142a\u015bnie zainaugurowa\u0142a rozgrywki o mistrzostwo Polski. W ostatni weekend kwietnia odby\u0142 si\u0119 pierwszy turniej, kt\u00f3rego gospodarzem by\u0142a Wis\u0142a Krak\u00f3w. Poza ni\u0105 i Wart\u0105 Pozna\u0144, o punkty walczy\u0142y te\u017c ekipy \u015al\u0105ska Wroc\u0142aw, Rekordu Bielsko-Bia\u0142a, i Niez\u0142omnych Zabrze. W stolicy Ma\u0142opolski \u201eZieloni\u201d nie zmierzyli si\u0119 tylko ze \u015al\u0105skiem.<\/p>\n<p>Dru\u017cynie z Poznania nie uda\u0142 si\u0119 tylko debiutancki wyst\u0119p przeciwko Wi\u015ble Krak\u00f3w, kt\u00f3ra wygra\u0142a zdecydowanie, 4:0. \u2013 <em>Wis\u0142a to aktualny zdobywca Pucharu Polski, zesp\u00f3\u0142 naszpikowany kadrowiczami. Wyj\u015bciowa czw\u00f3rka Wis\u0142y jest w\u0142a\u015bciwie z\u0142o\u017cona z reprezentant\u00f3w Polski<\/em> \u2013 m\u00f3wi trener Apolinarski. \u2013 <em>Byli\u015bmy ustawieni mocno defensywnie i starali\u015bmy si\u0119 kontratakowa\u0107. D\u0142ugimi momentami obrona prezentowa\u0142a si\u0119 bardzo dobrze, stawiali\u015bmy op\u00f3r i do przerwy by\u0142o tylko 0:1. Potem jednak rywale nas ju\u017c zm\u0119czyli i posypa\u0142y si\u0119 kolejne gole.<\/em><\/p>\n<p>W meczu z Wis\u0142\u0105 trenerzy Warty musieli ju\u017c my\u015ble\u0107 o drugim sobotnim meczu, w kt\u00f3rym rywalem byli Niez\u0142omni Zabrze. Tym razem to poznaniacy byli faworytem i wywi\u0105zali si\u0119 z tej roli jak nale\u017cy. Wygrali 3:0, ustalaj\u0105c wynik ju\u017c do przerwy po dw\u00f3ch trafieniach Paw\u0142a Micha\u0142owskiego i jednym Patryka Iksa. \u2013 <em>W tym meczu dobre zmiany dali zmiennicy i zmienniczki. Jestem bardzo zadowolony z ich postawy, na pewno pozwolili odpocz\u0105\u0107 zawodnikom z wyj\u015bciowego sk\u0142adu.<\/em><\/p>\n<p><img loading=\"lazy\" decoding=\"async\" width=\"1500\" height=\"1000\" class=\"aligncenter size-full wp-image-29674\" src=\"https:\/\/wartapoznan.pl\/wp-content\/uploads\/2024\/04\/blind_krakow.jpg\" alt=\"Warta Pozna\u0144 blind football\" srcset=\"https:\/\/wartapoznan.pl\/wp-content\/uploads\/2024\/04\/blind_krakow.jpg 1500w, https:\/\/wartapoznan.pl\/wp-content\/uploads\/2024\/04\/blind_krakow-300x200.jpg 300w, https:\/\/wartapoznan.pl\/wp-content\/uploads\/2024\/04\/blind_krakow-128x85.jpg 128w, https:\/\/wartapoznan.pl\/wp-content\/uploads\/2024\/04\/blind_krakow-32x21.jpg 32w\" sizes=\"(max-width: 1500px) 100vw, 1500px\" \/>Nazajutrz, w drugim dniu turnieju by\u0142y zaplanowane tylko dwa mecze, w\u015br\u00f3d nich starcie Warty z Rekordem, kt\u00f3ry po sobocie mia\u0142 na koncie jeden punkt za bezbramkowy remis z Niez\u0142omnymi. Pojedynek Warty z Rekordem rozstrzygn\u0119\u0142a jedna bramka, zdobyta po indywidualnej akcji Paw\u0142a Micha\u0142owskiego. \u2013 <em>Dru\u017cyna z Bielska-Bia\u0142ej przyj\u0119\u0142a zasad\u0119, \u017ce pi\u0142ka mo\u017ce przej\u015b\u0107, zawodnik nie. By\u0142o wi\u0119c du\u017co walki wr\u0119cz, du\u017co fauli dru\u017cyny naszych rywali. Na dodatek dzi\u0119ki dobrej postawie bramkarzy Rekordu ci\u0119\u017cko by\u0142o nam pos\u0142a\u0107 pi\u0142k\u0119 do siatki. Uda\u0142o si\u0119 jednak zdoby\u0107 bramk\u0119, wygra\u0107 1:0 i rado\u015b\u0107 by\u0142a du\u017ca, mimo \u017ce zwyci\u0119stwo by\u0142o do\u015b\u0107 mocno wym\u0119czone. Liczy\u0142em w tym meczu na wi\u0119cej, bo mam \u015bwiadomo\u015b\u0107, \u017ce bramki mog\u0105 si\u0119 liczy\u0107 w ko\u0144cowym rozrachunku<\/em> \u2013 m\u00f3wi trener Warty Pozna\u0144.<\/p>\n<p>Krzysztof Apolinarski tak ocenia turniej w Krakowie i wyst\u0119p \u201eZielonych\u201d: &#8211; <em>Zar\u00f3wno od strony sportowej, jak i organizacyjnej by\u0142 to pozytywny turniej. Wis\u0142a Krak\u00f3w w\u0142o\u017cy\u0142a ogrom pracy, \u017ceby to wygl\u0105da\u0142o: i je\u015bli chodzi o zaplecze, jak i transmisje z mecz\u00f3w. Czapki z g\u0142\u00f3w. Z naszej strony by\u0142o du\u017co walki, du\u017co dobrej gry. Jestem bardzo zadowolony z wielu element\u00f3w. Poprawili\u015bmy komunikacj\u0119 na boisku, kt\u00f3ra jest bardzo istotn\u0105 spraw\u0105, a prowadzenie pi\u0142ki te\u017c wygl\u0105da\u0142o bardzo poprawnie. Mn\u00f3stwo strza\u0142\u00f3w oddali\u015bmy w tych meczach, trzeba jeszcze tylko popracowa\u0107 nad celno\u015bci\u0105, \u017ceby pi\u0142ka wpada\u0142a do bramki. Nie b\u0119d\u0119 wyr\u00f3\u017cnia\u0142 personalnie \u017cadnego z zawodnik\u00f3w, poniewa\u017c jeste\u015bmy jednym zespo\u0142em i wszyscy pracujemy na wsp\u00f3lny wynik. Ka\u017cdy do\u0142o\u017cy\u0142 swoj\u0105 cegie\u0142k\u0119 do tych 6 pkt i po pierwszej kolejce zajmujemy drugie miejsce w tabeli. Ponadto, jestem bardzo zadowolony z postawy zawodnik\u00f3w i zawodniczek. Turniej pokaza\u0142, \u017ce stanowimy fajny zesp\u00f3\u0142 nie tylko pod wzgl\u0119dem sportowym, ale jest to te\u017c po prostu fajna grupa ludzi. Mamy \u015bwietn\u0105 atmosfer\u0119 w dru\u017cynie i bardzo, bardzo si\u0119 z tego ciesz\u0119.<\/em><\/p>\n<p>Kolejny turniej zostanie rozegrany 7-8 czerwca we Wroc\u0142awiu.<\/p>\n<p><strong>Warta Pozna\u0144 zagra\u0142a w sk\u0142adzie:<\/strong> \u0141ukasz Niemier (bramkarz), \u0141ukasz Pawlik, Pawe\u0142 Micha\u0142owski, Patryk Iks, Micha\u0142 Ma\u0142achowski oraz Leszek Kaczmarek, Adrian Kucza, Kinga Przewo\u017ana, Natalia Kucza.<\/p>\n","protected":false},"excerpt":{"rendered":"<p>Dwa zwyci\u0119stwa w trzech meczach odnios\u0142a dru\u017cyna Warty Pozna\u0144 w rozegranym w Krakowie pierwszym turnieju sezonu Polskiej Ligi Blind Footballu&#8230;.<\/p>\n","protected":false},"author":36,"featured_media":29675,"comment_status":"closed","ping_status":"closed","sticky":false,"template":"","format":"standard","meta":{"om_disable_all_campaigns":false,"inline_featured_image":false,"footnotes":"","_links_to":"","_links_to_target":""},"categories":[94,335,313,1],"tags":[],"aioseo_notices":[],"_links":{"self":[{"href":"https:\/\/wartapoznan.pl\/index.php\/wp-json\/wp\/v2\/posts\/29672"}],"collection":[{"href":"https:\/\/wartapoznan.pl\/index.php\/wp-json\/wp\/v2\/posts"}],"about":[{"href":"https:\/\/wartapoznan.pl\/index.php\/wp-json\/wp\/v2\/types\/post"}],"author":[{"embeddable":true,"href":"https:\/\/wartapoznan.pl\/index.php\/wp-json\/wp\/v2\/users\/36"}],"replies":[{"embeddable":true,"href":"https:\/\/wartapoznan.pl\/index.php\/wp-json\/wp\/v2\/comments?post=29672"}],"version-history":[{"count":4,"href":"https:\/\/wartapoznan.pl\/index.php\/wp-json\/wp\/v2\/posts\/29672\/revisions"}],"predecessor-version":[{"id":30127,"href":"https:\/\/wartapoznan.pl\/index.php\/wp-json\/wp\/v2\/posts\/29672\/revisions\/30127"}],"wp:featuredmedia":[{"embeddable":true,"href":"https:\/\/wartapoznan.pl\/index.php\/wp-json\/wp\/v2\/media\/29675"}],"wp:attachment":[{"href":"https:\/\/wartapoznan.pl\/index.php\/wp-json\/wp\/v2\/media?parent=29672"}],"wp:term":[{"taxonomy":"category","embeddable":true,"href":"https:\/\/wartapoznan.pl\/index.php\/wp-json\/wp\/v2\/categories?post=29672"},{"taxonomy":"post_tag","embeddable":true,"href":"https:\/\/wartapoznan.pl\/index.php\/wp-json\/wp\/v2\/tags?post=29672"}],"curies":[{"name":"wp","href":"https:\/\/api.w.org\/{rel}","templated":true}]}}