{"id":29701,"date":"2024-05-03T17:00:12","date_gmt":"2024-05-03T15:00:12","guid":{"rendered":"https:\/\/wartapoznan.pl\/?p=29701"},"modified":"2024-05-03T10:16:18","modified_gmt":"2024-05-03T08:16:18","slug":"warta-poznan-wraca-do-grodziska-wlkp-w-niedziele-mecz-z-widzewem-lodz","status":"publish","type":"post","link":"https:\/\/wartapoznan.pl\/index.php\/2024\/05\/03\/warta-poznan-wraca-do-grodziska-wlkp-w-niedziele-mecz-z-widzewem-lodz\/","title":{"rendered":"Warta Pozna\u0144 wraca do Grodziska Wlkp. \u2013 w niedziel\u0119 mecz z Widzewem \u0141\u00f3d\u017a"},"content":{"rendered":"<p><strong>Trzecia z rz\u0119du wygrana w roli gospodarza to cel pi\u0142karzy Warty Pozna\u0144 na niedzielny mecz (5 maja o godz. 12:30) z Widzewem \u0141\u00f3d\u017a w 31. kolejce PKO Bank Polski Ekstraklasy. Kup bilet na <a href=\"https:\/\/bilety.wartapoznan.pl\/\" target=\"_blank\" rel=\"noopener\">bilety.wartapoznan.pl<\/a> i wspieraj \u201eZielonych\u201d w ich przedostatnim ju\u017c wyst\u0119pie w tym sezonie na Stadionie Respect Energy w Grodzisku Wlkp.<\/strong><\/p>\n<p>Dru\u017cyna trenera Dawida Szulczka bardzo dobrze rozpocz\u0119\u0142a sezon na grodziskim obiekcie \u2013 pokona\u0142a bowiem 2:0 G\u00f3rnika Zabrze, czyli jedn\u0105 z najwi\u0119kszych rewelacji tego sezonu w Ekstraklasie. Pi\u0142karze Jana Urbana wci\u0105\u017c maj\u0105 szanse nawet na zdobycie mistrzostwa Polski. Dla \u201eZielonych\u201d wygrana z G\u00f3rnikiem by\u0142a jedynym kompletem punkt\u00f3w w dziewi\u0119ciu wyst\u0119pach przed w\u0142asn\u0105 widowni\u0105 w pierwszej cz\u0119\u015bci sezonu. Cztery punkty wywalczone w Grodzisku Wlkp. kontrastowa\u0142y z czternastoma punktami przywiezionymi z pojedynk\u00f3w wyjazdowych.<\/p>\n<p>Ale dzi\u015b, po rozegraniu 30 spotka\u0144 (po 15 u siebie i w go\u015bciach) bilans jest ju\u017c idealnie r\u00f3wny, bo na 34 punkty Warta po 17 wywalczy\u0142a w Wielkopolsce i poza ni\u0105. Tak jak jesieni\u0105 powi\u0119kszanie dorobku w meczach w Grodzisku przychodzi\u0142o z trudem, tak w drugiej cz\u0119\u015bci rozgrywek sta\u0142o si\u0119 w\u0142a\u015bciwie norm\u0105. \u201eZielonym\u201d przytrafi\u0142a si\u0119 w tym czasie tylko jedna pora\u017cka i to bardzo pechowa, bo w starciu z \u0141KS \u0141\u00f3d\u017a zas\u0142u\u017cyli na wygran\u0105, ale to beniaminek w ko\u0144c\u00f3wce szcz\u0119\u015bliwie strzeli\u0142 gola na wag\u0119 zwyci\u0119stwa.<\/p>\n<p>W 2024 roku Warta Pozna\u0144 na Stadionie Respect Energy wywalczy\u0142a wi\u0119c 11 na 18 mo\u017cliwych do zdobycia punkt\u00f3w i w tych sze\u015bciu wyst\u0119pach zgromadzi\u0142a prawie jedn\u0105 trzeci\u0105 swojego ca\u0142ego dorobku z tego sezonu. W roli gospodarza punktuje wi\u0119c wiosn\u0105 na poziomie dru\u017cyn zaanga\u017cowanych w walk\u0119 o tytu\u0142.<\/p>\n<p><img loading=\"lazy\" decoding=\"async\" width=\"1500\" height=\"1000\" class=\"aligncenter size-full wp-image-29700\" src=\"https:\/\/wartapoznan.pl\/wp-content\/uploads\/2024\/05\/WARSTM-9736_www.jpg\" alt=\"Warta Pozna\u0144 - Stal Mielec. Niilo Maenpaa\" srcset=\"https:\/\/wartapoznan.pl\/wp-content\/uploads\/2024\/05\/WARSTM-9736_www.jpg 1500w, https:\/\/wartapoznan.pl\/wp-content\/uploads\/2024\/05\/WARSTM-9736_www-300x200.jpg 300w, https:\/\/wartapoznan.pl\/wp-content\/uploads\/2024\/05\/WARSTM-9736_www-128x85.jpg 128w, https:\/\/wartapoznan.pl\/wp-content\/uploads\/2024\/05\/WARSTM-9736_www-32x21.jpg 32w\" sizes=\"(max-width: 1500px) 100vw, 1500px\" \/><\/p>\n<p>Ogromny udzia\u0142 w tej statystyce maj\u0105 dwa ostatnie domowe mecze poznaniak\u00f3w i komplet punkt\u00f3w w starciach z Koron\u0105 Kielce oraz Stal\u0105 Mielec. Teraz w pojedynku z Widzewem \u0141\u00f3d\u017a \u201eWarciarze\u201d b\u0119d\u0105 chcieli przed\u0142u\u017cy\u0107 t\u0119 seri\u0119 i bardzo powa\u017cnie zwi\u0119kszy\u0107 swoje szanse na oddalenie si\u0119 od strefy spadkowej.<\/p>\n<p>Ten krok mogli wykona\u0107 ju\u017c przed tygodniem, ale w pi\u0105tek, w Gliwicach gospodarze byli skuteczniejsi i zwyci\u0119\u017cyli 2:0. Trener Dawid Szulczek zapewnia, \u017ce tamta pora\u017cka nie mia\u0142a wp\u0142ywu na dobr\u0105 atmosfer\u0119 w zespole. &#8211; <em>Nie bierzemy pod uwag\u0119 tego, \u017ce przegrywamy, czy wygrywamy mecz. Po prostu zawsze staramy si\u0119 utrzymywa\u0107 dobr\u0105 atmosfer\u0119 i dobr\u0105 energi\u0119. Bo nie sam wynik danego meczu ma determinowa\u0107 to, jak funkcjonujemy. Decyduje o tym to, \u017ce ca\u0142y czas si\u0119 rozwijamy, idziemy do przodu i przede wszystkim to, \u017ce za chwil\u0119 mamy kolejnym mecz<\/em> \u2013 m\u00f3wi szkoleniowiec. &#8211; <em>Oczywi\u015bcie, wyci\u0105gamy wnioski po ka\u017cdym meczu i tak by\u0142o ju\u017c podczas analizy wyst\u0119pu przeciwko Piastowi, ale teraz koncentrujemy si\u0119 na spotkaniu z Widzewem. Po kilku dniach poprzedni mecz nie ma ju\u017c wi\u0119kszego wp\u0142ywu na to, co i jak robimy.<\/em><\/p>\n<p>\u0141odzianie r\u00f3wnie\u017c stracili punkty przed tygodniem. D\u0142ugo bronili si\u0119 w dziesi\u0119ciu przeciwko jedenastu pi\u0142karzom Rakowa Cz\u0119stochowa po czerwonej kartce dla Marka Hanouska, ale ostatecznie mistrzowie Polski wygrali w \u0141odzi 1:0. Dla Widzewa by\u0142a to pierwsza pora\u017cka od pocz\u0105tku marca i serii sze\u015bciu wyst\u0119p\u00f3w, w kt\u00f3rych zesp\u00f3\u0142 trenera Daniela My\u015bliwca punktowa\u0142.<\/p>\n<p><img loading=\"lazy\" decoding=\"async\" width=\"1500\" height=\"1000\" class=\"aligncenter size-full wp-image-29698\" src=\"https:\/\/wartapoznan.pl\/wp-content\/uploads\/2024\/05\/5A7A2890_www.jpg\" alt=\"Trening Warty Pozna\u0144 przed meczem z Widzewem \u0141\u00f3d\u017a. Trener Dawid Szulczek\" srcset=\"https:\/\/wartapoznan.pl\/wp-content\/uploads\/2024\/05\/5A7A2890_www.jpg 1500w, https:\/\/wartapoznan.pl\/wp-content\/uploads\/2024\/05\/5A7A2890_www-300x200.jpg 300w, https:\/\/wartapoznan.pl\/wp-content\/uploads\/2024\/05\/5A7A2890_www-128x85.jpg 128w, https:\/\/wartapoznan.pl\/wp-content\/uploads\/2024\/05\/5A7A2890_www-32x21.jpg 32w\" sizes=\"(max-width: 1500px) 100vw, 1500px\" \/><\/p>\n<p>Niedzielny rywal \u201eZielonych\u201d w tym zdoby\u0142 20 pkt w 11 meczach i ust\u0119puje w tej klasyfikacji tylko G\u00f3rnikowi Zabrze. Ubieg\u0142oroczny beniaminek uciek\u0142 w bezpieczne rejony tabeli (zajmuje 8. miejsce 42 punktami), mimo \u017ce jeszcze na pocz\u0105tku listopada, gdy Warta wygra\u0142a w \u0141odzi, mia\u0142a tylko punkt mniej od Widzewa.<\/p>\n<p>Tamto skromne zwyci\u0119stwo 1:0 zosta\u0142o jednak zapami\u0119tane z tego, \u017ce to gospodarze zrobili bardzo wiele, by wygra\u0107, ale J\u0119drzej Grobelny i koledzy z obrony nie dali si\u0119 zaskoczy\u0107 ani razu, cho\u0107 okazji dla Widzewa nie brakowa\u0142o.<\/p>\n<p>&#8211; <em>Na pewno chcia\u0142bym, \u017ceby\u015bmy jako zesp\u00f3\u0142 byli lepiej u\u0142o\u017ceni i zagrali na wy\u017cszym poziomie ni\u017c mia\u0142o to miejsce w \u0141odzi. Cho\u0107 bardzo chcia\u0142bym, \u017ceby sko\u0144czy\u0142o si\u0119 to podobnym wynikiem. Natomiast na pewno musimy zagra\u0107 lepiej ni\u017c wtedy i musimy te\u017c poprawi\u0107 drobne rzeczy, kt\u00f3re nie funkcjonowa\u0142y z Piastem<\/em> \u2013 m\u00f3wi Dawid Szulczek. &#8211; <em>My\u015bl\u0119, \u017ce jak po\u0142\u0105czymy te najlepsze rzeczy z ostatnich spotka\u0144 i wyci\u0105gniemy dobre wnioski z poprzedniego starcia z Widzewem oraz z meczu z Piastem, to b\u0119dziemy w stanie du\u017co lepiej funkcjonowa\u0107 na boisku.<\/em><\/p>\n<p>Kibice \u201eZielonych\u201d z pewno\u015bci\u0105 pami\u0119taj\u0105 te\u017c efektown\u0105 akcj\u0119 Kajetana Szmyta, po kt\u00f3rej wychowanek klubowej akademii zagra\u0142 do Martona Eppela tak, \u017ce W\u0119gier nie mia\u0142 problemu ze zdobyciem zwyci\u0119skiej bramki w \u0141odzi. \u2013 <em>Kajetan jest jednym z wiod\u0105cych pi\u0142karzy w zespole. I wydaje mi si\u0119, \u017ce mamy wielu graczy, kt\u00f3rzy mog\u0105 wzi\u0105\u0107 ci\u0119\u017car boiskowy na swoje barki. A zatem to nie tylko Adam Zrelak, ale te\u017c zawodnicy, kt\u00f3rzy graj\u0105 na boisku obok niego. Dotyczy to tak\u017ce tych pi\u0142karzy, kt\u00f3rzy wchodz\u0105 z \u0142awki. Jest kilka postaci w tym zespole, kt\u00f3re mog\u0105 zdecydowa\u0107 o tym, \u017ce wygramy spotkanie i ostatecznie si\u0119 utrzymamy<\/em> \u2013 uwa\u017ca trener Warty Pozna\u0144.<\/p>\n<p><a href=\"https:\/\/wartapoznan.pl\/index.php\/2024\/04\/24\/kup-bilet-na-mecz-warta-poznan-widzew-lodz-skorzystaj-z-rabatu-30\/\">WSZYSTKO O BILETACH NA MECZ WARTA POZNA\u0143 &#8211; WIDZEW \u0141\u00d3D\u0179 &#8211; ODBIERZ RABAT 30%<\/a><\/p>\n<p>Dawid Szulczek zapewnia te\u017c, \u017ce niewielka przewaga nad stref\u0105 spadkow\u0105 nie powoduje dodatkowego ci\u015bnienia w sztabie i w szatni. \u2013 <em>Nie odczuwamy presji. Przygotowujemy si\u0119 do tego meczu jak najlepiej, \u017ceby go wygra\u0107<\/em> \u2013 podkre\u015bla.<\/p>\n<p><img loading=\"lazy\" decoding=\"async\" width=\"1500\" height=\"1000\" class=\"aligncenter size-full wp-image-29697\" src=\"https:\/\/wartapoznan.pl\/wp-content\/uploads\/2024\/05\/5A7A2912_www.jpg\" alt=\"Trening przed meczem Warta Pozna\u0144 - Widzew \u0141\u00f3d\u017a. Dawid Szymonowicz, Kajetan Szmyt\" srcset=\"https:\/\/wartapoznan.pl\/wp-content\/uploads\/2024\/05\/5A7A2912_www.jpg 1500w, https:\/\/wartapoznan.pl\/wp-content\/uploads\/2024\/05\/5A7A2912_www-300x200.jpg 300w, https:\/\/wartapoznan.pl\/wp-content\/uploads\/2024\/05\/5A7A2912_www-128x85.jpg 128w, https:\/\/wartapoznan.pl\/wp-content\/uploads\/2024\/05\/5A7A2912_www-32x21.jpg 32w\" sizes=\"(max-width: 1500px) 100vw, 1500px\" \/><\/p>\n<p>Sytuacja kadrowa w dru\u017cynie jest bardzo dobra, nikt nie jest zawieszony za kartki. Pod znakiem zapytania stoi jedynie wyst\u0119p nieobecnego ju\u017c w ostatnich meczach Dimitrisa Stavropoulosa. Niedawny solenizant \u2013 jak zaznaczy\u0142 trener Szulczek \u2013 leczy uraz i walczy z czasem przed niedzielnym pojedynkiem z Widzewem.<\/p>\n<p>Mecz Warta Pozna\u0144 \u2013 Widzew \u0141\u00f3d\u017a rozpocznie si\u0119 o godz. 12:30 w niedziel\u0119, 5 maja na Stadionie Respect Energy w Grodzisku Wlkp. Transmisja w Canal+ Sport 3 i Canal+ Online oraz u partnera \u201eZielonych\u201d, czyli w MC Radiu, na 102,7 FM i w Internecie.<\/p>\n<p><a href=\"https:\/\/bilety.wartapoznan.pl\/\" target=\"_blank\" rel=\"noopener\">KUP BILET I WSPIERAJ W NIEDZIEL\u0118 PI\u0141KARZY WARTY POZNA\u0143<\/a><\/p>\n","protected":false},"excerpt":{"rendered":"<p>Trzecia z rz\u0119du wygrana w roli gospodarza to cel pi\u0142karzy Warty Pozna\u0144 na niedzielny mecz (5 maja o godz. 12:30)&#8230;<\/p>\n","protected":false},"author":36,"featured_media":29699,"comment_status":"closed","ping_status":"closed","sticky":false,"template":"","format":"standard","meta":{"om_disable_all_campaigns":false,"inline_featured_image":false,"footnotes":"","_links_to":"","_links_to_target":""},"categories":[94,100,245,1],"tags":[],"aioseo_notices":[],"_links":{"self":[{"href":"https:\/\/wartapoznan.pl\/index.php\/wp-json\/wp\/v2\/posts\/29701"}],"collection":[{"href":"https:\/\/wartapoznan.pl\/index.php\/wp-json\/wp\/v2\/posts"}],"about":[{"href":"https:\/\/wartapoznan.pl\/index.php\/wp-json\/wp\/v2\/types\/post"}],"author":[{"embeddable":true,"href":"https:\/\/wartapoznan.pl\/index.php\/wp-json\/wp\/v2\/users\/36"}],"replies":[{"embeddable":true,"href":"https:\/\/wartapoznan.pl\/index.php\/wp-json\/wp\/v2\/comments?post=29701"}],"version-history":[{"count":2,"href":"https:\/\/wartapoznan.pl\/index.php\/wp-json\/wp\/v2\/posts\/29701\/revisions"}],"predecessor-version":[{"id":29703,"href":"https:\/\/wartapoznan.pl\/index.php\/wp-json\/wp\/v2\/posts\/29701\/revisions\/29703"}],"wp:featuredmedia":[{"embeddable":true,"href":"https:\/\/wartapoznan.pl\/index.php\/wp-json\/wp\/v2\/media\/29699"}],"wp:attachment":[{"href":"https:\/\/wartapoznan.pl\/index.php\/wp-json\/wp\/v2\/media?parent=29701"}],"wp:term":[{"taxonomy":"category","embeddable":true,"href":"https:\/\/wartapoznan.pl\/index.php\/wp-json\/wp\/v2\/categories?post=29701"},{"taxonomy":"post_tag","embeddable":true,"href":"https:\/\/wartapoznan.pl\/index.php\/wp-json\/wp\/v2\/tags?post=29701"}],"curies":[{"name":"wp","href":"https:\/\/api.w.org\/{rel}","templated":true}]}}