{"id":29704,"date":"2024-05-05T17:03:24","date_gmt":"2024-05-05T15:03:24","guid":{"rendered":"https:\/\/wartapoznan.pl\/?p=29704"},"modified":"2024-05-05T17:03:24","modified_gmt":"2024-05-05T15:03:24","slug":"kapitalny-poczatek-meczu-warta-poznan-pokonuje-widzew-lodz","status":"publish","type":"post","link":"https:\/\/wartapoznan.pl\/index.php\/2024\/05\/05\/kapitalny-poczatek-meczu-warta-poznan-pokonuje-widzew-lodz\/","title":{"rendered":"Kapitalny pocz\u0105tek meczu \u2013 Warta Pozna\u0144 pokonuje Widzew \u0141\u00f3d\u017a"},"content":{"rendered":"<p><strong>Trzecie spotkanie z rz\u0119du wygrali na Stadionie Respect Energy pi\u0142karze Warty Pozna\u0144, kt\u00f3rzy w niedzielne popo\u0142udnie zwyci\u0119\u017cy\u0142a 2:1 Widzew \u0141\u00f3d\u017a w starciu 31. kolejki PKO Bank Polski Ekstraklasy. Ozdob\u0105 pojedynku by\u0142 pi\u0119kny gol strzelony przez Mateusza Kupczaka.<\/strong><\/p>\n<p>Na zako\u0144czenie maj\u00f3wki \u2013 tak jak przez ca\u0142y czas jej trwania \u2013 pogoda by\u0142a i\u015bcie wakacyjna. W pierwszej po\u0142owie o bezcenne punkty \u201eZieloni\u201d walczyli z Widzewem w pe\u0142nym s\u0142o\u0144cu i w temperaturze przekraczaj\u0105cej 20 stopni C. Taka aura i stawka meczu na finiszu sezonu \u015bci\u0105gn\u0119\u0142y na trybuny stadionu w Grodzisku Wlkp. ponad 3 tys. kibic\u00f3w, w\u015br\u00f3d nich liczn\u0105 grup\u0119 sympatyk\u00f3w \u0142\u00f3dzkiego klubu.<\/p>\n<p>Pogoda nie rozleniwi\u0142a jednak zawodnik\u00f3w, bo ju\u017c od pierwszych minut sporo dzia\u0142o si\u0119 pod bramkami. W 3. minucie Mohamed Mezghrani do\u015brodkowa\u0142 pi\u0142k\u0119 w pole karne, a z 6 metr\u00f3w Maciej \u017burawski uderzy\u0142 g\u0142ow\u0105 nad poprzeczk\u0105. W odpowiedzi akcj\u0119 go\u015bci lew\u0105 stron\u0105 poprowadzi\u0142 Antoni Klimek, ale po jego do\u015brodkowaniu niebezpiecze\u0144stwo za\u017cegna\u0142 Dawid Szymonowicz. Minut\u0119 p\u00f3\u017aniej Juan Ibiza g\u0142ow\u0105 obok s\u0142upka strzela\u0142 Juan Ibiza. Po chwili, po drugiej stronie boiska Bogdan Tiru przej\u0105\u0142 pi\u0142k\u0119 wybit\u0105 przez Rafa\u0142a Gikiewicza, zagra\u0142 do Macieja \u017burawskiego, kt\u00f3ry przyj\u0105\u0142 pi\u0142k\u0119 i natychmiast uderzy\u0142 z powietrza, ale metr obok s\u0142upka.<\/p>\n<p>Kolejny atak Warty Pozna\u0144 przyni\u00f3s\u0142 jej bramk\u0119. Tym razem z prawej strony pod bramk\u0119 zagra\u0142 Jakub Bartkowski \u2013 byli tam Adam Zrelak i Kajetan Szmyt. Na strza\u0142 po kr\u00f3tkim dryblingu zdecydowa\u0142 si\u0119 ten drugi i\u2026 mia\u0142 sporo szcz\u0119\u015bcia. Pi\u0142ka odbi\u0142a si\u0119 od jednego obro\u0144cy, potem trafi\u0142a w Andrejsa Ciganiksa i wyl\u0105dowa\u0142a w siatce!<\/p>\n<p>Publiczno\u015b\u0107 jeszcze dobrze nie nacieszy\u0142a si\u0119 szybko obj\u0119tym prowadzeniem, a na 2:0 podwy\u017cszy\u0142 je Mateusz Kupczak. Zn\u00f3w udzia\u0142 w ataku bra\u0142 Kajetan Szmyt, kt\u00f3ry przed polem karnym zbieg\u0142 nieco bardziej w stron\u0119 \u015brodka bramki, ale przy pr\u00f3bie strza\u0142u skiksowa\u0142 lew\u0105 nog\u0105 i wystawi\u0142 w ten spos\u00f3b pi\u0142k\u0119 Mateuszowi Kupczakowi, kt\u00f3ry natychmiast kopn\u0105\u0142 i pi\u0119knym, technicznym uderzeniem z tzw. fa\u0142sza zaskoczy\u0142 Rafa\u0142a Gikiewicza. Pi\u0142ka wyl\u0105dowa\u0142a w g\u00f3rnym rogu bramki, tu\u017c przy s\u0142upku!<\/p>\n<p>\u0141odzianie ju\u017c 6 minut p\u00f3\u017aniej mogli mie\u0107 nadziej\u0119 na zdobycie kontaktowej bramki. Jordi Sanchez bieg\u0142 w stron\u0119 J\u0119drzeja Grobelnego, ale nie znalaz\u0142 si\u0119 w sytuacji sam na sam, bo znakomitym w\u015blizgiem popisa\u0142 si\u0119 Bogdan Tiru. W 24. Minucie Hiszpan cieszy\u0142 si\u0119 ju\u017c ze strzelenia gola g\u0142ow\u0105 po rzucie ro\u017cnym. S\u0119dzia Bartosz Frankowski s\u0142usznie jednak uniewa\u017cni\u0142 t\u0119 bramk\u0119, gdy\u017c stoj\u0105cy na spalonym Luis Silva przeszkadza\u0142 J\u0119drzejowi Grobelnemu w wykonaniu interwencji w polu bramkowym.<\/p>\n<p>Wydawa\u0142o si\u0119, \u017ce dobrze broni\u0105ca wyniku Warta Pozna\u0144 zejdzie do szatni z prowadzeniem 2:0. Niestety, w 44. minucie po akcji lewym skrzyd\u0142em pi\u0142ka trafi\u0142a do Jordiego Sanchez, kt\u00f3ry z ok. 7 metr\u00f3w g\u0142ow\u0105 strzeli\u0142 w dolny r\u00f3g obok J\u0119drzeja Grobelnego.<\/p>\n<p>W przerwie nad grodziski obiekt nadci\u0105gn\u0119\u0142y chmury i pocz\u0105tek drugiej po\u0142owy odbywa\u0142 si\u0119 przy kr\u00f3tkotrwa\u0142ych, ale do\u015b\u0107 intensywnych opadach deszczu. Na przebieg gry ta zmiana aury nie mia\u0142a wielkiego wp\u0142ywu. \u201eZieloni\u201d bardzo dobrze wyszli na t\u0119 cz\u0119\u015b\u0107 meczu i by\u0142o wida\u0107, \u017ce maj\u0105 wielk\u0105 ochot\u0119 powt\u00f3rzy\u0107 scenariusz z niedawnego wyst\u0119pu przeciwko Stali Mielec. Wtedy po zmianie stron zesp\u00f3\u0142 szybko wyszed\u0142 na dwubramkowe prowadzenie. Teraz szansa by\u0142a na to ju\u017c w 50. minucie, kiedy to pi\u0119kny rajd praw\u0105 stron\u0105 przeprowadzi\u0142 Filip Borowski i ju\u017c w polu karnym zagra\u0142 do Adama Zrelaka. Niedzielny jubilat (S\u0142owak ko\u0144czy\u0142 tego dnia 30 lat) mia\u0142 idealn\u0105 okazj\u0119 do strzelenia gola \u2013 p\u00f3\u0142 bramki by\u0142o puste i wystarczy\u0142o skierowa\u0107 tam pi\u0142k\u0119. Niestety, napastnik pozna\u0144skiego zespo\u0142u odda\u0142 lekki strza\u0142, z kt\u00f3rym bez problemu poradzi\u0142 sobie Rafa\u0142 Gikiewicz.<\/p>\n<p>Zesp\u00f3\u0142 trenera Dawida Szulczka \u015bwietnie zarz\u0105dza\u0142 drug\u0105 po\u0142ow\u0105. Gdy trzeba by\u0142o, atakowa\u0142 rywali na ich po\u0142owie, ale by\u0142y te\u017c momenty, w kt\u00f3rych broni\u0142 dost\u0119pu do bramki nieco bardziej cofni\u0119ty. Efekt by\u0142 taki, \u017ce \u0142odzianie ani razu na powa\u017cnie nie zagrozili J\u0119drzejowi Grobelnemu. Bramkarz Warty Pozna\u0144 musia\u0142 w tej cz\u0119\u015bci gry obroni\u0107 tylko dwa celne strza\u0142y go\u015bci \u2013 w 55. minucie po ziemi uderza\u0142 Antoni Klimek, a w ostatniej minucie podstawowego czasu gry z bliska g\u0142ow\u0105 strzela\u0142 Jordi Sanchez. Pr\u00f3ba by\u0142a jednak lekka, a na dodatek pi\u0142ka polecia\u0142a tam, gdzie by\u0142 J\u0119drzej Grobelny.<\/p>\n<p>W ostatniej akcji tego popo\u0142udnia znakomit\u0105 okazj\u0119 do zdobycia bramki na 3:1 mia\u0142 Tomas Prikryl. Czech dosta\u0142 bardzo dobre podanie od Filipa Borowskiego, kt\u00f3ry pokaza\u0142 si\u0119 w niedziel\u0119 z naprawd\u0119 dobrej strony, i bieg\u0142 p\u00f3\u0142 boiska, by znale\u017a\u0107 si\u0119 oko w oko z bramkarzem Widzewa. Tomas Prikryl zwolni\u0142 nieco w polu karnym i wydawa\u0142o si\u0119, \u017ce za chwil\u0119 ucieszy publiczno\u015b\u0107. Niestety, kopn\u0105\u0142 tak, \u017ce Rafa\u0142 Gikiewicz odbi\u0142 pi\u0142k\u0119 nog\u0105.<\/p>\n<p>Dzi\u0119ki trzeciej z rz\u0119du wygranej na stadionie w Grodzisku Wlkp. poznaniacy przesun\u0119li si\u0119 na 12. miejsce w tabeli. Maj\u0105 te\u017c 6 pkt przewagi nad otwieraj\u0105c\u0105 stref\u0119 spadkow\u0105 Koron\u0105 Kielce, kt\u00f3ra sw\u00f3j mecz w tej kolejce rozpocz\u0119\u0142a o godz. 15.<\/p>\n<p><strong>WARTA POZNA\u0143 \u2013 WIDZEW \u0141\u00d3D\u0179 2:1 (2:1)<br \/>\nBramki:<\/strong> 1:0 Andrejs Ciganiks (9. minuta, sam.), 2:0 Mateusz Kupczak (12.), 2:1 Jordi Sanchez (44.)<br \/>\n<strong>Warta Pozna\u0144:<\/strong> J\u0119drzej Grobelny \u2013 Jakub Bartkowski, Dawid Szymonowicz, Bogdan Tiru \u2013 Mohamed Mezghrani (46. Filip Borowski), Mateusz Kupczak, Maciej \u017burawski (16. Tomas Prikryl), Konrad Matuszewski <strong>\u017b<\/strong> (80. Jakub Kie\u0142b) \u2013 Miguel Luis (72. Stefan Savi\u0107), Kajetan Szmyt \u2013 Adam Zrelak (80. Dario Vizinger).<br \/>\n<strong>S\u0119dziowa\u0142<\/strong> Bartosz Frankowski z Torunia<br \/>\n<strong>Widz\u00f3w: 3274<\/strong><\/p>\n","protected":false},"excerpt":{"rendered":"<p>Trzecie spotkanie z rz\u0119du wygrali na Stadionie Respect Energy pi\u0142karze Warty Pozna\u0144, kt\u00f3rzy w niedzielne popo\u0142udnie zwyci\u0119\u017cy\u0142a 2:1 Widzew \u0141\u00f3d\u017a&#8230;<\/p>\n","protected":false},"author":36,"featured_media":29706,"comment_status":"closed","ping_status":"closed","sticky":false,"template":"","format":"standard","meta":{"om_disable_all_campaigns":false,"inline_featured_image":false,"footnotes":"","_links_to":"","_links_to_target":""},"categories":[94,100,245,1],"tags":[],"aioseo_notices":[],"_links":{"self":[{"href":"https:\/\/wartapoznan.pl\/index.php\/wp-json\/wp\/v2\/posts\/29704"}],"collection":[{"href":"https:\/\/wartapoznan.pl\/index.php\/wp-json\/wp\/v2\/posts"}],"about":[{"href":"https:\/\/wartapoznan.pl\/index.php\/wp-json\/wp\/v2\/types\/post"}],"author":[{"embeddable":true,"href":"https:\/\/wartapoznan.pl\/index.php\/wp-json\/wp\/v2\/users\/36"}],"replies":[{"embeddable":true,"href":"https:\/\/wartapoznan.pl\/index.php\/wp-json\/wp\/v2\/comments?post=29704"}],"version-history":[{"count":1,"href":"https:\/\/wartapoznan.pl\/index.php\/wp-json\/wp\/v2\/posts\/29704\/revisions"}],"predecessor-version":[{"id":29705,"href":"https:\/\/wartapoznan.pl\/index.php\/wp-json\/wp\/v2\/posts\/29704\/revisions\/29705"}],"wp:featuredmedia":[{"embeddable":true,"href":"https:\/\/wartapoznan.pl\/index.php\/wp-json\/wp\/v2\/media\/29706"}],"wp:attachment":[{"href":"https:\/\/wartapoznan.pl\/index.php\/wp-json\/wp\/v2\/media?parent=29704"}],"wp:term":[{"taxonomy":"category","embeddable":true,"href":"https:\/\/wartapoznan.pl\/index.php\/wp-json\/wp\/v2\/categories?post=29704"},{"taxonomy":"post_tag","embeddable":true,"href":"https:\/\/wartapoznan.pl\/index.php\/wp-json\/wp\/v2\/tags?post=29704"}],"curies":[{"name":"wp","href":"https:\/\/api.w.org\/{rel}","templated":true}]}}