{"id":29817,"date":"2024-05-10T17:20:12","date_gmt":"2024-05-10T15:20:12","guid":{"rendered":"https:\/\/wartapoznan.pl\/?p=29817"},"modified":"2024-05-10T13:10:31","modified_gmt":"2024-05-10T11:10:31","slug":"warta-poznan-gra-z-puszcza-niepolomice-mecz-absolutnie-kluczowy","status":"publish","type":"post","link":"https:\/\/wartapoznan.pl\/index.php\/2024\/05\/10\/warta-poznan-gra-z-puszcza-niepolomice-mecz-absolutnie-kluczowy\/","title":{"rendered":"Warta Pozna\u0144 gra z Puszcz\u0105 Niepo\u0142omice \u2013 \u201emecz absolutnie kluczowy\u201d"},"content":{"rendered":"<p><strong><em>&#8211; Trzeba podej\u015b\u0107 do tego meczu, jakby to by\u0142a walka o istnienie tego klubu i o \u017cycie w kolejnym sezonie \u2013 <\/em>m\u00f3wi Dawid Szulczek, trener Warty Pozna\u0144 przed niedzielnym pojedynkiem (godz. 12:30 na stadionie Cracovii) w 32. kolejce PKO Bank Polski Ekstraklasy. Transmisja z Krakowa w Canal+ Sport 3, Canal+ Online oraz w MC Radiu.<\/strong><\/p>\n<p>To b\u0119dzie pierwsze w tym sezonie podej\u015bcie \u201eZielonych\u201d do osi\u0105gni\u0119cia granicy 40 pkt. Od pocz\u0105tku rozgrywek ten pu\u0142ap by\u0142 uwa\u017cany za cel minimum. Historia pokazuje bowiem, \u017ce wywalczenie takiej liczby punkt\u00f3w daje utrzymanie si\u0119 w Ekstraklasie. Po trzech wygranych w czterech minionych kolejkach dru\u017cyna trenera Dawida Szulczka ma 37 pkt. Niedzielna wygrana w Krakowie sprawi, \u017ce podstawowy cel na ten sezon zostanie osi\u0105gni\u0119ty.<\/p>\n<p><em>&#8211; Brakuje nam jednego kroku do utrzymania si\u0119, a mamy tylko trzy szanse i trzeba podej\u015b\u0107 do meczu z Puszcz\u0105, jakby to by\u0142a walka o istnienie tego klubu i o \u017cycie w kolejnym sezonie. Wiemy, \u017ce potem gramy z Legi\u0105 i Jagielloni\u0105, i mo\u017ce by\u0107 trudno punkty, dlatego absolutnie mecz z Puszcz\u0105 jest kluczowy<\/em> \u2013 m\u00f3wi trener Warty Pozna\u0144. &#8211; <em>Zawsze odpowiada\u0142em na pytania w ten spos\u00f3b, \u017ce ka\u017cdy mecz jest za trzy punkty i \u017ce nie zdecyduje on o tym, czy si\u0119 utrzymamy, czy nie. Ale jeste\u015bmy na takim etapie sezonu i w takim momencie, \u017ce mecz z Puszcz\u0105 to jest starcie, kt\u00f3re jest w stanie zdecydowa\u0107 o naszym utrzymaniu si\u0119. Wygrywamy z Puszcz\u0105 i zostajemy w Ekstraklasie. Tak musimy do tego meczu podej\u015b\u0107.<\/em><\/p>\n<h4>Puszcza te\u017c walczy o swoje<\/h4>\n<p>Ale gospodarze niedzielnego pojedynku te\u017c walcz\u0105 o sw\u00f3j byt. Jako jedyny z obecnych beniamink\u00f3w Puszcza Niepo\u0142omice ma jeszcze realne szanse na unikni\u0119cie degradacji. Wiadomo ju\u017c, \u017ce po roku gry w Ekstraklasie do I ligi wr\u00f3ci \u0141KS \u0141\u00f3d\u017a, a tylko matematyczne szanse na pozostanie w elicie ma Ruch Chorz\u00f3w, kt\u00f3ry musia\u0142by wyprzedzi\u0107 Koron\u0119 Kielce (traci do niej 6 pkt) i w\u0142a\u015bnie Puszcz\u0119 (strata wynosi 7 pkt). Ta, w przypadku zwyci\u0119stwa w niedziel\u0119, b\u0119dzie si\u0119 ju\u017c musia\u0142a ogl\u0105da\u0107 tylko na zesp\u00f3\u0142 z Kielc.<\/p>\n<p>Gdy Warta i Puszcza mierzy\u0142y si\u0119 ze sob\u0105 w rundzie jesiennej, niewiele wskazywa\u0142o na to, \u017ce zesp\u00f3\u0142 trenera Tomasza Tu\u0142acza na finiszu rozgrywek b\u0119dzie \u201enad kresk\u0105\u201d. Przed przyjazdem do Grodziska Wlkp. ekipa z Niepo\u0142omic mia\u0142a na koncie 10 pkt, czyli 7 mniej od poznaniak\u00f3w. Tamta wpadka i pora\u017cka 0:2 przed w\u0142asn\u0105 publiczno\u015bci\u0105 pozwoli\u0142a rywalom uwierzy\u0107 w siebie. W efekcie Puszcza zacz\u0119\u0142a w miar\u0119 regularnie punktowa\u0107. Szczeg\u00f3lnie w meczach, kt\u00f3rych jest gospodarzem. Od ostatniego weekendu listopada nie przegra\u0142a \u017cadnego z o\u015bmiu takich spotka\u0144, a pokona\u0142a w tym czasie G\u00f3rnika Zabrze i Lecha Pozna\u0144 (po 2:1), Widzew \u0141\u00f3d\u017a (1:0), jak r\u00f3wnie\u017c zremisowa\u0142a 3:3 z Jagielloni\u0105 Bia\u0142ystok, mimo \u017ce lider Ekstraklasy prowadzi\u0142 do 50. minuty 3:0.<\/p>\n<p><img loading=\"lazy\" decoding=\"async\" width=\"1500\" height=\"1000\" class=\"aligncenter size-full wp-image-29830\" src=\"https:\/\/wartapoznan.pl\/wp-content\/uploads\/2024\/05\/5A7A4099_www.jpg\" alt=\"Trener Dawid Szulczek na treningu przed meczem Puszcza Niepo\u0142omice - Warta Pozna\u0144\" srcset=\"https:\/\/wartapoznan.pl\/wp-content\/uploads\/2024\/05\/5A7A4099_www.jpg 1500w, https:\/\/wartapoznan.pl\/wp-content\/uploads\/2024\/05\/5A7A4099_www-300x200.jpg 300w, https:\/\/wartapoznan.pl\/wp-content\/uploads\/2024\/05\/5A7A4099_www-128x85.jpg 128w, https:\/\/wartapoznan.pl\/wp-content\/uploads\/2024\/05\/5A7A4099_www-32x21.jpg 32w\" sizes=\"(max-width: 1500px) 100vw, 1500px\" \/><\/p>\n<p>&#8211; <em>Nie \u017cyjemy tym, \u017ce musimy koniecznie zrewan\u017cowa\u0107 si\u0119 Puszczy za pora\u017ck\u0119 z pierwszej rundy. Przez ostatnie p\u00f3\u0142 roku oba zespo\u0142y troch\u0119 si\u0119 zmieni\u0142y, jest te\u017c inny etap sezonu. Podchodzimy do niedzielnego meczu tak, jak do poprzednich spotka\u0144 i chcemy zrealizowa\u0107 dobrze sw\u00f3j plan<\/em> \u2013 m\u00f3wi Dawid Szulczek. &#8211; <em>Kluczowe jest to, \u017ceby wykorzysta\u0107 sytuacje, kt\u00f3re b\u0119dziemy mieli, bo ostatnio wygl\u0105da\u0142o to dobrze, mo\u017ce poza meczem z Piastem. Natomiast te\u017c wa\u017cne jest to, \u017ceby wybroni\u0107 si\u0119 w tych trudnych momentach, gdy\u017c Puszcza praktycznie w ka\u017cdym meczu jest w stanie co\u015b wykreowa\u0107.<\/em><\/p>\n<h4>Nie doprowadza\u0107 do takich sytuacji<\/h4>\n<p>Trener Warty Pozna\u0144 zapewnia te\u017c, \u017ce sztab i zesp\u00f3\u0142 odrobili prac\u0119 domow\u0105 przed wyjazdem do Krakowa: &#8211; <em>Dok\u0142adnie tyle samo czasu po\u015bwi\u0119camy na przygotowania do meczu z Puszcz\u0105, jak do ka\u017cdego innego rywala. \u0106wiczyli\u015bmy staje fragmenty dwa razy w tygodniu i tak samo jest teraz, nie robimy niczego dodatkowego, \u017ceby nie wywo\u0142ywa\u0107 psychozy, \u017ce Puszcza jest tak gro\u017ana w tym elemencie. My\u015bl\u0119, \u017ce samo to, co wydarzy\u0142o si\u0119 w tej rundzie jesiennej i to, \u017ce wszyscy wiemy, jak Puszcza wykonuje sta\u0142e fragmenty gry sprawia, \u017ce nie potrzebujemy nak\u0142adania na siebie dodatkowego ci\u0119\u017caru. Jeste\u015bmy w stanie zagra\u0107 tak, \u017ceby nie doprowadza\u0107 do gro\u017anych sytuacji ze strony rywali.<\/em><\/p>\n<p>W tym roku w grze Warty Pozna\u0144 wida\u0107 pewn\u0105 prawid\u0142owo\u015b\u0107. \u201eZieloni\u201d wiele bramek zdobywaj\u0105 w pierwszych po\u0142owach spotka\u0144 (ponad 60 procent ca\u0142ego dorobku, co jest najlepszym wynikiem w Ekstraklasie) i zdecydowanie lepiej punktuj\u0105 u siebie ni\u017c na wyjazdach. Jesieni\u0105 by\u0142o odwrotnie. Teraz poznaniacy wr\u00f3cili bez punkt\u00f3w z trzech ostatnich delegacji (derby z Lechem i mecze ze \u015al\u0105skiem Wroc\u0142aw oraz Piastem Gliwice), a ostatnie zwyci\u0119stwo na obcym boisku zanotowali\u2026 w Krakowie przy ul. Ka\u0142u\u017cy, gdy pokonali Cracovi\u0119 po pi\u0119knym golu Tomasa Prikryla.<\/p>\n<p><em><img loading=\"lazy\" decoding=\"async\" width=\"1500\" height=\"1000\" class=\"aligncenter size-full wp-image-29831\" src=\"https:\/\/wartapoznan.pl\/wp-content\/uploads\/2024\/05\/5A7A3220_www.jpg\" alt=\"Warta Pozna\u0144 - Widzew \u0141\u00f3d\u017a\" srcset=\"https:\/\/wartapoznan.pl\/wp-content\/uploads\/2024\/05\/5A7A3220_www.jpg 1500w, https:\/\/wartapoznan.pl\/wp-content\/uploads\/2024\/05\/5A7A3220_www-300x200.jpg 300w, https:\/\/wartapoznan.pl\/wp-content\/uploads\/2024\/05\/5A7A3220_www-128x85.jpg 128w, https:\/\/wartapoznan.pl\/wp-content\/uploads\/2024\/05\/5A7A3220_www-32x21.jpg 32w\" sizes=\"(max-width: 1500px) 100vw, 1500px\" \/><\/em><\/p>\n<p>Czy na wyjazdach Warta Pozna\u0144 te\u017c jest w stanie zagra\u0107 tak, jak ostatnio z Koron\u0105, Stal\u0105 czy Widzewem i szybko wyj\u015b\u0107 na prowadzenie? &#8211; <em>Oczywi\u015bcie, naszym celem, jest zrealizowa\u0107 to, co trenujemy przez ca\u0142y tydzie\u0144. Fajnie, gdy mecz nam si\u0119 uk\u0142ada i uda nam si\u0119 zdoby\u0107 bramk\u0119 jak najszybciej. B\u0119dziemy te\u017c dobrze przygotowani na Puszcz\u0119, ale w ko\u0144cowym rozrachunku bramka w ostatniej minucie jest tak samo cenna, jak zdobyta w pierwszej. Trzeba po prostu zadba\u0107 o to, \u017ceby szczelnie broni\u0107 dost\u0119pu do swojej bramki i \u017ceby jak najszybciej rozgry\u017a\u0107 przeciwnika<\/em> \u2013 odpowiada pozna\u0144ski szkoleniowiec.<\/p>\n<h4>Powt\u00f3rka z meczu ze Stal\u0105?<\/h4>\n<p>Pytany natomiast o to, jakiego meczu spodziewa si\u0119 w niedziel\u0119 w Krakowie, trener Dawid Szulczek przypomina, \u017ce \u201eEkstraklasa lubi zaskakiwa\u0107\u201d. \u2013 <em>Przed meczem ze Stal\u0105 Mielec wszyscy zastanawiali si\u0119, czy nale\u017cy oczekiwa\u0107 kolejnego, ma\u0142o efektownego pojedynku, a potem okaza\u0142o si\u0119, \u017ce by\u0142o to jedno z najlepszych spotka\u0144, odk\u0105d jestem tutaj trenerem<\/em> \u2013 m\u00f3wi trener \u201eWarciarzy\u201d. &#8211; <em>R\u00f3wnie dobrze, tak samo mo\u017ce by\u0107 teraz z Puszcz\u0105. Wiem, jakie jest odbi\u00f3r gry naszych zespo\u0142\u00f3w i statystyki te\u017c w tym sezonie delikatnie to potwierdzaj\u0105. Mam jednak nadziej\u0119, \u017ce gra nie b\u0119dzie toczy\u0142a si\u0119 g\u0142\u00f3wnie w powietrzu i \u017ce b\u0119dziemy te\u017c w stanie gra\u0107 dobrze po ziemi.<\/em><\/p>\n<p>Przeciwko Puszczy Niepo\u0142omice zesp\u00f3\u0142 \u201eZielonych\u201d b\u0119dzie musia\u0142 sobie poradzi\u0107 bez zawieszonego za \u017c\u00f3\u0142te kartki Konrada Matuszewskiego. Ponadto, meczu z Widzewem \u0141\u00f3d\u017a, z powodu uraz\u00f3w, nie doko\u0144czyli Maciej \u017burawski i Mohamed Mezghrani, a w og\u00f3le w tym spotkaniu nie wyst\u0105pili Dimitris Stavropoulos i Niilo Maenpaa. \u2013 <em>Nie odpowiem tym razem na pytanie o sytuacj\u0119 kadrow\u0105, bo musia\u0142bym troch\u0119 lawirowa\u0107 albo k\u0142ama\u0107. Powiem tylko tyle, \u017ce nie mam wszystkich zawodnik\u00f3w dost\u0119pnych na ten mecz, ale nie b\u0119d\u0119 m\u00f3wi\u0142, kto to jest. Nie chc\u0119 u\u0142atwia\u0107 Puszczy analizy naszej gry, ale rzeczywi\u015bcie b\u0119dziemy zmuszeni do jakich\u015b drobnych korekt<\/em> \u2013 m\u00f3wi trener pozna\u0144skiego zespo\u0142u.<\/p>\n<p><img loading=\"lazy\" decoding=\"async\" width=\"1500\" height=\"1000\" class=\"aligncenter size-full wp-image-29829\" src=\"https:\/\/wartapoznan.pl\/wp-content\/uploads\/2024\/05\/5A7A4226_www.jpg\" alt=\"Trening Warty Pozna\u0144 przed meczem z Puszcz\u0105 Niepo\u0142omice. Jakub Kie\u0142b, Dario Vizinger\" srcset=\"https:\/\/wartapoznan.pl\/wp-content\/uploads\/2024\/05\/5A7A4226_www.jpg 1500w, https:\/\/wartapoznan.pl\/wp-content\/uploads\/2024\/05\/5A7A4226_www-300x200.jpg 300w, https:\/\/wartapoznan.pl\/wp-content\/uploads\/2024\/05\/5A7A4226_www-128x85.jpg 128w, https:\/\/wartapoznan.pl\/wp-content\/uploads\/2024\/05\/5A7A4226_www-32x21.jpg 32w\" sizes=\"(max-width: 1500px) 100vw, 1500px\" \/><\/p>\n<p>Mecz Puszcza Niepo\u0142omice &#8211; Warta Pozna\u0144 rozpocznie niedzieln\u0105 rywalizacj\u0119 w 32. kolejce PKO Bank Polski Ekstraklasy. Pocz\u0105tek spotkania wyznaczono na godz. 12:30. Poprowadzi je bydgoski arbiter, Daniel Stefa\u0144ski, kt\u00f3ry po raz pierwszy w tym sezonie b\u0119dzie rozstrzyga\u0142 w meczu \u201eZielonych\u201d. Wcze\u015bniej by\u0142 m.in. s\u0119dzi\u0105 we wrze\u015bniowym starciu Puszczy ze \u015al\u0105skiem Wroc\u0142aw, gdy go\u015bcie wygrali w Krakowie 3:1. Transmisj\u0119 ze stadionu Cracovii przeprowadzi Canal+ Sport 3 i Canal+ Online oraz partner Warty Pozna\u0144, MC Radio na 102,7 FM i w Internecie. Sprawozdawc\u0105 b\u0119dzie red. Grzegorz Ha\u0142asik.<\/p>\n","protected":false},"excerpt":{"rendered":"<p>&#8211; Trzeba podej\u015b\u0107 do tego meczu, jakby to by\u0142a walka o istnienie tego klubu i o \u017cycie w kolejnym sezonie&#8230;<\/p>\n","protected":false},"author":36,"featured_media":29832,"comment_status":"closed","ping_status":"closed","sticky":false,"template":"","format":"standard","meta":{"om_disable_all_campaigns":false,"inline_featured_image":false,"footnotes":"","_links_to":"","_links_to_target":""},"categories":[94,100,245,1],"tags":[],"aioseo_notices":[],"_links":{"self":[{"href":"https:\/\/wartapoznan.pl\/index.php\/wp-json\/wp\/v2\/posts\/29817"}],"collection":[{"href":"https:\/\/wartapoznan.pl\/index.php\/wp-json\/wp\/v2\/posts"}],"about":[{"href":"https:\/\/wartapoznan.pl\/index.php\/wp-json\/wp\/v2\/types\/post"}],"author":[{"embeddable":true,"href":"https:\/\/wartapoznan.pl\/index.php\/wp-json\/wp\/v2\/users\/36"}],"replies":[{"embeddable":true,"href":"https:\/\/wartapoznan.pl\/index.php\/wp-json\/wp\/v2\/comments?post=29817"}],"version-history":[{"count":4,"href":"https:\/\/wartapoznan.pl\/index.php\/wp-json\/wp\/v2\/posts\/29817\/revisions"}],"predecessor-version":[{"id":29833,"href":"https:\/\/wartapoznan.pl\/index.php\/wp-json\/wp\/v2\/posts\/29817\/revisions\/29833"}],"wp:featuredmedia":[{"embeddable":true,"href":"https:\/\/wartapoznan.pl\/index.php\/wp-json\/wp\/v2\/media\/29832"}],"wp:attachment":[{"href":"https:\/\/wartapoznan.pl\/index.php\/wp-json\/wp\/v2\/media?parent=29817"}],"wp:term":[{"taxonomy":"category","embeddable":true,"href":"https:\/\/wartapoznan.pl\/index.php\/wp-json\/wp\/v2\/categories?post=29817"},{"taxonomy":"post_tag","embeddable":true,"href":"https:\/\/wartapoznan.pl\/index.php\/wp-json\/wp\/v2\/tags?post=29817"}],"curies":[{"name":"wp","href":"https:\/\/api.w.org\/{rel}","templated":true}]}}