{"id":2987,"date":"2018-11-27T00:54:56","date_gmt":"2018-11-26T23:54:56","guid":{"rendered":"http:\/\/klubwarta.pl\/?p=2987"},"modified":"2018-11-27T00:54:56","modified_gmt":"2018-11-26T23:54:56","slug":"dzis-mecz-kadry-u-16-w-ogrodku","status":"publish","type":"post","link":"https:\/\/wartapoznan.pl\/index.php\/2018\/11\/27\/dzis-mecz-kadry-u-16-w-ogrodku\/","title":{"rendered":"Dzi\u015b mecz kadry U-16 w Ogr\u00f3dku"},"content":{"rendered":"<p><strong>Dzi\u015b o godzinie 13 reprezentacja Polski do lat 16 zmierzy si\u0119 przy Drodze D\u0119bi\u0144skiej z r\u00f3wie\u015bnikami z Irlandii P\u00f3\u0142nocnej.\u00a0Podopieczni Marcina Dorny w weekend przygotowywali si\u0119 do tego spotkania na obiektach Warty Pozna\u0144.<\/strong><\/p>\n<p>M\u0142odych kadrowicz\u00f3w 29 listopada czeka rewan\u017c z Brytyjczykami, kt\u00f3ry zostanie rozegrany w Swarz\u0119dzu.<\/p>\n","protected":false},"excerpt":{"rendered":"<p>Dzi\u015b o godzinie 13 reprezentacja Polski do lat 16 zmierzy si\u0119 przy Drodze D\u0119bi\u0144skiej z r\u00f3wie\u015bnikami z Irlandii P\u00f3\u0142nocnej.\u00a0Podopieczni Marcina&#8230;<\/p>\n","protected":false},"author":38,"featured_media":2093,"comment_status":"closed","ping_status":"closed","sticky":false,"template":"","format":"standard","meta":{"om_disable_all_campaigns":false,"inline_featured_image":false,"footnotes":"","_links_to":"","_links_to_target":""},"categories":[94,100,1],"tags":[],"aioseo_notices":[],"_links":{"self":[{"href":"https:\/\/wartapoznan.pl\/index.php\/wp-json\/wp\/v2\/posts\/2987"}],"collection":[{"href":"https:\/\/wartapoznan.pl\/index.php\/wp-json\/wp\/v2\/posts"}],"about":[{"href":"https:\/\/wartapoznan.pl\/index.php\/wp-json\/wp\/v2\/types\/post"}],"author":[{"embeddable":true,"href":"https:\/\/wartapoznan.pl\/index.php\/wp-json\/wp\/v2\/users\/38"}],"replies":[{"embeddable":true,"href":"https:\/\/wartapoznan.pl\/index.php\/wp-json\/wp\/v2\/comments?post=2987"}],"version-history":[{"count":7,"href":"https:\/\/wartapoznan.pl\/index.php\/wp-json\/wp\/v2\/posts\/2987\/revisions"}],"predecessor-version":[{"id":2995,"href":"https:\/\/wartapoznan.pl\/index.php\/wp-json\/wp\/v2\/posts\/2987\/revisions\/2995"}],"wp:featuredmedia":[{"embeddable":true,"href":"https:\/\/wartapoznan.pl\/index.php\/wp-json\/wp\/v2\/media\/2093"}],"wp:attachment":[{"href":"https:\/\/wartapoznan.pl\/index.php\/wp-json\/wp\/v2\/media?parent=2987"}],"wp:term":[{"taxonomy":"category","embeddable":true,"href":"https:\/\/wartapoznan.pl\/index.php\/wp-json\/wp\/v2\/categories?post=2987"},{"taxonomy":"post_tag","embeddable":true,"href":"https:\/\/wartapoznan.pl\/index.php\/wp-json\/wp\/v2\/tags?post=2987"}],"curies":[{"name":"wp","href":"https:\/\/api.w.org\/{rel}","templated":true}]}}