{"id":29919,"date":"2024-05-15T15:06:51","date_gmt":"2024-05-15T13:06:51","guid":{"rendered":"https:\/\/wartapoznan.pl\/?p=29919"},"modified":"2024-05-15T15:06:51","modified_gmt":"2024-05-15T13:06:51","slug":"warta-poznan-wiceliderem-rankingu-spolecznej-odpowiedzialnosci-klubow-sportowych","status":"publish","type":"post","link":"https:\/\/wartapoznan.pl\/index.php\/2024\/05\/15\/warta-poznan-wiceliderem-rankingu-spolecznej-odpowiedzialnosci-klubow-sportowych\/","title":{"rendered":"Warta Pozna\u0144 wiceliderem rankingu spo\u0142ecznej odpowiedzialno\u015bci klub\u00f3w sportowych"},"content":{"rendered":"<p><strong><em>\u201eWarta Pozna\u0144 jest polskim liderem strategicznego my\u015blenia o wp\u0142ywie klubu sportowego na \u015brodowisko\u201d<\/em> \u2013 czytamy w raporcie \u201eAnaliza odpowiedzialno\u015bci klub\u00f3w PKO BP Ekstraklasy\u201d. \u201eZieloni\u201d po raz drugi z rz\u0119du zostali wiceliderem rankingu. Pierwsze miejsce przypad\u0142o Widzewowi \u0141\u00f3d\u017a.<\/strong><\/p>\n<p>W \u015brod\u0119, 15 maja \u015bwiat\u0142o dzienne ujrza\u0142a kolejna ju\u017c edycja raportu przygotowanego przez Institute for Sport Governance, niezale\u017cnego think tanku, wspieraj\u0105cego dzia\u0142ania w kierunku jeszcze lepszego zarz\u0105dzania i zwi\u0119kszania spo\u0142ecznej odpowiedzialno\u015bci klub\u00f3w sportowych. W naj\u015bwie\u017cszym opracowaniu \u2013 obejmuj\u0105cym sezon 2022\/23 \u2013 analitycy docenili dzia\u0142ania Warty Pozna\u0144. Najstarszy klub pi\u0142karski w stolicy Wielkopolski zaj\u0105\u0142 drugie miejsce w Polsce. Wygra\u0142 Widzew \u0141\u00f3d\u017a, a ubieg\u0142oroczny triumfator, Legia Warszawa, tym razem zaj\u0119\u0142a trzeci\u0105 pozycj\u0119.<\/p>\n<p>W rankingu uzyskuje si\u0119 punkty za dzia\u0142alno\u015b\u0107 w nast\u0119puj\u0105cych obszarach: spo\u0142ecze\u0144stwo, \u015brodowisko i rz\u0105dzenie. W drugim z nich zdecydowanie zwyci\u0119\u017cy\u0142a Warta Pozna\u0144, kt\u00f3ra \u2013 jak to uj\u0119to w raporcie \u2013 <em>\u201ejest polskim liderem strategicznego my\u015blenia o wp\u0142ywie klubu sportowego na \u015brodowisko. Klub ten jako pierwsza organizacja sportowa w Polsce opublikowa\u0142 polityk\u0119 \u015brodowiskow\u0105, strategi\u0119 ESG, przedstawia te\u017c ju\u017c drugi holistyczny dokument strategiczny z jasnymi odniesieniami do odpowiedzialno\u015bci\u201d.<\/em><\/p>\n<p>Opublikowany w\u0142a\u015bnie raport przytacza trzy tzw. dobre praktyki, kt\u00f3re prowadzi Warta Pozna\u0144. Dwa z nich dotycz\u0105 obszaru \u015brodowiska i s\u0105 to: edukacja ekologiczna, pod kt\u00f3r\u0105 kryje si\u0119 \u201eedukacja pracownik\u00f3w i zawodnik\u00f3w dotycz\u0105c\u0105 ograniczania oddzia\u0142ywania na \u015brodowisko\u201d, a tak\u017ce strategiczne podej\u015bcie do wp\u0142ywu na \u015brodowisko. Tutaj specjali\u015bci docenili opracowanie \u201ePolityki Ekologicznej Klubu 2022-2025\u201d i przeprowadzenie w zwi\u0105zku z tym audytu \u015brodowiskowego, kt\u00f3ry mia\u0142 na celu zmierzenie \u015bladu w\u0119glowego, kt\u00f3ry powstaje w zwi\u0105zku z bazow\u0105 dzia\u0142alno\u015bci\u0105 klubu. Przedstawiono te\u017c za\u0142o\u017cenia redukcji \u015bladu w najbli\u017cszych latach.<\/p>\n<p>W\u015br\u00f3d dobrych praktyk Warty Pozna\u0144 raport wyszczeg\u00f3lnia te\u017c dzia\u0142ania z zakresu zarz\u0105dzania. Chodzi tu o przygotowanie dw\u00f3ch plan\u00f3w rozwoju klubu \u2013 pierwszego, obejmuj\u0105cego lata 2020-23, a tak\u017ce bie\u017c\u0105cego, kt\u00f3ry obowi\u0105zuje do 2025 roku. \u201eProces tworzenia tego planu umo\u017cliwia wyznaczenie cel\u00f3w i ich monitorowanie w czasie, co pozwala zar\u00f3wno organizacji, jak i \u00a0zainteresowanym stronom oceni\u0107 skuteczno\u015b\u0107 jego wdro\u017cenia\u201d \u2013 uwa\u017caj\u0105 specjali\u015bci z Institute for Sport Governance.<\/p>\n<p>&#8211; <em>Utrzymali\u015bmy mocn\u0105 drug\u0105 pozycj\u0119, kt\u00f3r\u0105 zaj\u0119li\u015bmy r\u00f3wnie\u017c w ubieg\u0142orocznym raporcie. Z jednej strony to dla nas dow\u00f3d na to, \u017ce jeste\u015bmy na w\u0142a\u015bciwej \u015bcie\u017cce w realizacji naszej strategii rozwoju klubu, z drugiej mamy te\u017c podpowied\u017a, w jakich obszarach mo\u017cemy si\u0119 jeszcze poprawi\u0107. To dla nas cenna wiedza<\/em> \u2013 m\u00f3wi Jaros\u0142aw \u017bubka, pe\u0142nomocnik zarz\u0105du Warty Pozna\u0144 ds. ESG i wizerunku. &#8211; <em>Przed nami, jak i przed ca\u0142ym \u015brodowiskiem sportowym du\u017co pracy. Wszyscy mo\u017cemy mie\u0107 spore odzia\u0142ywanie i kreowa\u0107 zmiany \u015bwiadomo\u015b\u0107 i postaw. To d\u0142ugi proces wymagaj\u0105cy systematycznego podej\u015bcia. Jako Warta, bardzo ch\u0119tnie dzielimy si\u0119\u00a0 nasz\u0105 perspektyw\u0105 i wiedz\u0105. Tutaj nie ma rywalizacji\u2026 gramy do jednej bramki.<\/em><\/p>\n<p><a href=\"https:\/\/bit.ly\/RaportCSR_Ekstraklasa22-23_ISG\" target=\"_blank\" rel=\"noopener\">Z omawianym raportem mo\u017cna si\u0119 zapozna\u0107 na stronie instytutu<\/a><\/p>\n","protected":false},"excerpt":{"rendered":"<p>\u201eWarta Pozna\u0144 jest polskim liderem strategicznego my\u015blenia o wp\u0142ywie klubu sportowego na \u015brodowisko\u201d \u2013 czytamy w raporcie \u201eAnaliza odpowiedzialno\u015bci klub\u00f3w&#8230;<\/p>\n","protected":false},"author":36,"featured_media":29921,"comment_status":"closed","ping_status":"closed","sticky":false,"template":"","format":"standard","meta":{"om_disable_all_campaigns":false,"inline_featured_image":false,"footnotes":"","_links_to":"","_links_to_target":""},"categories":[94,309,245,1],"tags":[],"aioseo_notices":[],"_links":{"self":[{"href":"https:\/\/wartapoznan.pl\/index.php\/wp-json\/wp\/v2\/posts\/29919"}],"collection":[{"href":"https:\/\/wartapoznan.pl\/index.php\/wp-json\/wp\/v2\/posts"}],"about":[{"href":"https:\/\/wartapoznan.pl\/index.php\/wp-json\/wp\/v2\/types\/post"}],"author":[{"embeddable":true,"href":"https:\/\/wartapoznan.pl\/index.php\/wp-json\/wp\/v2\/users\/36"}],"replies":[{"embeddable":true,"href":"https:\/\/wartapoznan.pl\/index.php\/wp-json\/wp\/v2\/comments?post=29919"}],"version-history":[{"count":2,"href":"https:\/\/wartapoznan.pl\/index.php\/wp-json\/wp\/v2\/posts\/29919\/revisions"}],"predecessor-version":[{"id":29928,"href":"https:\/\/wartapoznan.pl\/index.php\/wp-json\/wp\/v2\/posts\/29919\/revisions\/29928"}],"wp:featuredmedia":[{"embeddable":true,"href":"https:\/\/wartapoznan.pl\/index.php\/wp-json\/wp\/v2\/media\/29921"}],"wp:attachment":[{"href":"https:\/\/wartapoznan.pl\/index.php\/wp-json\/wp\/v2\/media?parent=29919"}],"wp:term":[{"taxonomy":"category","embeddable":true,"href":"https:\/\/wartapoznan.pl\/index.php\/wp-json\/wp\/v2\/categories?post=29919"},{"taxonomy":"post_tag","embeddable":true,"href":"https:\/\/wartapoznan.pl\/index.php\/wp-json\/wp\/v2\/tags?post=29919"}],"curies":[{"name":"wp","href":"https:\/\/api.w.org\/{rel}","templated":true}]}}