{"id":29922,"date":"2024-05-15T18:00:41","date_gmt":"2024-05-15T16:00:41","guid":{"rendered":"https:\/\/wartapoznan.pl\/?p=29922"},"modified":"2024-05-15T19:08:43","modified_gmt":"2024-05-15T17:08:43","slug":"dolacz-do-zielonej-rodziny-klubu-kibica-warty-poznan","status":"publish","type":"post","link":"https:\/\/wartapoznan.pl\/index.php\/2024\/05\/15\/dolacz-do-zielonej-rodziny-klubu-kibica-warty-poznan\/","title":{"rendered":"Do\u0142\u0105cz do &#8222;Zielonej Rodziny &#8211; Klubu Kibica Warty Pozna\u0144"},"content":{"rendered":"<p><strong><em>&#8211; Chcemy, aby Klub Kibica \u201eZielona Rodzina\u201d by\u0142 miejscem, w kt\u00f3rym ka\u017cdy mo\u017ce znale\u017a\u0107 co\u015b dla siebie, niezale\u017cnie od wieku czy poziomu zaanga\u017cowania w sport <\/em>\u2013 m\u00f3wi Marcin Kozubski, dyrektor marketingu i komunikacji Warty Pozna\u0144. Ju\u017c dzi\u015b mo\u017cna zosta\u0107 cz\u0142onkiem Klubu Kibica \u2013 wspiera\u0107 \u201eZielonych\u201d i jednocze\u015bnie korzysta\u0107 z benefit\u00f3w.<\/strong><\/p>\n<p>Zapowied\u017a utworzenia klubu cz\u0142onkowskiego Warta Pozna\u0144 og\u0142osi\u0142a w ubieg\u0142orocznym \u201ePlanie rozwoju\u201d na lata 2024-2027. Jest to jeden z element\u00f3w kluczowych dla rozwoju najstarszego klubu pi\u0142karskiego w stolicy Wielkopolski. Dotyczy bowiem rozwoju spo\u0142eczno\u015bci skupionej wok\u00f3\u0142 wsp\u00f3lnych idei i pasji: zaanga\u017cowania w \u017cycie sportowe, aktywno\u015b\u0107 fizyczn\u0105, integracj\u0119 spo\u0142eczn\u0105 (w tym walk\u0119 z wykluczeniami), mo\u017cliwo\u015b\u0107 rozwijania talent\u00f3w czy realizacji w\u0142asnego hobby i troska o otoczenie.<\/p>\n<p>Termin uruchomienia Klubu Kibica \u201eZielona Rodzina\u201d nie jest przypadkowy. W przysz\u0142ym sezonie ligowym planowany jest powr\u00f3t Warty do Poznania i rozgrywanie przez ni\u0105 mecz\u00f3w na Stadionie Miejskim przy ul. Bu\u0142garskiej. Dla klubu i jego kibic\u00f3w to mo\u017ce by\u0107 nowe otwarcie i wa\u017cny bodziec do zacie\u015bniania wi\u0119zi w ramach \u201eZielonej Rodziny\u201d.<\/p>\n<p>&#8211; <em>Warta Pozna\u0144 to klub z bogat\u0105 histori\u0105 i silnymi korzeniami w lokalnej spo\u0142eczno\u015bci, a stworzenie Klubu Kibica jest naturalnym krokiem w kierunku dalszego wzmacniania tej wi\u0119zi. Chcemy zintegrowa\u0107 kibic\u00f3w \u201eZielonych\u201d, tworz\u0105c siln\u0105, zjednoczon\u0105 spo\u0142eczno\u015b\u0107, kt\u00f3ra wspiera dru\u017cyn\u0119 zar\u00f3wno na stadionie, jak i poza nim<\/em> \u2013 m\u00f3wi Marcin Kozubski, dyrektor marketingu i komunikacji Warty Pozna\u0144.<\/p>\n<p>Klub Kibica b\u0119dzie oferowa\u0142 szereg korzy\u015bci dla jego uczestnik\u00f3w, w tym zni\u017cki klubowe, jak i u partner\u00f3w \u201eZielonych\u201d, tak\u017ce dost\u0119p do ekskluzywnych wydarze\u0144, takich jak np. spotkania z dru\u017cyn\u0105. Celem jest te\u017c promowanie warto\u015bci, takich jak zr\u00f3wnowa\u017cony rozw\u00f3j, odpowiedzialno\u015b\u0107 spo\u0142eczna i aktywno\u015b\u0107 obywatelska.<\/p>\n<p><iframe title=\"YouTube video player\" src=\"https:\/\/www.youtube.com\/embed\/bFBjwm3zhgE?si=Dhs4mihpwBtUdxXW\" frameborder=\"0\" allowfullscreen=\"allowfullscreen\"><\/iframe><\/p>\n<p>Ju\u017c dzi\u015b mo\u017cna przyst\u0105pi\u0107 do \u201eZielonej Rodziny\u201d i odebra\u0107 zestaw powitalny, a jednocze\u015bnie wybra\u0107 jeden z dw\u00f3ch pakiet\u00f3w, w kt\u00f3rych miesi\u0119czna op\u0142ata wynosi 19 z\u0142 (Pakiet Srebrny) lub 39 z\u0142 (Pakiet Z\u0142oty). Wp\u0142ywy ze sk\u0142adek zostan\u0105 w ca\u0142o\u015bci przeznaczone na projekt wskazany przez kibica. Do wyboru s\u0105: Akademia Warty Pozna\u0144, sekcje amp futbolu i blind footballu (oba projekty spo\u0142eczne razem) oraz ekologia.<\/p>\n<p>&#8211; <em>Wierzymy w to, \u017ce Klub Kibica \u201eZielona Rodzina\u201d ma szans\u0119 sta\u0107 si\u0119 sercem wspieraj\u0105cym dru\u017cyn\u0119, a jego cz\u0142onkowie b\u0119d\u0105 ambasadorami pozytywnych zmian w naszej spo\u0142eczno\u015bci. Chcemy, aby Klub Kibica by\u0142 miejscem, w kt\u00f3rym ka\u017cdy mo\u017ce znale\u017a\u0107 co\u015b dla siebie, niezale\u017cnie od wieku czy poziomu zaanga\u017cowania w sport<\/em> \u2013 podkre\u015bla Marcin Kozubski.<\/p>\n<p><a href=\"https:\/\/wartapoznan.pl\/index.php\/zielona-rodzina\/\" target=\"_blank\" rel=\"noopener\">Kliknij i przejd\u017a na stron\u0119 \u201eZielonej Rodziny\u201d<\/a><\/p>\n<p>&nbsp;<\/p>\n<p>&nbsp;<\/p>\n<p>&nbsp;<\/p>\n","protected":false},"excerpt":{"rendered":"<p>&#8211; Chcemy, aby Klub Kibica \u201eZielona Rodzina\u201d by\u0142 miejscem, w kt\u00f3rym ka\u017cdy mo\u017ce znale\u017a\u0107 co\u015b dla siebie, niezale\u017cnie od wieku&#8230;<\/p>\n","protected":false},"author":36,"featured_media":29924,"comment_status":"closed","ping_status":"closed","sticky":false,"template":"","format":"standard","meta":{"om_disable_all_campaigns":false,"inline_featured_image":false,"footnotes":"","_links_to":"","_links_to_target":""},"categories":[94,100,245,1],"tags":[],"aioseo_notices":[],"_links":{"self":[{"href":"https:\/\/wartapoznan.pl\/index.php\/wp-json\/wp\/v2\/posts\/29922"}],"collection":[{"href":"https:\/\/wartapoznan.pl\/index.php\/wp-json\/wp\/v2\/posts"}],"about":[{"href":"https:\/\/wartapoznan.pl\/index.php\/wp-json\/wp\/v2\/types\/post"}],"author":[{"embeddable":true,"href":"https:\/\/wartapoznan.pl\/index.php\/wp-json\/wp\/v2\/users\/36"}],"replies":[{"embeddable":true,"href":"https:\/\/wartapoznan.pl\/index.php\/wp-json\/wp\/v2\/comments?post=29922"}],"version-history":[{"count":4,"href":"https:\/\/wartapoznan.pl\/index.php\/wp-json\/wp\/v2\/posts\/29922\/revisions"}],"predecessor-version":[{"id":29930,"href":"https:\/\/wartapoznan.pl\/index.php\/wp-json\/wp\/v2\/posts\/29922\/revisions\/29930"}],"wp:featuredmedia":[{"embeddable":true,"href":"https:\/\/wartapoznan.pl\/index.php\/wp-json\/wp\/v2\/media\/29924"}],"wp:attachment":[{"href":"https:\/\/wartapoznan.pl\/index.php\/wp-json\/wp\/v2\/media?parent=29922"}],"wp:term":[{"taxonomy":"category","embeddable":true,"href":"https:\/\/wartapoznan.pl\/index.php\/wp-json\/wp\/v2\/categories?post=29922"},{"taxonomy":"post_tag","embeddable":true,"href":"https:\/\/wartapoznan.pl\/index.php\/wp-json\/wp\/v2\/tags?post=29922"}],"curies":[{"name":"wp","href":"https:\/\/api.w.org\/{rel}","templated":true}]}}