{"id":29953,"date":"2024-05-15T14:15:01","date_gmt":"2024-05-15T12:15:01","guid":{"rendered":"https:\/\/wartapoznan.pl\/?p=29953"},"modified":"2024-05-17T14:20:33","modified_gmt":"2024-05-17T12:20:33","slug":"juz-wkrotce-akademia-klasy-ekstra-w-grodzisku-wielkopolskim","status":"publish","type":"post","link":"https:\/\/wartapoznan.pl\/index.php\/2024\/05\/15\/juz-wkrotce-akademia-klasy-ekstra-w-grodzisku-wielkopolskim\/","title":{"rendered":"Ju\u017c wkr\u00f3tce Akademie Klasy Ekstra w Grodzisku Wielkopolskim"},"content":{"rendered":"<p><strong>U\u015bmiechni\u0119te twarze dzieci, pasja do pi\u0142ki no\u017cnej i wielka sportowa przygoda \u2013 w pi\u0105tek 24.05 na boiskach przy ul. Powsta\u0144c\u00f3w Chocieszy\u0144skich 52 w Grodzisku Wlkp. Fundacja Ekstraklasy we wsp\u00f3\u0142pracy z Wart\u0105 Pozna\u0144 zorganizuj\u0105 wydarzenie z cyklu Akademie Klasy Ekstra. Jest to projekt zak\u0142adaj\u0105cy organizacj\u0119 rozgrywek pi\u0142karskich dla dzieci ze wsparciem ka\u017cdego z klub\u00f3w Ekstraklasy. G\u0142\u00f3wnym punktem wydarzenia jest turniej pi\u0142karski zawodnik\u00f3w U11, a dla nieco m\u0142odszych pi\u0142karzy U9 organizowany jest turniej Funino.<\/strong><\/p>\n<p>Tegoroczne turnieje Akademii Klasy Ekstra to ju\u017c dziewi\u0105ta edycja tego projektu \u2013 organizatorem wydarzenia jest Fundacja Ekstraklasy, a sam projekt finansowany jest ze \u015brodk\u00f3w Ekstraklasy oraz Ministerstwa Sportu i Turystyki. W ci\u0105gu trzech tygodni organizatorzy odwiedz\u0105 ka\u017cdy klub Ekstraklasy \u2013 w ka\u017cdym kolejnym dniu b\u0119d\u0105c obecnym w innej lokalizacji. Pierwszy turniej zostanie rozegrany w poniedzia\u0142ek 6 maja z udzia\u0142em Radomiaka Radom &#8211; Akademie Klasy Ekstra w 2024 roku zako\u0144cz\u0105 si\u0119 26 maja na obiektach Legii Warszawa. G\u0142\u00f3wnym celem projektu jest promocja sportu w\u015br\u00f3d dzieci i m\u0142odzie\u017cy, kszta\u0142towanie aktywnego trybu \u017cycia oraz zach\u0119canie do rozwoju pi\u0142karskich umiej\u0119tno\u015bci.<\/p>\n<p>Wszystkie kluby zapraszaj\u0105 do wsp\u00f3lnej zabawy swoje zaprzyja\u017anione akademie z okolicznych miejscowo\u015bci czy partnerskich o\u015brodk\u00f3w. Najstarsi uczestnicy Akademii Klasy Ekstra to zawodnicy urodzeni w roku 2013, kt\u00f3rzy rozgrywaj\u0105 ze sob\u0105 mecze w formule turniejowej. Spotkania odbywaj\u0105 si\u0119 na placu gry o wymiarach 60&#215;40 m z bramkami 5&#215;2 m &#8211; na boisku w jednej dru\u017cynie przebywa\u0107 mo\u017ce 7 zawodnik\u00f3w (6+1 bramkarz). W turnieju udzia\u0142 bierze najcz\u0119\u015bciej 8 zespo\u0142\u00f3w podzielonych na dwie grupy, rozgrywaj\u0105c spotkania \u201cka\u017cdy z ka\u017cdym\u201d. Najwa\u017cniejsza informacja jest jednak taka, \u017ce w trakcie turnieju nie ma prowadzonych tabel z wynikami.<\/p>\n<p>Z kolei zawodnicy wieku do 9 lat mog\u0105 czerpa\u0107 rado\u015b\u0107 z gry w pi\u0142k\u0119 poprzez udzia\u0142 w turnieju Funino. Zgodnie z ide\u0105 tej metodologii celem rozgrywki jest przede wszystkim zach\u0119cenie do uprawiania sportu, rozw\u00f3j pi\u0142karskich umiej\u0119tno\u015bci oraz pobudzanie kreatywno\u015bci potrzebnej zar\u00f3wno na boisku jak i w codziennym \u017cyciu. Podczas takich spotka\u0144 na boisku przebywa po trzech zawodnik\u00f3w w ka\u017cdym zespole, a zawodnicy staraj\u0105 si\u0119 zdoby\u0107 punkt poprzez umieszczenie pi\u0142ki w jednej z dw\u00f3ch bramek. Co najwa\u017cniejsze, w tym turnieju nie ma s\u0119dzi\u00f3w i tutaj tak\u017ce nie s\u0105 prowadzone tabele z wynikami.<\/p>\n<p>Do udzia\u0142u w zabawie zapraszane s\u0105 r\u00f3wnie\u017c dzieci w wieku przedszkolnym, kt\u00f3re mog\u0105 sp\u0119dzi\u0107 aktywnie czas na przygotowanych torach przeszk\u00f3d czy podczas zabaw animacyjnych. Ca\u0142e wydarzenie jest tak naprawd\u0119 sportowym piknikiem rodzinnym, ch\u0119tnie odwiedzanym nie tylko przez zawodnik\u00f3w, ale r\u00f3wnie\u017c ich rodzic\u00f3w czy opiekun\u00f3w. Wydarzenie poprowadzi Dariusz \u015al\u0119zak (DJ Ucho), kt\u00f3ry jako DJ i konferansjer prowadzi\u0142 wiele popularnych wydarze\u0144 sportowych. O jak najlepsz\u0105 rozgrzewk\u0119 zadba Kacper Lachowicz (Kacpa), trener koszyk\u00f3wki &#8211; od 2010 roku wsp\u00f3\u0142prowadzi Marcin Gortat Camp.<\/p>\n<p>Podczas ka\u017cdego z wydarze\u0144 na uczestnik\u00f3w czekaj\u0105 dodatkowe atrakcje. Podobnie jak w poprzednich latach nie zabraknie pokaz\u00f3w Teqball prowadzonych przez reprezentant\u00f3w Polski w tej dyscyplinie. B\u0119dzie to by\u0142a doskona\u0142a okazja do zapoznania si\u0119 z tym fascynuj\u0105cym sportem i pr\u00f3by swoich si\u0142 w grze. Kolejna z przygotowanych atrakcji to strefa Fitlight i Czas Reakcji &#8211; wszyscy uczestnicy projektu Akademii Klasy Ekstra otrzymaj\u0105 szans\u0119 spr\u00f3bowania swoich si\u0142 w konkurencjach z wykorzystaniem specjalnych urz\u0105dze\u0144, pozwalaj\u0105cych na weryfikacj\u0119 refleksu i popraw\u0119 swojej koordynacji. Organizatorzy zadbali r\u00f3wnie\u017c o przygotowanie mnogo\u015bci dmuchanc\u00f3w (pi\u0142karzyki, pi\u0142karski dart) czy boisk umo\u017cliwiaj\u0105cych gr\u0119 1 na 1. Zar\u00f3wno m\u0142odsi jak i starsi uczestnicy z pewno\u015bci\u0105 znajd\u0105 dla siebie dodatkowe aktywno\u015bci, kt\u00f3re pozwol\u0105 jeszcze bardziej cieszy\u0107 si\u0119 z obecno\u015bci na Akademiach Klasy Ekstra.<\/p>\n<p>Ka\u017cdy z zawodnik\u00f3w bior\u0105cych udzia\u0142 w projekcie Akademie Klasy Ekstra mo\u017ce liczy\u0107 na szereg upomink\u00f3w. Przede wszystkich wszyscy m\u0142odzi sportowcy za udzia\u0142 w turnieju otrzymuj\u0105 nagrody z r\u0105k trener\u00f3w oraz zaproszonych go\u015bci na okaza\u0142ej scenie przy uroczystej oprawie. Wszyscy uczestnicy otrzymaj\u0105 pami\u0105tkowy dyplom, a opr\u00f3cz tego najm\u0142odsi zawodnicy mog\u0105 cieszy\u0107 si\u0119 z medalu. Ich starsi koledzy zdobywaj\u0105 natomiast puchar za udzia\u0142 w turnieju U11.<\/p>\n<p>Tegoroczna edycja Akademii Klasy Ekstra zostanie zorganizowana we wsp\u00f3\u0142pracy z Wart\u0105 Pozna\u0144 w pi\u0105tek <strong>24.05<\/strong> na obiektach w Grodzisku Wielkopolskim, przy <strong>ul. Powsta\u0144c\u00f3w Chocieszy\u0144skich 52<\/strong>. Pocz\u0105tek wydarzenia zaplanowano na godzin\u0119 <strong>10:00<\/strong>, kiedy to odb\u0119dzie si\u0119 ceremonia otwarcia, gwarantuj\u0105ca wiele aktywno\u015bci i zabaw. <strong>\u017byczymy przyjemnej zabawy!<\/strong><\/p>\n","protected":false},"excerpt":{"rendered":"<p>U\u015bmiechni\u0119te twarze dzieci, pasja do pi\u0142ki no\u017cnej i wielka sportowa przygoda \u2013 w pi\u0105tek 24.05 na boiskach przy ul. Powsta\u0144c\u00f3w&#8230;<\/p>\n","protected":false},"author":36,"featured_media":29954,"comment_status":"closed","ping_status":"closed","sticky":false,"template":"","format":"standard","meta":{"om_disable_all_campaigns":false,"inline_featured_image":false,"footnotes":"","_links_to":"","_links_to_target":""},"categories":[95,1],"tags":[],"aioseo_notices":[],"_links":{"self":[{"href":"https:\/\/wartapoznan.pl\/index.php\/wp-json\/wp\/v2\/posts\/29953"}],"collection":[{"href":"https:\/\/wartapoznan.pl\/index.php\/wp-json\/wp\/v2\/posts"}],"about":[{"href":"https:\/\/wartapoznan.pl\/index.php\/wp-json\/wp\/v2\/types\/post"}],"author":[{"embeddable":true,"href":"https:\/\/wartapoznan.pl\/index.php\/wp-json\/wp\/v2\/users\/36"}],"replies":[{"embeddable":true,"href":"https:\/\/wartapoznan.pl\/index.php\/wp-json\/wp\/v2\/comments?post=29953"}],"version-history":[{"count":2,"href":"https:\/\/wartapoznan.pl\/index.php\/wp-json\/wp\/v2\/posts\/29953\/revisions"}],"predecessor-version":[{"id":29956,"href":"https:\/\/wartapoznan.pl\/index.php\/wp-json\/wp\/v2\/posts\/29953\/revisions\/29956"}],"wp:featuredmedia":[{"embeddable":true,"href":"https:\/\/wartapoznan.pl\/index.php\/wp-json\/wp\/v2\/media\/29954"}],"wp:attachment":[{"href":"https:\/\/wartapoznan.pl\/index.php\/wp-json\/wp\/v2\/media?parent=29953"}],"wp:term":[{"taxonomy":"category","embeddable":true,"href":"https:\/\/wartapoznan.pl\/index.php\/wp-json\/wp\/v2\/categories?post=29953"},{"taxonomy":"post_tag","embeddable":true,"href":"https:\/\/wartapoznan.pl\/index.php\/wp-json\/wp\/v2\/tags?post=29953"}],"curies":[{"name":"wp","href":"https:\/\/api.w.org\/{rel}","templated":true}]}}