{"id":3001,"date":"2018-11-29T13:49:11","date_gmt":"2018-11-29T12:49:11","guid":{"rendered":"http:\/\/klubwarta.pl\/?p=3001"},"modified":"2018-11-29T13:49:11","modified_gmt":"2018-11-29T12:49:11","slug":"dominik-sulikowski-sedzia-meczu-z-puszcza","status":"publish","type":"post","link":"https:\/\/wartapoznan.pl\/index.php\/2018\/11\/29\/dominik-sulikowski-sedzia-meczu-z-puszcza\/","title":{"rendered":"Dominik Sulikowski s\u0119dzi\u0105 meczu z Puszcz\u0105"},"content":{"rendered":"<p><strong>Mecz 21. kolejki Fortuna 1 Ligi pomi\u0119dzy Wart\u0105 a Puszcz\u0105 Niepo\u0142omice poprowadzi Dominik Sulikowski z Gda\u0144ska.<\/strong><\/p>\n<p>40-letni arbiter poprowadzi\u0142 pierwsze spotkanie na poziomie Ekstraklasy w 2017 roku, a od sezonu 2017\/18 regularnie s\u0119dziuje starcia na najwy\u017cszym, jak i na drugim poziomie rozgrywkowym w Polsce. W obecnych rozgrywkach by\u0142 rozjemc\u0105 w czterech meczach Ekstraklasy i czterech spotkaniach Fortuna 1 Ligi, w kt\u00f3rych pokaza\u0142 47 \u017c\u00f3\u0142tych i dwie czerwone kartki, a pi\u0119ciokrotnie wskazywa\u0142 na &#8222;wapno&#8221;.<\/p>\n<p>Na liniach Sulikowskiemu pomag\u0105\u00a0Marcin Lisowski i Dariusz Bohonos, a rol\u0119 s\u0119dziego technicznego pe\u0142ni\u0107 b\u0119dzie Filip Kaliszewski.<\/p>\n","protected":false},"excerpt":{"rendered":"<p>Mecz 21. kolejki Fortuna 1 Ligi pomi\u0119dzy Wart\u0105 a Puszcz\u0105 Niepo\u0142omice poprowadzi Dominik Sulikowski z Gda\u0144ska. 40-letni arbiter poprowadzi\u0142 pierwsze&#8230;<\/p>\n","protected":false},"author":38,"featured_media":2157,"comment_status":"closed","ping_status":"closed","sticky":false,"template":"","format":"standard","meta":{"om_disable_all_campaigns":false,"inline_featured_image":false,"footnotes":"","_links_to":"","_links_to_target":""},"categories":[94,100,1],"tags":[],"aioseo_notices":[],"_links":{"self":[{"href":"https:\/\/wartapoznan.pl\/index.php\/wp-json\/wp\/v2\/posts\/3001"}],"collection":[{"href":"https:\/\/wartapoznan.pl\/index.php\/wp-json\/wp\/v2\/posts"}],"about":[{"href":"https:\/\/wartapoznan.pl\/index.php\/wp-json\/wp\/v2\/types\/post"}],"author":[{"embeddable":true,"href":"https:\/\/wartapoznan.pl\/index.php\/wp-json\/wp\/v2\/users\/38"}],"replies":[{"embeddable":true,"href":"https:\/\/wartapoznan.pl\/index.php\/wp-json\/wp\/v2\/comments?post=3001"}],"version-history":[{"count":1,"href":"https:\/\/wartapoznan.pl\/index.php\/wp-json\/wp\/v2\/posts\/3001\/revisions"}],"predecessor-version":[{"id":3005,"href":"https:\/\/wartapoznan.pl\/index.php\/wp-json\/wp\/v2\/posts\/3001\/revisions\/3005"}],"wp:featuredmedia":[{"embeddable":true,"href":"https:\/\/wartapoznan.pl\/index.php\/wp-json\/wp\/v2\/media\/2157"}],"wp:attachment":[{"href":"https:\/\/wartapoznan.pl\/index.php\/wp-json\/wp\/v2\/media?parent=3001"}],"wp:term":[{"taxonomy":"category","embeddable":true,"href":"https:\/\/wartapoznan.pl\/index.php\/wp-json\/wp\/v2\/categories?post=3001"},{"taxonomy":"post_tag","embeddable":true,"href":"https:\/\/wartapoznan.pl\/index.php\/wp-json\/wp\/v2\/tags?post=3001"}],"curies":[{"name":"wp","href":"https:\/\/api.w.org\/{rel}","templated":true}]}}