{"id":3002,"date":"2018-11-29T13:49:59","date_gmt":"2018-11-29T12:49:59","guid":{"rendered":"http:\/\/klubwarta.pl\/?p=3002"},"modified":"2018-11-29T22:08:09","modified_gmt":"2018-11-29T21:08:09","slug":"pozostac-niepokonanym-historia-spotkan-z-puszcza","status":"publish","type":"post","link":"https:\/\/wartapoznan.pl\/index.php\/2018\/11\/29\/pozostac-niepokonanym-historia-spotkan-z-puszcza\/","title":{"rendered":"Pozosta\u0107 niepokonanym &#8211; historia spotka\u0144 z Puszcz\u0105"},"content":{"rendered":"<p><strong>W sobot\u0119 zmierzymy si\u0119 z zespo\u0142em z Niepo\u0142omic po raz czwarty w historii &#8211; do tej pory zesp\u00f3\u0142 z Ma\u0142opolski jeszcze ani razu nie zdoby\u0142 w starciu z Wart\u0105 trzech punkt\u00f3w.<\/strong><\/p>\n<p>Pierwszy mecz pomi\u0119dzy Wart\u0105 a Puszcz\u0105 odby\u0142 si\u0119 22 pa\u017adziernika 2016 roku w Poznaniu, na poziomie II ligi. Przybyli na obiekt przy Drodze D\u0119bi\u0144skiej byli wtedy \u015bwiadkami bezbramkowego remisu. Podczas rundy wiosennej, w Niepo\u0142omicach, gospodarze b\u0119d\u0105cy jednymi z g\u0142\u00f3wnych kandydat\u00f3w do awansu ulegli\u00a0<em>Zielonym<\/em> 1:2, po dw\u00f3ch bramkach \u0141ukasza Bia\u0142o\u017cyta.<\/p>\n<p>W tym sezonie z Puszcz\u0105 spotkali\u015bmy si\u0119 na pocz\u0105tku sierpnia, w ramach 4. kolejki Fortuna 1 Ligi. Podopieczni Petra N\u011bmca przywie\u017ali z Niepo\u0142omic komplet punkt\u00f3w, po tym, jak w 84. minucie Mi\u0142osza Mleczk\u0119 pokona\u0142 Krzysztof Biega\u0144ski.<\/p>\n","protected":false},"excerpt":{"rendered":"<p>W sobot\u0119 zmierzymy si\u0119 z zespo\u0142em z Niepo\u0142omic po raz czwarty w historii &#8211; do tej pory zesp\u00f3\u0142 z Ma\u0142opolski&#8230;<\/p>\n","protected":false},"author":38,"featured_media":3003,"comment_status":"closed","ping_status":"closed","sticky":false,"template":"","format":"standard","meta":{"om_disable_all_campaigns":false,"inline_featured_image":false,"footnotes":"","_links_to":"","_links_to_target":""},"categories":[94,100,1],"tags":[],"aioseo_notices":[],"_links":{"self":[{"href":"https:\/\/wartapoznan.pl\/index.php\/wp-json\/wp\/v2\/posts\/3002"}],"collection":[{"href":"https:\/\/wartapoznan.pl\/index.php\/wp-json\/wp\/v2\/posts"}],"about":[{"href":"https:\/\/wartapoznan.pl\/index.php\/wp-json\/wp\/v2\/types\/post"}],"author":[{"embeddable":true,"href":"https:\/\/wartapoznan.pl\/index.php\/wp-json\/wp\/v2\/users\/38"}],"replies":[{"embeddable":true,"href":"https:\/\/wartapoznan.pl\/index.php\/wp-json\/wp\/v2\/comments?post=3002"}],"version-history":[{"count":2,"href":"https:\/\/wartapoznan.pl\/index.php\/wp-json\/wp\/v2\/posts\/3002\/revisions"}],"predecessor-version":[{"id":3011,"href":"https:\/\/wartapoznan.pl\/index.php\/wp-json\/wp\/v2\/posts\/3002\/revisions\/3011"}],"wp:featuredmedia":[{"embeddable":true,"href":"https:\/\/wartapoznan.pl\/index.php\/wp-json\/wp\/v2\/media\/3003"}],"wp:attachment":[{"href":"https:\/\/wartapoznan.pl\/index.php\/wp-json\/wp\/v2\/media?parent=3002"}],"wp:term":[{"taxonomy":"category","embeddable":true,"href":"https:\/\/wartapoznan.pl\/index.php\/wp-json\/wp\/v2\/categories?post=3002"},{"taxonomy":"post_tag","embeddable":true,"href":"https:\/\/wartapoznan.pl\/index.php\/wp-json\/wp\/v2\/tags?post=3002"}],"curies":[{"name":"wp","href":"https:\/\/api.w.org\/{rel}","templated":true}]}}