{"id":30076,"date":"2024-06-03T10:19:44","date_gmt":"2024-06-03T08:19:44","guid":{"rendered":"https:\/\/wartapoznan.pl\/?p=30076"},"modified":"2024-06-05T17:36:33","modified_gmt":"2024-06-05T15:36:33","slug":"jak-grali-wypozyczeni-zawodnicy-warty-poznan-raport-144","status":"publish","type":"post","link":"https:\/\/wartapoznan.pl\/index.php\/2024\/06\/03\/jak-grali-wypozyczeni-zawodnicy-warty-poznan-raport-144\/","title":{"rendered":"Jak grali wypo\u017cyczeni zawodnicy Warty Pozna\u0144 \u2013 raport"},"content":{"rendered":"<p><strong>Przeczytaj raport i dowiedz si\u0119, jak w ostatnich dniach radzili sobie zawodnicy wypo\u017cyczeni z Warty Pozna\u0144 do klub\u00f3w z ni\u017cszych lig.<\/strong><\/p>\n<p><strong>Wiktor Ple\u015bnierowicz, 23 lata, obro\u0144ca (Polonia Warszawa, I liga)<br \/>\n<\/strong>\u2013 sezon zako\u0144czy\u0142 si\u0119 w ostatni weekend maja, Polonia utrzyma\u0142a si\u0119 w lidze, zajmuj\u0105c 15. miejsce w tabeli<br \/>\n<strong>\u2013 wyst\u0119py na wypo\u017cyczeniu w sezonie 2023\/24:<\/strong> 12 (922 minuty)<\/p>\n<p><strong>Wiktor Kami\u0144ski, 20 lat, napastnik (Sandecja Nowy S\u0105cz, II liga)<\/strong><br \/>\n\u2013 sezon zako\u0144czy\u0142 si\u0119 w ostatni weekend maja, Sandecja zaj\u0119\u0142a 17. miejsce i zosta\u0142a zdegradowana<br \/>\n<strong>\u2013 wyst\u0119py na wypo\u017cyczeniu w sezonie 2023\/24:<\/strong> 11 (536 minut)<\/p>\n<p><strong>Jakub Sangowski, 22 lata, napastnik (Olimpia Elbl\u0105g, II liga)<\/strong><br \/>\n\u2013 sezon zako\u0144czy\u0142 si\u0119 w ostatni weekend maja, Olimpia zaj\u0119\u0142a 13. pozycj\u0119 w tabeli<br \/>\n<strong>\u2013 wyst\u0119py na wypo\u017cyczeniu w sezonie 2023\/24:<\/strong> 22 (1536 minut, 4 gole)<\/p>\n<p><strong>Filip Jakubowski, 19 lat, obro\u0144ca (Podhale Nowy Targ, III liga)<\/strong><br \/>\n\u2013 90 minut w meczu z Siark\u0105 Tarnobrzeg (0:0)<br \/>\n<strong>\u2013 wyst\u0119py w sezonie 2023\/24:<\/strong> 27 (2252 minuty, 2 gole)<\/p>\n<p><strong>Aleksander Kultys, 19 lat, obro\u0144ca (Sok\u00f3\u0142 Kleczew, III liga)<\/strong><br \/>\n\u2013 90 minut w meczu z Poloni\u0105 \u015aroda Wlkp. (1:5)<br \/>\n<strong>\u2013 wyst\u0119py w sezonie 2023\/24:<\/strong> 27 (2225 minut, 1 gol)<\/p>\n<p><strong>Mateusz Kustosz, 21 lat, bramkarz, (Carina Gubin, III liga)<\/strong><br \/>\n&#8211; 90 minut w meczu z G\u00f3rnikiem II Zabrze (2:2)<br \/>\n<strong>\u2013 wyst\u0119py na wypo\u017cyczeniu w sezonie 2023\/24:<\/strong> 19 (1740 minut)<\/p>\n<p><strong>Leo Przybylak, 19 lat, bramkarz (Olimpia Zambr\u00f3w, III liga)<\/strong><br \/>\n\u2013 90 minut w meczu z GKS Be\u0142chat\u00f3w (2:2)<br \/>\n<strong>\u2013 wyst\u0119py w sezonie 2023\/24:<\/strong> 31 (2790 minut)<\/p>\n<p><strong>Miko\u0142aj Rakowski, 22 lata, pomocnik (Unia Solec Kujawski, III liga)<\/strong><br \/>\n\u2013 gra\u0142 do 90. minuty w meczu z KP Starogard Gda\u0144ski (2:1)<br \/>\n<strong>\u2013 wyst\u0119py w sezonie 2023\/24:<\/strong> 15 (1141 minut, 2 gole)<\/p>\n<p><strong>Szymon Sarbinowski, 20 lat, pomocnik (Flota \u015awinouj\u015bcie, III liga)<\/strong><br \/>\n\u2013 gra\u0142 do 76. minuty w meczu z Pogoni\u0105 II Szczecin (2:1)<br \/>\n<strong>\u2013 wyst\u0119py w sezonie 2023\/24:<\/strong> 28 (1684 minuty, 9 goli)<\/p>\n<p><strong>Miko\u0142aj Stangel, 19 lat, pomocnik (Polonia \u015aroda Wlkp., III liga)<\/strong><br \/>\n\u2013 gra\u0142 do 78. minuty w meczu z Soko\u0142em Kleczew (5:1)<br \/>\n<strong>\u2013 wyst\u0119py w sezonie 2023\/24:<\/strong> 21 (1817 minut, 2 gole)<\/p>\n<p><strong>Igor Sta\u0144czak, 17 lat, pomocnik (Warta Gorz\u00f3w, III liga)<\/strong><br \/>\n\u2013 gra\u0142 od 46. minuty meczu ze \u015al\u0119z\u0105 Wroc\u0142aw (5:0)<br \/>\n<strong>\u2013 wyst\u0119py na wypo\u017cyczeniu w sezonie 2023\/24:<\/strong> 15 (596 minut)<\/p>\n<p><strong>Jakub Wajman, 18 lat, pomocnik (Sok\u00f3\u0142 Kleczew, III liga)<\/strong><br \/>\n\u2013 gra\u0142 do 56. minuty w meczu z Poloni\u0105 \u015aroda Wlkp. (1:5)<br \/>\n<strong>\u2013 wyst\u0119py na wypo\u017cyczeniu w sezonie 2023\/24:<\/strong> 11 (890 minut, 1 gol)<\/p>\n<p><strong>Mi\u0142osz W\u00f3decki<\/strong>, <strong>20 lat, pomocnik (Polonia \u015aroda Wlkp., III liga)<\/strong><br \/>\n\u2013 nie gra\u0142 w meczu z Soko\u0142em Kleczew (5:1)<br \/>\n<strong>\u2013 wyst\u0119py w sezonie 2023\/24:<\/strong> 18 (821 minut, 1 gol).<\/p>\n","protected":false},"excerpt":{"rendered":"<p>Przeczytaj raport i dowiedz si\u0119, jak w ostatnich dniach radzili sobie zawodnicy wypo\u017cyczeni z Warty Pozna\u0144 do klub\u00f3w z ni\u017cszych&#8230;<\/p>\n","protected":false},"author":36,"featured_media":26428,"comment_status":"closed","ping_status":"closed","sticky":false,"template":"","format":"standard","meta":{"om_disable_all_campaigns":false,"inline_featured_image":false,"footnotes":"","_links_to":"","_links_to_target":""},"categories":[94,250,1],"tags":[],"aioseo_notices":[],"_links":{"self":[{"href":"https:\/\/wartapoznan.pl\/index.php\/wp-json\/wp\/v2\/posts\/30076"}],"collection":[{"href":"https:\/\/wartapoznan.pl\/index.php\/wp-json\/wp\/v2\/posts"}],"about":[{"href":"https:\/\/wartapoznan.pl\/index.php\/wp-json\/wp\/v2\/types\/post"}],"author":[{"embeddable":true,"href":"https:\/\/wartapoznan.pl\/index.php\/wp-json\/wp\/v2\/users\/36"}],"replies":[{"embeddable":true,"href":"https:\/\/wartapoznan.pl\/index.php\/wp-json\/wp\/v2\/comments?post=30076"}],"version-history":[{"count":2,"href":"https:\/\/wartapoznan.pl\/index.php\/wp-json\/wp\/v2\/posts\/30076\/revisions"}],"predecessor-version":[{"id":30078,"href":"https:\/\/wartapoznan.pl\/index.php\/wp-json\/wp\/v2\/posts\/30076\/revisions\/30078"}],"wp:featuredmedia":[{"embeddable":true,"href":"https:\/\/wartapoznan.pl\/index.php\/wp-json\/wp\/v2\/media\/26428"}],"wp:attachment":[{"href":"https:\/\/wartapoznan.pl\/index.php\/wp-json\/wp\/v2\/media?parent=30076"}],"wp:term":[{"taxonomy":"category","embeddable":true,"href":"https:\/\/wartapoznan.pl\/index.php\/wp-json\/wp\/v2\/categories?post=30076"},{"taxonomy":"post_tag","embeddable":true,"href":"https:\/\/wartapoznan.pl\/index.php\/wp-json\/wp\/v2\/tags?post=30076"}],"curies":[{"name":"wp","href":"https:\/\/api.w.org\/{rel}","templated":true}]}}