{"id":30333,"date":"2024-06-21T17:29:32","date_gmt":"2024-06-21T15:29:32","guid":{"rendered":"https:\/\/wartapoznan.pl\/?p=30333"},"modified":"2024-06-21T17:36:57","modified_gmt":"2024-06-21T15:36:57","slug":"kajetan-szmyt-odchodzi-z-warty-poznan-do-zaglebia-lubin","status":"publish","type":"post","link":"https:\/\/wartapoznan.pl\/index.php\/2024\/06\/21\/kajetan-szmyt-odchodzi-z-warty-poznan-do-zaglebia-lubin\/","title":{"rendered":"Kajetan Szmyt odchodzi z Warty Pozna\u0144 do Zag\u0142\u0119bia Lubin"},"content":{"rendered":"<p><strong>Wychowanek \u201eZielonych\u201d, Kajetan Szmyt zako\u0144czy\u0142 przygod\u0119 ze swoim rodzimym klubem. 22-letni pomocnik na zasadzie transferu definitywnego przeszed\u0142 do Zag\u0142\u0119bia Lubin.<\/strong><\/p>\n<p>Szmyt przywdziewa\u0142 trykot dwukrotnego mistrza Polski przez ponad dekad\u0119. Najpierw reprezentowa\u0142 zespo\u0142y m\u0142odzie\u017cowe, by z czasem trafi\u0107 do pierwszej dru\u017cyny. W seniorskim futbolu zadebiutowa\u0142 jako 16-latek w meczu Fortuna 1 Ligi za kadencji trenera Petra Nemca.<\/p>\n<p>W ostatnich dw\u00f3ch sezonach 22-latek by\u0142 wa\u017cn\u0105 postaci\u0105 ekstraklasowej ekipy Warty Pozna\u0144. \u0141\u0105cznie rozegra\u0142 w pierwszej dru\u017cynie 79 spotka\u0144 i zanotowa\u0142 10 trafie\u0144. Mia\u0142 tak\u017ce epizod w zespole rezerw. Ponadto w mi\u0119dzyczasie zbiera\u0142 do\u015bwiadczenie na wypo\u017cyczeniach do Nielby W\u0105growiec i dwukrotnie do G\u00f3rnika Polkowice.<\/p>\n<p>Warto r\u00f3wnie\u017c zaznaczy\u0107, \u017ce Kajetan Szmyt jako Warciarz sta\u0142 si\u0119 etatowym reprezentantem Polski do lat 21. W maju ubieg\u0142ego roku zosta\u0142 nawet zaproszony przez sztab selekcjonera Fernando Santosa na treningi seniorskiej kadry narodowej.<\/p>\n<p>Teraz wychowanek Warty b\u0119dzie kontynuowa\u0142 pi\u0142karsk\u0105 karier\u0119 na Dolnym \u015al\u0105sku. Uzdolniony pomocnik parafowa\u0142 bowiem kontrakt z Zag\u0142\u0119biem Lubin do czerwca 2027 roku.<\/p>\n<p>Dzi\u0119kujemy, Kajo, i \u017cyczymy powodzenia w dalszej karierze!<\/p>\n","protected":false},"excerpt":{"rendered":"<p>Wychowanek \u201eZielonych\u201d, Kajetan Szmyt zako\u0144czy\u0142 przygod\u0119 ze swoim rodzimym klubem. 22-letni pomocnik na zasadzie transferu definitywnego przeszed\u0142 do Zag\u0142\u0119bia Lubin&#8230;.<\/p>\n","protected":false},"author":36,"featured_media":30334,"comment_status":"closed","ping_status":"closed","sticky":false,"template":"","format":"standard","meta":{"om_disable_all_campaigns":false,"inline_featured_image":false,"footnotes":"","_links_to":"","_links_to_target":""},"categories":[94,100,311],"tags":[],"aioseo_notices":[],"_links":{"self":[{"href":"https:\/\/wartapoznan.pl\/index.php\/wp-json\/wp\/v2\/posts\/30333"}],"collection":[{"href":"https:\/\/wartapoznan.pl\/index.php\/wp-json\/wp\/v2\/posts"}],"about":[{"href":"https:\/\/wartapoznan.pl\/index.php\/wp-json\/wp\/v2\/types\/post"}],"author":[{"embeddable":true,"href":"https:\/\/wartapoznan.pl\/index.php\/wp-json\/wp\/v2\/users\/36"}],"replies":[{"embeddable":true,"href":"https:\/\/wartapoznan.pl\/index.php\/wp-json\/wp\/v2\/comments?post=30333"}],"version-history":[{"count":4,"href":"https:\/\/wartapoznan.pl\/index.php\/wp-json\/wp\/v2\/posts\/30333\/revisions"}],"predecessor-version":[{"id":30338,"href":"https:\/\/wartapoznan.pl\/index.php\/wp-json\/wp\/v2\/posts\/30333\/revisions\/30338"}],"wp:featuredmedia":[{"embeddable":true,"href":"https:\/\/wartapoznan.pl\/index.php\/wp-json\/wp\/v2\/media\/30334"}],"wp:attachment":[{"href":"https:\/\/wartapoznan.pl\/index.php\/wp-json\/wp\/v2\/media?parent=30333"}],"wp:term":[{"taxonomy":"category","embeddable":true,"href":"https:\/\/wartapoznan.pl\/index.php\/wp-json\/wp\/v2\/categories?post=30333"},{"taxonomy":"post_tag","embeddable":true,"href":"https:\/\/wartapoznan.pl\/index.php\/wp-json\/wp\/v2\/tags?post=30333"}],"curies":[{"name":"wp","href":"https:\/\/api.w.org\/{rel}","templated":true}]}}