{"id":30340,"date":"2024-06-21T20:45:40","date_gmt":"2024-06-21T18:45:40","guid":{"rendered":"https:\/\/wartapoznan.pl\/?p=30340"},"modified":"2024-06-21T20:31:31","modified_gmt":"2024-06-21T18:31:31","slug":"dawid-szymonowicz-nie-jest-juz-zawodnikiem-warty-poznan","status":"publish","type":"post","link":"https:\/\/wartapoznan.pl\/index.php\/2024\/06\/21\/dawid-szymonowicz-nie-jest-juz-zawodnikiem-warty-poznan\/","title":{"rendered":"Dawid Szymonowicz nie jest ju\u017c zawodnikiem Warty Pozna\u0144"},"content":{"rendered":"<p><strong>28-letni obro\u0144ca rozwi\u0105za\u0142 kontrakt z Wart\u0105 Pozna\u0144 i tym samym nie b\u0119dzie reprezentowa\u0142 jej barw w nadchodz\u0105cym sezonie. Nowym pracodawc\u0105 Dawida Szymonowicza zosta\u0142a Puszcza Niepo\u0142omice.<\/strong><\/p>\n<p>Pi\u0142karz rodem z Lidzbarka Warmi\u0144skiego trafi\u0142 do Poznania w 2021 roku. Od samego pocz\u0105tku by\u0142 wa\u017cn\u0105 postaci\u0105 dru\u017cyny i regularnie m\u00f3g\u0142 liczy\u0107 na miejsce w podstawowym sk\u0142adzie. \u0141\u0105cznie przez trzy sezony rozegra\u0142 w zielonej koszulce 84 mecze, w kt\u00f3rych zdoby\u0142 4 bramki.<\/p>\n<p>Wcze\u015bniej Szymonowicz gra\u0142 m.in. w Stomilu Olsztyn, Jagiellonii Bia\u0142ystok oraz Cracovii, z kt\u00f3r\u0105 w 2020 roku si\u0119gn\u0105\u0142 po Superpuchar Polski.<\/p>\n<p>Dalsze losy do\u015bwiadczonego defensora b\u0119dzie mo\u017cna \u015bledzi\u0107 w Puszczy Niepo\u0142omice. Dawid Szymonowicz podpisa\u0142 kontrakt z ma\u0142opolskim klubem do czerwca 2026 roku.<\/p>\n<p>Dzi\u0119kujemy i \u017cyczymy powodzenia!<\/p>\n","protected":false},"excerpt":{"rendered":"<p>28-letni obro\u0144ca rozwi\u0105za\u0142 kontrakt z Wart\u0105 Pozna\u0144 i tym samym nie b\u0119dzie reprezentowa\u0142 jej barw w nadchodz\u0105cym sezonie. Nowym pracodawc\u0105&#8230;<\/p>\n","protected":false},"author":36,"featured_media":30341,"comment_status":"closed","ping_status":"closed","sticky":false,"template":"","format":"standard","meta":{"om_disable_all_campaigns":false,"inline_featured_image":false,"footnotes":"","_links_to":"","_links_to_target":""},"categories":[94,100,311],"tags":[],"aioseo_notices":[],"_links":{"self":[{"href":"https:\/\/wartapoznan.pl\/index.php\/wp-json\/wp\/v2\/posts\/30340"}],"collection":[{"href":"https:\/\/wartapoznan.pl\/index.php\/wp-json\/wp\/v2\/posts"}],"about":[{"href":"https:\/\/wartapoznan.pl\/index.php\/wp-json\/wp\/v2\/types\/post"}],"author":[{"embeddable":true,"href":"https:\/\/wartapoznan.pl\/index.php\/wp-json\/wp\/v2\/users\/36"}],"replies":[{"embeddable":true,"href":"https:\/\/wartapoznan.pl\/index.php\/wp-json\/wp\/v2\/comments?post=30340"}],"version-history":[{"count":1,"href":"https:\/\/wartapoznan.pl\/index.php\/wp-json\/wp\/v2\/posts\/30340\/revisions"}],"predecessor-version":[{"id":30342,"href":"https:\/\/wartapoznan.pl\/index.php\/wp-json\/wp\/v2\/posts\/30340\/revisions\/30342"}],"wp:featuredmedia":[{"embeddable":true,"href":"https:\/\/wartapoznan.pl\/index.php\/wp-json\/wp\/v2\/media\/30341"}],"wp:attachment":[{"href":"https:\/\/wartapoznan.pl\/index.php\/wp-json\/wp\/v2\/media?parent=30340"}],"wp:term":[{"taxonomy":"category","embeddable":true,"href":"https:\/\/wartapoznan.pl\/index.php\/wp-json\/wp\/v2\/categories?post=30340"},{"taxonomy":"post_tag","embeddable":true,"href":"https:\/\/wartapoznan.pl\/index.php\/wp-json\/wp\/v2\/tags?post=30340"}],"curies":[{"name":"wp","href":"https:\/\/api.w.org\/{rel}","templated":true}]}}