{"id":30346,"date":"2024-06-22T13:40:59","date_gmt":"2024-06-22T11:40:59","guid":{"rendered":"https:\/\/wartapoznan.pl\/?p=30346"},"modified":"2024-06-22T13:39:29","modified_gmt":"2024-06-22T11:39:29","slug":"konrad-matuszewski-odchodzi-z-warty-poznan","status":"publish","type":"post","link":"https:\/\/wartapoznan.pl\/index.php\/2024\/06\/22\/konrad-matuszewski-odchodzi-z-warty-poznan\/","title":{"rendered":"Konrad Matuszewski odchodzi z Warty Pozna\u0144"},"content":{"rendered":"<p><strong>22-letni obro\u0144ca nie przed\u0142u\u017cy\u0142 wygasaj\u0105cego kontraktu z Wart\u0105 Pozna\u0144 i tym samym zako\u0144czy\u0142 swoj\u0105 przygod\u0119 z dwukrotnym mistrzem Polski. Od nowego sezonu Konrad Matuszewski b\u0119dzie broni\u0142 barw Korony Kielce.<\/strong><\/p>\n<p>\u201eMata\u201d przeszed\u0142 do pozna\u0144skiej dru\u017cyny w lipcu 2021 roku na zasadzie transferu definitywnego z Legii Warszawa. Przez ostatnie trzy sezony by\u0142 wa\u017cn\u0105 postaci\u0105 zespo\u0142u \u201eZielonych\u201d. W sumie uzbiera\u0142 na swoim koncie 85 wyst\u0119p\u00f3w i strzeli\u0142 2 gole.<\/p>\n<p>Zanim Matuszewski trafi\u0142 na Doln\u0105 Wild\u0119, przywdziewa\u0142 trykot nast\u0119puj\u0105cych klub\u00f3w: Deko W\u0142oszczowa, Hetman W\u0142oszczowa, Legia Warszawa (dru\u017cyny m\u0142odzie\u017cowe i rezerwy), Wigry Suwa\u0142ki oraz Odra Opole.<\/p>\n<p>Now\u0105 dru\u017cyn\u0105 w karierze 22-latka zosta\u0142a ekstraklasowa Korona Kielce. Konrad Matuszewski zwi\u0105za\u0142 si\u0119 z ni\u0105 kontraktem do czerwca 2025 roku z opcj\u0105 przed\u0142u\u017cenia o kolejny sezon.<\/p>\n<p>Dzi\u0119kujemy za wszystko i \u017cyczymy powodzenia!<\/p>\n","protected":false},"excerpt":{"rendered":"<p>22-letni obro\u0144ca nie przed\u0142u\u017cy\u0142 wygasaj\u0105cego kontraktu z Wart\u0105 Pozna\u0144 i tym samym zako\u0144czy\u0142 swoj\u0105 przygod\u0119 z dwukrotnym mistrzem Polski. Od&#8230;<\/p>\n","protected":false},"author":36,"featured_media":30347,"comment_status":"closed","ping_status":"closed","sticky":false,"template":"","format":"standard","meta":{"om_disable_all_campaigns":false,"inline_featured_image":false,"footnotes":"","_links_to":"","_links_to_target":""},"categories":[94,100,311],"tags":[],"aioseo_notices":[],"_links":{"self":[{"href":"https:\/\/wartapoznan.pl\/index.php\/wp-json\/wp\/v2\/posts\/30346"}],"collection":[{"href":"https:\/\/wartapoznan.pl\/index.php\/wp-json\/wp\/v2\/posts"}],"about":[{"href":"https:\/\/wartapoznan.pl\/index.php\/wp-json\/wp\/v2\/types\/post"}],"author":[{"embeddable":true,"href":"https:\/\/wartapoznan.pl\/index.php\/wp-json\/wp\/v2\/users\/36"}],"replies":[{"embeddable":true,"href":"https:\/\/wartapoznan.pl\/index.php\/wp-json\/wp\/v2\/comments?post=30346"}],"version-history":[{"count":2,"href":"https:\/\/wartapoznan.pl\/index.php\/wp-json\/wp\/v2\/posts\/30346\/revisions"}],"predecessor-version":[{"id":30349,"href":"https:\/\/wartapoznan.pl\/index.php\/wp-json\/wp\/v2\/posts\/30346\/revisions\/30349"}],"wp:featuredmedia":[{"embeddable":true,"href":"https:\/\/wartapoznan.pl\/index.php\/wp-json\/wp\/v2\/media\/30347"}],"wp:attachment":[{"href":"https:\/\/wartapoznan.pl\/index.php\/wp-json\/wp\/v2\/media?parent=30346"}],"wp:term":[{"taxonomy":"category","embeddable":true,"href":"https:\/\/wartapoznan.pl\/index.php\/wp-json\/wp\/v2\/categories?post=30346"},{"taxonomy":"post_tag","embeddable":true,"href":"https:\/\/wartapoznan.pl\/index.php\/wp-json\/wp\/v2\/tags?post=30346"}],"curies":[{"name":"wp","href":"https:\/\/api.w.org\/{rel}","templated":true}]}}