{"id":30354,"date":"2024-06-24T20:00:51","date_gmt":"2024-06-24T18:00:51","guid":{"rendered":"https:\/\/wartapoznan.pl\/?p=30354"},"modified":"2024-06-24T14:18:14","modified_gmt":"2024-06-24T12:18:14","slug":"fogo-na-dluzej-sponsorem-strategicznym-warty-poznan","status":"publish","type":"post","link":"https:\/\/wartapoznan.pl\/index.php\/2024\/06\/24\/fogo-na-dluzej-sponsorem-strategicznym-warty-poznan\/","title":{"rendered":"FOGO na d\u0142u\u017cej sponsorem strategicznym Warty Pozna\u0144"},"content":{"rendered":"<p><strong>Z rado\u015bci\u0105 informujemy, \u017ce firma FOGO kontynuuje wsp\u00f3\u0142prac\u0119 z Wart\u0105 Pozna\u0144 i pozostanie sponsorem strategicznym klubu w nadchodz\u0105cym sezonie pi\u0142karskim.<\/strong><\/p>\n<p>FOGO to najwi\u0119kszy polski producent agregat\u00f3w pr\u0105dotw\u00f3rczych, dzia\u0142aj\u0105cy na rynku od ponad 20 lat. W listopadzie ubieg\u0142ego roku firma zwi\u0105za\u0142a si\u0119 umow\u0105 z Wart\u0105 Pozna\u0144, a logo sp\u00f3\u0142ki pojawi\u0142o si\u0119 w czo\u0142owym miejscu na froncie koszulek meczowych \u201eZielonych\u201d. Teraz obie strony chc\u0105 kontynuowa\u0107 wsp\u00f3\u0142prac\u0119, kt\u00f3ra potrwa co najmniej do ko\u0144ca sezonu 2024\/25.<\/p>\n<p><em>\u2013 Nasza determinacja i zaanga\u017cowanie we wspieranie klubu pozostaj\u0105 niezachwiane. W pe\u0142ni zdajemy sobie spraw\u0119 z wyzwa\u0144, przed kt\u00f3rymi stoi Warta, oraz trudno\u015bci, jakie napotyka. W\u0142a\u015bnie dlatego, teraz bardziej ni\u017c kiedykolwiek czujemy obowi\u0105zek okazania wsparcia i wiary w przysz\u0142o\u015b\u0107 klubu. Chcemy, aby Warta nie musia\u0142a teraz skupia\u0107 si\u0119 na poszukiwaniu sponsora, a mog\u0142a skupi\u0107 si\u0119 na budowaniu dru\u017cyny \u2013 <\/em>m\u00f3wi Jan Wojciak, dyrektor operacyjny FOGO.<\/p>\n<p><em>\u2013 Bardzo si\u0119 cieszymy, \u017ce firma FOGO zostaje z nami na d\u0142u\u017cej. Bior\u0105c pod uwag\u0119 obecn\u0105 sytuacj\u0119 klubu, deklaracja dalszego wsparcia jest dla nas dowodem na to, \u017ce nawi\u0105zujemy z partnerami relacje wykraczaj\u0105ce poza standardowy biznes. B\u0119dziemy pracowali nad tym, \u017ceby wsp\u00f3\u0142praca trwa\u0142a jak najd\u0142u\u017cej i dzi\u0119kujemy FOGO za to zaufanie \u2013<\/em> dodaje Maciej Wojdy\u0142o, cz\u0142onek zarz\u0105du Warty Pozna\u0144.<\/p>\n<p>Firma FOGO jest liderem w swojej bran\u017cy nie tylko ze wzgl\u0119du na innowacyjno\u015b\u0107 i wysok\u0105 jako\u015b\u0107 produkt\u00f3w, ale te\u017c proekologiczne podej\u015bcie skupione na zr\u00f3wnowa\u017conym rozwoju. To warto\u015bci szczeg\u00f3lnie istotne dla pozna\u0144skiego klubu, kt\u00f3ry niedawno zaprezentowa\u0142 swoj\u0105 strategi\u0119 ESG.<\/p>\n<p>Dzi\u0119kujemy, \u017ce razem tworzymy Zielon\u0105 Rodzin\u0119 Warty Pozna\u0144!<\/p>\n","protected":false},"excerpt":{"rendered":"<p>Z rado\u015bci\u0105 informujemy, \u017ce firma FOGO kontynuuje wsp\u00f3\u0142prac\u0119 z Wart\u0105 Pozna\u0144 i pozostanie sponsorem strategicznym klubu w nadchodz\u0105cym sezonie pi\u0142karskim&#8230;.<\/p>\n","protected":false},"author":36,"featured_media":30356,"comment_status":"closed","ping_status":"closed","sticky":false,"template":"","format":"standard","meta":{"om_disable_all_campaigns":false,"inline_featured_image":false,"footnotes":"","_links_to":"","_links_to_target":""},"categories":[94,103,1],"tags":[],"aioseo_notices":[],"_links":{"self":[{"href":"https:\/\/wartapoznan.pl\/index.php\/wp-json\/wp\/v2\/posts\/30354"}],"collection":[{"href":"https:\/\/wartapoznan.pl\/index.php\/wp-json\/wp\/v2\/posts"}],"about":[{"href":"https:\/\/wartapoznan.pl\/index.php\/wp-json\/wp\/v2\/types\/post"}],"author":[{"embeddable":true,"href":"https:\/\/wartapoznan.pl\/index.php\/wp-json\/wp\/v2\/users\/36"}],"replies":[{"embeddable":true,"href":"https:\/\/wartapoznan.pl\/index.php\/wp-json\/wp\/v2\/comments?post=30354"}],"version-history":[{"count":1,"href":"https:\/\/wartapoznan.pl\/index.php\/wp-json\/wp\/v2\/posts\/30354\/revisions"}],"predecessor-version":[{"id":30355,"href":"https:\/\/wartapoznan.pl\/index.php\/wp-json\/wp\/v2\/posts\/30354\/revisions\/30355"}],"wp:featuredmedia":[{"embeddable":true,"href":"https:\/\/wartapoznan.pl\/index.php\/wp-json\/wp\/v2\/media\/30356"}],"wp:attachment":[{"href":"https:\/\/wartapoznan.pl\/index.php\/wp-json\/wp\/v2\/media?parent=30354"}],"wp:term":[{"taxonomy":"category","embeddable":true,"href":"https:\/\/wartapoznan.pl\/index.php\/wp-json\/wp\/v2\/categories?post=30354"},{"taxonomy":"post_tag","embeddable":true,"href":"https:\/\/wartapoznan.pl\/index.php\/wp-json\/wp\/v2\/tags?post=30354"}],"curies":[{"name":"wp","href":"https:\/\/api.w.org\/{rel}","templated":true}]}}