{"id":30357,"date":"2024-06-24T13:30:11","date_gmt":"2024-06-24T11:30:11","guid":{"rendered":"https:\/\/wartapoznan.pl\/?p=30357"},"modified":"2024-06-24T13:07:49","modified_gmt":"2024-06-24T11:07:49","slug":"dawid-frackowiak-dyrektorem-sportowym-warty-poznan","status":"publish","type":"post","link":"https:\/\/wartapoznan.pl\/index.php\/2024\/06\/24\/dawid-frackowiak-dyrektorem-sportowym-warty-poznan\/","title":{"rendered":"Dawid Fr\u0105ckowiak dyrektorem sportowym Warty Pozna\u0144"},"content":{"rendered":"<p><strong>Nowym szefem pionu sportowego Warty Pozna\u0144 zosta\u0142 Dawid Fr\u0105ckowiak. 44-latek zwi\u0105za\u0142 si\u0119 z klubem umow\u0105 obowi\u0105zuj\u0105c\u0105 do ko\u0144ca sezonu 2024\/25. Witamy w Zielonej Rodzinie!<\/strong><\/p>\n<p>Fr\u0105ckowiak po raz drugi obejmie stanowisko dyrektora sportowego w Warcie, poprzednio pracowa\u0142 w klubie w sezonie 2018\/19. Tym samym b\u0119dzie osob\u0105 odpowiedzialn\u0105 za budowanie dru\u017cyny w nachodz\u0105cych rozgrywkach ligowych.<\/p>\n<p>Nowy dyrektor opr\u00f3cz pracy w Poznaniu mo\u017ce pochwali\u0107 si\u0119 bogatym do\u015bwiadczeniem z innych klub\u00f3w pi\u0142karskich. W przesz\u0142o\u015bci zarz\u0105dza\u0142 dzia\u0142em sportu m.in. w Chojniczance Chojnice i Elanie Toru\u0144. Natomiast do Warty przychodzi bezpo\u015brednio z Soko\u0142a Kleczew.<\/p>\n<p>\u017byczymy powodzenia!<\/p>\n","protected":false},"excerpt":{"rendered":"<p>Nowym szefem pionu sportowego Warty Pozna\u0144 zosta\u0142 Dawid Fr\u0105ckowiak. 44-latek zwi\u0105za\u0142 si\u0119 z klubem umow\u0105 obowi\u0105zuj\u0105c\u0105 do ko\u0144ca sezonu 2024\/25&#8230;.<\/p>\n","protected":false},"author":36,"featured_media":30358,"comment_status":"closed","ping_status":"closed","sticky":false,"template":"","format":"standard","meta":{"om_disable_all_campaigns":false,"inline_featured_image":false,"footnotes":"","_links_to":"","_links_to_target":""},"categories":[94,311,165,1],"tags":[],"aioseo_notices":[],"_links":{"self":[{"href":"https:\/\/wartapoznan.pl\/index.php\/wp-json\/wp\/v2\/posts\/30357"}],"collection":[{"href":"https:\/\/wartapoznan.pl\/index.php\/wp-json\/wp\/v2\/posts"}],"about":[{"href":"https:\/\/wartapoznan.pl\/index.php\/wp-json\/wp\/v2\/types\/post"}],"author":[{"embeddable":true,"href":"https:\/\/wartapoznan.pl\/index.php\/wp-json\/wp\/v2\/users\/36"}],"replies":[{"embeddable":true,"href":"https:\/\/wartapoznan.pl\/index.php\/wp-json\/wp\/v2\/comments?post=30357"}],"version-history":[{"count":3,"href":"https:\/\/wartapoznan.pl\/index.php\/wp-json\/wp\/v2\/posts\/30357\/revisions"}],"predecessor-version":[{"id":30361,"href":"https:\/\/wartapoznan.pl\/index.php\/wp-json\/wp\/v2\/posts\/30357\/revisions\/30361"}],"wp:featuredmedia":[{"embeddable":true,"href":"https:\/\/wartapoznan.pl\/index.php\/wp-json\/wp\/v2\/media\/30358"}],"wp:attachment":[{"href":"https:\/\/wartapoznan.pl\/index.php\/wp-json\/wp\/v2\/media?parent=30357"}],"wp:term":[{"taxonomy":"category","embeddable":true,"href":"https:\/\/wartapoznan.pl\/index.php\/wp-json\/wp\/v2\/categories?post=30357"},{"taxonomy":"post_tag","embeddable":true,"href":"https:\/\/wartapoznan.pl\/index.php\/wp-json\/wp\/v2\/tags?post=30357"}],"curies":[{"name":"wp","href":"https:\/\/api.w.org\/{rel}","templated":true}]}}