{"id":30364,"date":"2024-06-23T15:32:23","date_gmt":"2024-06-23T13:32:23","guid":{"rendered":"https:\/\/wartapoznan.pl\/?p=30364"},"modified":"2024-06-24T15:41:28","modified_gmt":"2024-06-24T13:41:28","slug":"kacper-wybieralski-kolejnym-stypendysta","status":"publish","type":"post","link":"https:\/\/wartapoznan.pl\/index.php\/2024\/06\/23\/kacper-wybieralski-kolejnym-stypendysta\/","title":{"rendered":"Kacper Wybieralski kolejnym stypendyst\u0105!"},"content":{"rendered":"<p><strong>Skrzyd\u0142owy Trampkarzy starszych Warty Pozna\u0144 zako\u0144czonego w\u0142a\u015bnie sezonu \u2013 Kacper Wybieralski \u2013 zosta\u0142 kolejnym zawodnikiem Akademii w\u0142\u0105czonym do programu stypendialnego, w ramach kt\u00f3rego 15-latek podpisa\u0142 sw\u00f3j pierwszy kontrakt z Klubem.<\/strong><\/p>\n<p>Od sezonu 2021\/2022 w Akademii Warty Pozna\u0144 istnieje projekt stypendialny przeznaczony dla najbardziej aspiruj\u0105cych wychowank\u00f3w Klubu. To wyraz zaufania ze strony sztabu dla m\u0142odych zawodnik\u00f3w, kt\u00f3rzy dobr\u0105 postaw\u0105 i umiej\u0119tno\u015bciami zapracowali na wyr\u00f3\u017cnienie w\u015br\u00f3d swoich zespo\u0142\u00f3w. Stypendium przybra\u0142o form\u0119 kontraktu, na mocy kt\u00f3rego pi\u0142karze formalnie wi\u0105\u017c\u0105 si\u0119 z Wart\u0105 Pozna\u0144. Projekt jest systematycznie wdra\u017cany, dzi\u0119ki czemu grono zawodnik\u00f3w obj\u0119tych programem jest sukcesywnie poszerzane.<\/p>\n<p>W zesz\u0142ym tygodniu kolejnym stypendyst\u0105, a trzecim urodzonym w roku 2009, zosta\u0142 <strong>Kacper Wybieralski<\/strong>, kt\u00f3ry w rundzie wiosennej sezonu 2023\/2024 doszed\u0142 wraz z zespo\u0142em Trampkarzy do p\u00f3\u0142fina\u0142u CLJ, a sam zaliczy\u0142 r\u00f3wnie\u017c dwa wyst\u0119py w reprezentacji Polski do lat 15.<\/p>\n<p>\u2013 <em>Podpisanie kontraktu jest dla mnie wyj\u0105tkowym momentem. Z Wart\u0105 jestem zwi\u0105zany od 10 lat i bardzo ciesz\u0119 si\u0119, \u017ce moja ci\u0119\u017cka praca zosta\u0142a doceniona. Oczywi\u015bcie kontrakt zmotywuje mnie do dalszego rozwijania umiej\u0119tno\u015bci i chcia\u0142bym udowodni\u0107, przede wszystkim sobie, \u017ce na niego zas\u0142u\u017cy\u0142em. Dzi\u0119kuj\u0119 Klubowi za zaufanie i rodzinie, kt\u00f3ra mnie wspiera w ka\u017cdym momencie<\/em> \u2013 powiedzia\u0142 Kacper.<\/p>\n<p>Od pocz\u0105tku istnienia projektu stypendialnego Warty Pozna\u0144 zwi\u0105zali\u015bmy si\u0119 kontraktami z kilkunastoma zawodnikami z rocznik\u00f3w 2004-2009.<\/p>\n<p>W imieniu ca\u0142ej Zielonej Rodziny gratulujemy i \u017cyczymy wielu sukces\u00f3w sportowych!<\/p>\n","protected":false},"excerpt":{"rendered":"<p>Skrzyd\u0142owy Trampkarzy starszych Warty Pozna\u0144 zako\u0144czonego w\u0142a\u015bnie sezonu \u2013 Kacper Wybieralski \u2013 zosta\u0142 kolejnym zawodnikiem Akademii w\u0142\u0105czonym do programu stypendialnego,&#8230;<\/p>\n","protected":false},"author":36,"featured_media":30369,"comment_status":"closed","ping_status":"closed","sticky":false,"template":"","format":"standard","meta":{"om_disable_all_campaigns":false,"inline_featured_image":false,"footnotes":"","_links_to":"","_links_to_target":""},"categories":[95,1],"tags":[],"aioseo_notices":[],"_links":{"self":[{"href":"https:\/\/wartapoznan.pl\/index.php\/wp-json\/wp\/v2\/posts\/30364"}],"collection":[{"href":"https:\/\/wartapoznan.pl\/index.php\/wp-json\/wp\/v2\/posts"}],"about":[{"href":"https:\/\/wartapoznan.pl\/index.php\/wp-json\/wp\/v2\/types\/post"}],"author":[{"embeddable":true,"href":"https:\/\/wartapoznan.pl\/index.php\/wp-json\/wp\/v2\/users\/36"}],"replies":[{"embeddable":true,"href":"https:\/\/wartapoznan.pl\/index.php\/wp-json\/wp\/v2\/comments?post=30364"}],"version-history":[{"count":2,"href":"https:\/\/wartapoznan.pl\/index.php\/wp-json\/wp\/v2\/posts\/30364\/revisions"}],"predecessor-version":[{"id":30371,"href":"https:\/\/wartapoznan.pl\/index.php\/wp-json\/wp\/v2\/posts\/30364\/revisions\/30371"}],"wp:featuredmedia":[{"embeddable":true,"href":"https:\/\/wartapoznan.pl\/index.php\/wp-json\/wp\/v2\/media\/30369"}],"wp:attachment":[{"href":"https:\/\/wartapoznan.pl\/index.php\/wp-json\/wp\/v2\/media?parent=30364"}],"wp:term":[{"taxonomy":"category","embeddable":true,"href":"https:\/\/wartapoznan.pl\/index.php\/wp-json\/wp\/v2\/categories?post=30364"},{"taxonomy":"post_tag","embeddable":true,"href":"https:\/\/wartapoznan.pl\/index.php\/wp-json\/wp\/v2\/tags?post=30364"}],"curies":[{"name":"wp","href":"https:\/\/api.w.org\/{rel}","templated":true}]}}