{"id":30365,"date":"2024-06-24T16:15:02","date_gmt":"2024-06-24T14:15:02","guid":{"rendered":"https:\/\/wartapoznan.pl\/?p=30365"},"modified":"2024-06-24T15:36:29","modified_gmt":"2024-06-24T13:36:29","slug":"piotr-jacek-trenerem-warty-poznan","status":"publish","type":"post","link":"https:\/\/wartapoznan.pl\/index.php\/2024\/06\/24\/piotr-jacek-trenerem-warty-poznan\/","title":{"rendered":"Piotr Jacek trenerem Warty Pozna\u0144"},"content":{"rendered":"<p><strong>Nowym szkoleniowcem zespo\u0142u \u201eZielonych\u201d zosta\u0142 Piotr Jacek. 47-letni trener b\u0119dzie przygotowywa\u0142 dru\u017cyn\u0119 do nadchodz\u0105cych rozgrywek w I lidze. Witamy w Zielonej Rodzinie!<\/strong><\/p>\n<p>Piotr Jacek pochodzi ze stolicy Wielkopolski i rozpoczyna\u0142 przygod\u0119 z pi\u0142k\u0105 no\u017cn\u0105 jako zawodnik SKS 13 Pozna\u0144. W trakcie kariery wyst\u0119powa\u0142 mi\u0119dzy innymi w Lechu Pozna\u0144, a zawodow\u0105 gr\u0119 zako\u0144czy\u0142 w podpozna\u0144skiej Mosinie. W 2011 roku do\u0142\u0105czy\u0142 do sztabu szkoleniowego Miedzi Legnica, gdzie pe\u0142ni\u0142 funkcj\u0119 asystenta trenera. Jako samodzielny szkoleniowiec zadebiutowa\u0142 trzy lata p\u00f3\u017aniej w rezerwach tego samego klubu.<\/p>\n<p>Kolejne lata r\u00f3wnie\u017c by\u0142 zwi\u0105zany zawodowo z Dolnym \u015al\u0105skiem. Najpierw jako opiekun drugiego zespo\u0142u Zag\u0142\u0119bia, a nast\u0119pnie Stali Brzeg. W czerwcu 2020 roku trafi\u0142 do Soko\u0142a Ostr\u00f3da, gdzie przez ponad rok pracowa\u0142 na poziomie II ligi. P\u00f3\u017aniej trener Jacek przez chwil\u0119 by\u0142 zwi\u0105zany z MKS Kluczbork, by stamt\u0105d trafi\u0107 bezpo\u015brednio do I-ligowego Stomilu Olsztyn.<\/p>\n<p>Przez ostatnie dwa sezony pracowa\u0142 jako trener drugiego zespo\u0142u Legii Warszawa, kt\u00f3ry minione rozgrywki zako\u0144czy\u0142 na trzecim miejscu w III lidze grupie pierwszej.<\/p>\n<p><img loading=\"lazy\" decoding=\"async\" width=\"2000\" height=\"1333\" class=\"alignnone size-full wp-image-30366\" src=\"https:\/\/wartapoznan.pl\/wp-content\/uploads\/2024\/06\/piotr-jacek-24-06-24-2-e.jpg\" alt=\"Piotr Jacek trenerem Warty Pozna\u0144\" srcset=\"https:\/\/wartapoznan.pl\/wp-content\/uploads\/2024\/06\/piotr-jacek-24-06-24-2-e.jpg 2000w, https:\/\/wartapoznan.pl\/wp-content\/uploads\/2024\/06\/piotr-jacek-24-06-24-2-e-1536x1024.jpg 1536w, https:\/\/wartapoznan.pl\/wp-content\/uploads\/2024\/06\/piotr-jacek-24-06-24-2-e-300x200.jpg 300w, https:\/\/wartapoznan.pl\/wp-content\/uploads\/2024\/06\/piotr-jacek-24-06-24-2-e-128x85.jpg 128w, https:\/\/wartapoznan.pl\/wp-content\/uploads\/2024\/06\/piotr-jacek-24-06-24-2-e-32x21.jpg 32w\" sizes=\"(max-width: 2000px) 100vw, 2000px\" \/>\u2013 \u00a0<em>Chcemy, aby Warta wr\u00f3ci\u0142a do swojego DNA i by\u0142a bardziej lokalna. Dlatego te\u017c zdecydowali\u015bmy si\u0119 na trenera Piotra Jacka, bo to cz\u0142owiek st\u0105d. Przekona\u0142 nas swoj\u0105 wizj\u0105 i pomys\u0142em na to, jak \u201eZieloni\u201d maj\u0105 funkcjonowa\u0107 w nowym sezonie. Ponadto za trenerem przemawia fakt, \u017ce posiada ju\u017c spore do\u015bwiadczenie w pracy w pi\u0142ce seniorskiej, tak\u017ce na poziomie I ligi. Uznali\u015bmy, \u017ce zas\u0142uguje na szans\u0119, jak\u0105 niew\u0105tpliwie jest praca w pierwszoligowej Warcie Pozna\u0144<\/em> \u2013 m\u00f3wi Dawid Fr\u0105ckowiak, dyrektor sportowy \u201eZielonych\u201d.<\/p>\n<p>Trenerze, witamy w Zielonej Rodzinie Warty Pozna\u0144 i \u017cyczymy samych sukces\u00f3w!<\/p>\n","protected":false},"excerpt":{"rendered":"<p>Nowym szkoleniowcem zespo\u0142u \u201eZielonych\u201d zosta\u0142 Piotr Jacek. 47-letni trener b\u0119dzie przygotowywa\u0142 dru\u017cyn\u0119 do nadchodz\u0105cych rozgrywek w I lidze. Witamy w&#8230;<\/p>\n","protected":false},"author":36,"featured_media":30367,"comment_status":"closed","ping_status":"closed","sticky":false,"template":"","format":"standard","meta":{"om_disable_all_campaigns":false,"inline_featured_image":false,"footnotes":"","_links_to":"","_links_to_target":""},"categories":[94,311,165,1],"tags":[],"aioseo_notices":[],"_links":{"self":[{"href":"https:\/\/wartapoznan.pl\/index.php\/wp-json\/wp\/v2\/posts\/30365"}],"collection":[{"href":"https:\/\/wartapoznan.pl\/index.php\/wp-json\/wp\/v2\/posts"}],"about":[{"href":"https:\/\/wartapoznan.pl\/index.php\/wp-json\/wp\/v2\/types\/post"}],"author":[{"embeddable":true,"href":"https:\/\/wartapoznan.pl\/index.php\/wp-json\/wp\/v2\/users\/36"}],"replies":[{"embeddable":true,"href":"https:\/\/wartapoznan.pl\/index.php\/wp-json\/wp\/v2\/comments?post=30365"}],"version-history":[{"count":1,"href":"https:\/\/wartapoznan.pl\/index.php\/wp-json\/wp\/v2\/posts\/30365\/revisions"}],"predecessor-version":[{"id":30368,"href":"https:\/\/wartapoznan.pl\/index.php\/wp-json\/wp\/v2\/posts\/30365\/revisions\/30368"}],"wp:featuredmedia":[{"embeddable":true,"href":"https:\/\/wartapoznan.pl\/index.php\/wp-json\/wp\/v2\/media\/30367"}],"wp:attachment":[{"href":"https:\/\/wartapoznan.pl\/index.php\/wp-json\/wp\/v2\/media?parent=30365"}],"wp:term":[{"taxonomy":"category","embeddable":true,"href":"https:\/\/wartapoznan.pl\/index.php\/wp-json\/wp\/v2\/categories?post=30365"},{"taxonomy":"post_tag","embeddable":true,"href":"https:\/\/wartapoznan.pl\/index.php\/wp-json\/wp\/v2\/tags?post=30365"}],"curies":[{"name":"wp","href":"https:\/\/api.w.org\/{rel}","templated":true}]}}