{"id":30515,"date":"2024-07-06T12:56:37","date_gmt":"2024-07-06T10:56:37","guid":{"rendered":"https:\/\/wartapoznan.pl\/?p=30515"},"modified":"2024-07-06T12:56:37","modified_gmt":"2024-07-06T10:56:37","slug":"warta-poznan-przegrala-sparing-z-banikiem-ostrawa-b","status":"publish","type":"post","link":"https:\/\/wartapoznan.pl\/index.php\/2024\/07\/06\/warta-poznan-przegrala-sparing-z-banikiem-ostrawa-b\/","title":{"rendered":"Warta Pozna\u0144 przegra\u0142a sparing z Banikiem Ostrawa B"},"content":{"rendered":"<p><strong>Po pierwszej po\u0142owie drugiego letniego sparingu pi\u0142karze Warty Pozna\u0144 prowadzili w Grodzisku Wlkp. 1:0 z Banikiem Ostrawa B. W drugiej cz\u0119\u015bci beniaminek czeskiej II ligi zdoby\u0142 jednak dwie bramki i wygra\u0142 2:1.<\/strong><\/p>\n<p>Na zako\u0144czenie pierwszego tygodnia obozu przygotowawczego do nowego sezonu zesp\u00f3\u0142 trenera Piotra Jacka zmierzy\u0142 si\u0119 z drug\u0105 dru\u017cyn\u0105 Banika Ostrawa, kt\u00f3ra w\u0142a\u015bnie awansowa\u0142a na zaplecze Ekstraklasy. Czesi s\u0105 od kilku dni na zgrupowaniu z Szamotu\u0142ach i w pierwszym z dw\u00f3ch zaplanowanych na ten czas sparingu rozbili 4:0 Zag\u0142\u0119bie II Lubin.<\/p>\n<p>Na stadionie w Grodzisku Wlkp. zesp\u00f3\u0142 z Ostrawy te\u017c mia\u0142 ochot\u0119 postrzela\u0107 i od pocz\u0105tku spotkania osi\u0105gn\u0119li przewag\u0119. Przed przerw\u0105 go\u015bcie mieli wi\u0119cej okazji do zdobycia bramki. Ju\u017c w 7. minucie J\u0119drzej Grobelny musia\u0142 interweniowa\u0107 po sprytnym strzale z rzutu wolnego, gdy pi\u0142ka by\u0142a ustawiona tu\u017c przy linii bocznej pola karnego. Kwadrans p\u00f3\u017aniej gro\u017anie pod bramk\u0105 Warty by\u0142o po rzucie ro\u017cnym, ale pi\u0142ka po technicznym uderzeniu przelecia\u0142a tu\u017c nad poprzeczk\u0105. Po kolejnych dw\u00f3ch minutach bramkarz \u201eZielonych\u201d wyszed\u0142 odwa\u017cnie z bramki i obroni\u0142 w sytuacji sam na sam. Natomiast w dw\u00f3ch kolejnych sytuacjach zn\u00f3w sko\u0144czy\u0142o si\u0119 na strachu po mocnych, ale niecelnych uderzeniach zza pola karnego.<\/p>\n<p>Pozna\u0144ski zesp\u00f3\u0142, w kt\u00f3rym pojawi\u0142 si\u0119 ju\u017c zatrudniony niedawno Bartosz Szeliga, mo\u017cna by\u0142o chwali\u0107 za dobr\u0105 gr\u0119 pod pressingiem i utrzymanie si\u0119 przy pi\u0142ce mimo naporu rywala. Warta mia\u0142a mniej okazji, ale za to by\u0142y one bardziej klarowne. W 12. minucie Maciej \u017burawski przebieg\u0142 z pi\u0142k\u0105 kilkadziesi\u0105t metr\u00f3w, ale, gdy znalaz\u0142 si\u0119 oko w oko z bramkarzem, niestety, kopn\u0105\u0142 niecelnie i pi\u0142ka trafi\u0142a tylko w boczn\u0105 siatk\u0119. Z kolei w 43. minucie \u015bwietnym zagraniem popisa\u0142\u00a0 si\u0119 Jakub Kie\u0142b \u2013 po rajdzie lew\u0105 stron\u0105 wstrzeli\u0142 pi\u0142k\u0119 w pole karne, a tam wbiegaj\u0105cy pod bramk\u0119 Maciej \u017burawski z ok. 6 metr\u00f3w kopn\u0105\u0142 do siatki.<\/p>\n<p>Na drug\u0105 po\u0142ow\u0119 wyszed\u0142 inny sk\u0142ad \u201eZielonych\u201d, w kt\u00f3rym wi\u0119kszo\u015b\u0107 stanowili m\u0142odzi zawodnicy. Banik do\u015b\u0107 szybko to wykorzysta\u0142. W 56. minucie jeden z rywali odda\u0142 mocny strza\u0142 z ok. 20 metr\u00f3w i pi\u0142ka wpad\u0142a do bramki tu\u017c przy prawym s\u0142upku. Pi\u0119\u0107 minut p\u00f3\u017aniej J\u0119drzej Grobelny sfaulowa\u0142 w polu karnym rozp\u0119dzonego przeciwnika i s\u0119dzia podyktowa\u0142 \u201ejedenastk\u0119\u201d. Po nim by\u0142o ju\u017c 2:1 dla Czech\u00f3w.<\/p>\n<p>Prowadzenie go\u015bci mog\u0142o by\u0107 wy\u017csze, ale w 71. minucie Leo Przybylak dobrze interweniowa\u0142 przy strzale rywala z linii 16 metr\u00f3w \u2013 pi\u0142ka posz\u0142a po r\u0119kawicach bramkarza Warty i trafi\u0142a w s\u0142upek.<\/p>\n<p>Przed startem sezonu Betclic 1 Ligi (przedostatni weekend lipca) poznaniacy zagraj\u0105 jeszcze jeden sparing \u2013 w \u015brod\u0119 z FK Teplice. Ob\u00f3z w Grodzisku Wlkp. ko\u0144czy si\u0119 za tydzie\u0144.<\/p>\n<p><strong>WARTA POZNA\u0143 \u2013 BANIK OSTRAWA B 1:2 (1:0)<\/strong><br \/>\n<strong>Bramki:<\/strong> 1:0 Maciej \u017burawski (43. minuta), 1:1 (56.), 1:2 (61., karny)<br \/>\n<strong>Warta Pozna\u0144 w I po\u0142owie:<\/strong> J\u0119drzej Grobelny \u2013 Jakub Bartkowski, Tomasz Wojcinowicz, Wiktor Ple\u015bnierowicz \u2013 Bartosz Szeliga, Micha\u0142 Kopczy\u0144ski, Jurij Tkaczuk, Jakub Kie\u0142b \u2013 Maciej \u017burawski, Filip Tonder \u2013 Maciej Firlej.<br \/>\n<strong>Warta Pozna\u0144 w II po\u0142owie:<\/strong> J\u0119drzej Grobelny (62. Leo Przybylak) \u2013 Patryk Rychlik, Filip Jakubowski, Kacper Przyby\u0142ko \u2013 Mateusz Lechowicz, zawodnik testowany I, zawodnik testowany II, Szymon Sarbinowski \u2013 Damian G\u0105ska, Filip Walu\u015b \u2013 Rafa\u0142 Adamski.<\/p>\n","protected":false},"excerpt":{"rendered":"<p>Po pierwszej po\u0142owie drugiego letniego sparingu pi\u0142karze Warty Pozna\u0144 prowadzili w Grodzisku Wlkp. 1:0 z Banikiem Ostrawa B. W drugiej&#8230;<\/p>\n","protected":false},"author":36,"featured_media":30516,"comment_status":"closed","ping_status":"closed","sticky":false,"template":"","format":"standard","meta":{"om_disable_all_campaigns":false,"inline_featured_image":false,"footnotes":"","_links_to":"","_links_to_target":""},"categories":[94,100,102,1],"tags":[],"aioseo_notices":[],"_links":{"self":[{"href":"https:\/\/wartapoznan.pl\/index.php\/wp-json\/wp\/v2\/posts\/30515"}],"collection":[{"href":"https:\/\/wartapoznan.pl\/index.php\/wp-json\/wp\/v2\/posts"}],"about":[{"href":"https:\/\/wartapoznan.pl\/index.php\/wp-json\/wp\/v2\/types\/post"}],"author":[{"embeddable":true,"href":"https:\/\/wartapoznan.pl\/index.php\/wp-json\/wp\/v2\/users\/36"}],"replies":[{"embeddable":true,"href":"https:\/\/wartapoznan.pl\/index.php\/wp-json\/wp\/v2\/comments?post=30515"}],"version-history":[{"count":1,"href":"https:\/\/wartapoznan.pl\/index.php\/wp-json\/wp\/v2\/posts\/30515\/revisions"}],"predecessor-version":[{"id":30517,"href":"https:\/\/wartapoznan.pl\/index.php\/wp-json\/wp\/v2\/posts\/30515\/revisions\/30517"}],"wp:featuredmedia":[{"embeddable":true,"href":"https:\/\/wartapoznan.pl\/index.php\/wp-json\/wp\/v2\/media\/30516"}],"wp:attachment":[{"href":"https:\/\/wartapoznan.pl\/index.php\/wp-json\/wp\/v2\/media?parent=30515"}],"wp:term":[{"taxonomy":"category","embeddable":true,"href":"https:\/\/wartapoznan.pl\/index.php\/wp-json\/wp\/v2\/categories?post=30515"},{"taxonomy":"post_tag","embeddable":true,"href":"https:\/\/wartapoznan.pl\/index.php\/wp-json\/wp\/v2\/tags?post=30515"}],"curies":[{"name":"wp","href":"https:\/\/api.w.org\/{rel}","templated":true}]}}