{"id":30743,"date":"2024-07-25T18:00:18","date_gmt":"2024-07-25T16:00:18","guid":{"rendered":"https:\/\/wartapoznan.pl\/?p=30743"},"modified":"2024-07-25T15:29:41","modified_gmt":"2024-07-25T13:29:41","slug":"lukasz-norkowski-pilkarzem-warty-poznan","status":"publish","type":"post","link":"https:\/\/wartapoznan.pl\/index.php\/2024\/07\/25\/lukasz-norkowski-pilkarzem-warty-poznan\/","title":{"rendered":"\u0141ukasz Norkowski pi\u0142karzem Warty Pozna\u0144"},"content":{"rendered":"<p><strong>By\u0142y m\u0142odzie\u017cowy reprezentant Polski, 24-letni pomocnik \u0141ukasz Norkowski zosta\u0142 zawodnikiem Warty Pozna\u0144. Podpisa\u0142 kontrakt do czerwca 2025 roku z opcj\u0105 przed\u0142u\u017cenia o kolejny sezon. Witamy w Zielonej Rodzinie!<\/strong><\/p>\n<p>&#8211; <em>\u0141ukasz to zawodnik, kt\u00f3ry ju\u017c dwukrotnie mia\u0142 trafi\u0107 do Warty Pozna\u0144. Pierwsze podej\u015bcie mia\u0142o miejsce pi\u0119\u0107 lat temu, a drugie, gdy Warta wyst\u0119powa\u0142a w Ekstraklasie, a \u0141ukasz przyjecha\u0142 do klubu n testy. W obu przypadkach zawsze co\u015b stawa\u0142o na przeszkodzie. Tym razem si\u0119 uda\u0142o. Ostatnio \u0141ukasz by\u0142 mo\u017ce troch\u0119 na pi\u0142karskim zakr\u0119cie, ale to bez w\u0105tpienia zawodnik, kt\u00f3remu warto da\u0107 szans\u0119. Skromny i pracowity ch\u0142opak z Wielkopolski, a w dodatku z do\u015bwiadczeniem w I i II lidze. Uznali\u015bmy, \u017ce warto\u00a0mu\u00a0poda\u0107\u00a0r\u0119k\u0119<\/em> \u2013 m\u00f3wi Dawid Fr\u0105ckowiak, dyrektor sportowy Warty Pozna\u0144.<\/p>\n<p><img loading=\"lazy\" decoding=\"async\" width=\"1500\" height=\"1000\" class=\"aligncenter size-full wp-image-30745\" src=\"https:\/\/wartapoznan.pl\/wp-content\/uploads\/2024\/07\/Lukasz-norkowski-25-07-24-2_e-2000_www.jpg\" alt=\"\u0141ukasz Norkowski podpisa\u0142 kontrakt z Wart\u0105 Pozna\u0144. Dyrektor sportowy Dawid Fr\u0105ckowiak\" srcset=\"https:\/\/wartapoznan.pl\/wp-content\/uploads\/2024\/07\/Lukasz-norkowski-25-07-24-2_e-2000_www.jpg 1500w, https:\/\/wartapoznan.pl\/wp-content\/uploads\/2024\/07\/Lukasz-norkowski-25-07-24-2_e-2000_www-300x200.jpg 300w, https:\/\/wartapoznan.pl\/wp-content\/uploads\/2024\/07\/Lukasz-norkowski-25-07-24-2_e-2000_www-128x85.jpg 128w, https:\/\/wartapoznan.pl\/wp-content\/uploads\/2024\/07\/Lukasz-norkowski-25-07-24-2_e-2000_www-32x21.jpg 32w\" sizes=\"(max-width: 1500px) 100vw, 1500px\" \/><\/p>\n<p>\u0141ukasz Norkowski urodzi\u0142 si\u0119 26 marca 2000 roku w Czarnkowie. Ma 177 cm wzrostu i wa\u017cy 70 kg. Jest \u015brodkowym, defensywnym pomocnikiem. Jako junior wyst\u0119powa\u0142 w Noteci Rosko, B\u0142\u0119kitnych Wronki, sk\u0105d na ponad 6 lat trafi\u0142 do Lecha Pozna\u0144. Gra\u0142 tam w zespo\u0142ach m\u0142odzie\u017cowych i w dru\u017cynie rezerw. W 2018 zdoby\u0142 z dru\u017cyn\u0105 mistrzostwo Polski junior\u00f3w starszych, a jego koleg\u0105 z zespo\u0142u by\u0142 m.in. Wiktor Ple\u015bnierowicz, obecny \u201eWarciarz\u201d. Ponadto \u0141ukasz Norkowski by\u0142 zawodnikiem GKS Jastrz\u0119bie, GKS Tychy i Polonii Bytom, a ostatnie p\u00f3\u0142 roku sp\u0119dzi\u0142 w III-ligowej Noteci Czarnk\u00f3w. Ma na koncie blisko sto spotka\u0144 na poziomie centralnym \u2013 w rozgrywkach I i II ligi.<\/p>\n<p>W latach 2016-2018 nowy zawodnik Warty Pozna\u0144 zaliczy\u0142 \u0142\u0105cznie 12 wyst\u0119p\u00f3w w m\u0142odzie\u017cowych reprezentacjach Polski \u2013 w kategoriach do lat 17 i U-19.<\/p>\n<p>Tego lata \u0141ukasz Norowski trenowa\u0142 z dru\u017cyn\u0105 trenera Piotra Jacka i by\u0142 z ni\u0105 na obozie w Grodzisku Wlkp. Jako zawodnik testowany wyst\u0105pi\u0142 te\u017c w meczach kontrolnych. Teraz zosta\u0142 pi\u0142karzem Warty Pozna\u0144 po tym, jak podpisa\u0142 z klubem roczny kontrakt z opcj\u0105 przed\u0142u\u017cenia o kolejne 12 miesi\u0119cy. Jest dziesi\u0105tym zawodnikiem, kt\u00f3ry do\u0142\u0105czy\u0142 do dru\u017cyny tego lata.<\/p>\n<p><strong>\u0141ukaszu, \u017cyczymy samych udanych wyst\u0119p\u00f3w w barwach \u201eZielonych\u201d!<\/strong><\/p>\n","protected":false},"excerpt":{"rendered":"<p>By\u0142y m\u0142odzie\u017cowy reprezentant Polski, 24-letni pomocnik \u0141ukasz Norkowski zosta\u0142 zawodnikiem Warty Pozna\u0144. Podpisa\u0142 kontrakt do czerwca 2025 roku z opcj\u0105&#8230;<\/p>\n","protected":false},"author":36,"featured_media":30746,"comment_status":"closed","ping_status":"closed","sticky":false,"template":"","format":"standard","meta":{"om_disable_all_campaigns":false,"inline_featured_image":false,"footnotes":"","_links_to":"","_links_to_target":""},"categories":[94,356,100,165,1],"tags":[],"aioseo_notices":[],"_links":{"self":[{"href":"https:\/\/wartapoznan.pl\/index.php\/wp-json\/wp\/v2\/posts\/30743"}],"collection":[{"href":"https:\/\/wartapoznan.pl\/index.php\/wp-json\/wp\/v2\/posts"}],"about":[{"href":"https:\/\/wartapoznan.pl\/index.php\/wp-json\/wp\/v2\/types\/post"}],"author":[{"embeddable":true,"href":"https:\/\/wartapoznan.pl\/index.php\/wp-json\/wp\/v2\/users\/36"}],"replies":[{"embeddable":true,"href":"https:\/\/wartapoznan.pl\/index.php\/wp-json\/wp\/v2\/comments?post=30743"}],"version-history":[{"count":2,"href":"https:\/\/wartapoznan.pl\/index.php\/wp-json\/wp\/v2\/posts\/30743\/revisions"}],"predecessor-version":[{"id":30747,"href":"https:\/\/wartapoznan.pl\/index.php\/wp-json\/wp\/v2\/posts\/30743\/revisions\/30747"}],"wp:featuredmedia":[{"embeddable":true,"href":"https:\/\/wartapoznan.pl\/index.php\/wp-json\/wp\/v2\/media\/30746"}],"wp:attachment":[{"href":"https:\/\/wartapoznan.pl\/index.php\/wp-json\/wp\/v2\/media?parent=30743"}],"wp:term":[{"taxonomy":"category","embeddable":true,"href":"https:\/\/wartapoznan.pl\/index.php\/wp-json\/wp\/v2\/categories?post=30743"},{"taxonomy":"post_tag","embeddable":true,"href":"https:\/\/wartapoznan.pl\/index.php\/wp-json\/wp\/v2\/tags?post=30743"}],"curies":[{"name":"wp","href":"https:\/\/api.w.org\/{rel}","templated":true}]}}