{"id":30808,"date":"2024-07-31T17:55:49","date_gmt":"2024-07-31T15:55:49","guid":{"rendered":"https:\/\/wartapoznan.pl\/?p=30808"},"modified":"2024-07-31T17:56:55","modified_gmt":"2024-07-31T15:56:55","slug":"piotr-lesniowski-odchodzi-z-warty-poznan","status":"publish","type":"post","link":"https:\/\/wartapoznan.pl\/index.php\/2024\/07\/31\/piotr-lesniowski-odchodzi-z-warty-poznan\/","title":{"rendered":"Piotr Le\u015bniowski odchodzi z Warty Pozna\u0144"},"content":{"rendered":"<p><strong>Po ponad 5,5 roku prac\u0119 w dwukrotnym mistrzu Polski zako\u0144czy\u0142 dotychczasowy rzecznik prasowy \u2013 Piotr Le\u015bniowski. Dzi\u0119kujemy za wszystko!<\/strong><\/p>\n<p>Le\u015bniowski do\u0142\u0105czy\u0142 do \u201eZielonej Rodziny\u201d na pocz\u0105tku stycznia 2019 roku. Przez te lata by\u0142 odpowiedzialny za komunikacj\u0119 klubu i kontakt z mediami. Koordynowa\u0142 r\u00f3wnie\u017c prac\u0119 ca\u0142ego dzia\u0142u medialnego.<\/p>\n<p>Bra\u0142 czynny udzia\u0142 w wielu akcjach organizowanych przez klub m.in. \u201eAle Zasadzi\u0142!\u201d, \u201e#ParkujMY\u201d czy Aleja Warciarzy. Z jego inicjatywy dosz\u0142o do powo\u0142ania sekcji blind footballu Warty Pozna\u0144. Jest autorem znakomitej wi\u0119kszo\u015bci tekst\u00f3w na stronie internetowej w ostatnich latach, a tak\u017ce licznych zdj\u0119\u0107.<\/p>\n<p>Piotrze, dzi\u0119kujemy za Tw\u00f3j wk\u0142ad w rozw\u00f3j Klubu i \u017cyczymy powodzenia!<\/p>\n","protected":false},"excerpt":{"rendered":"<p>Po ponad 5,5 roku prac\u0119 w dwukrotnym mistrzu Polski zako\u0144czy\u0142 dotychczasowy rzecznik prasowy \u2013 Piotr Le\u015bniowski. Dzi\u0119kujemy za wszystko! Le\u015bniowski&#8230;<\/p>\n","protected":false},"author":36,"featured_media":30809,"comment_status":"closed","ping_status":"closed","sticky":false,"template":"","format":"standard","meta":{"om_disable_all_campaigns":false,"inline_featured_image":false,"footnotes":"","_links_to":"","_links_to_target":""},"categories":[94,1],"tags":[],"aioseo_notices":[],"_links":{"self":[{"href":"https:\/\/wartapoznan.pl\/index.php\/wp-json\/wp\/v2\/posts\/30808"}],"collection":[{"href":"https:\/\/wartapoznan.pl\/index.php\/wp-json\/wp\/v2\/posts"}],"about":[{"href":"https:\/\/wartapoznan.pl\/index.php\/wp-json\/wp\/v2\/types\/post"}],"author":[{"embeddable":true,"href":"https:\/\/wartapoznan.pl\/index.php\/wp-json\/wp\/v2\/users\/36"}],"replies":[{"embeddable":true,"href":"https:\/\/wartapoznan.pl\/index.php\/wp-json\/wp\/v2\/comments?post=30808"}],"version-history":[{"count":1,"href":"https:\/\/wartapoznan.pl\/index.php\/wp-json\/wp\/v2\/posts\/30808\/revisions"}],"predecessor-version":[{"id":30810,"href":"https:\/\/wartapoznan.pl\/index.php\/wp-json\/wp\/v2\/posts\/30808\/revisions\/30810"}],"wp:featuredmedia":[{"embeddable":true,"href":"https:\/\/wartapoznan.pl\/index.php\/wp-json\/wp\/v2\/media\/30809"}],"wp:attachment":[{"href":"https:\/\/wartapoznan.pl\/index.php\/wp-json\/wp\/v2\/media?parent=30808"}],"wp:term":[{"taxonomy":"category","embeddable":true,"href":"https:\/\/wartapoznan.pl\/index.php\/wp-json\/wp\/v2\/categories?post=30808"},{"taxonomy":"post_tag","embeddable":true,"href":"https:\/\/wartapoznan.pl\/index.php\/wp-json\/wp\/v2\/tags?post=30808"}],"curies":[{"name":"wp","href":"https:\/\/api.w.org\/{rel}","templated":true}]}}