{"id":31049,"date":"2024-08-22T20:29:55","date_gmt":"2024-08-22T18:29:55","guid":{"rendered":"https:\/\/wartapoznan.pl\/?p=31049"},"modified":"2024-08-22T20:29:55","modified_gmt":"2024-08-22T18:29:55","slug":"betclic-1-liga-polonia-warszawa-warta-poznan-profil-rywala","status":"publish","type":"post","link":"https:\/\/wartapoznan.pl\/index.php\/2024\/08\/22\/betclic-1-liga-polonia-warszawa-warta-poznan-profil-rywala\/","title":{"rendered":"Betclic 1. Liga. Polonia Warszawa- Warta Pozna\u0144. Profil Rywala."},"content":{"rendered":"<p><strong>W pi\u0105tek o 20:30 Warta zmierzy si\u0119 z Poloni\u0105 Warszawa. Najwa\u017cniejsze pytanie brzmi: jak zareaguje dru\u017cyna Warty po odej\u015bciu trenera Piotra Jacka?<\/strong><\/p>\n<p><strong>Raport z pierwszej dru\u017cyny Warty:<\/strong> Nadal kontuzjowany jest Micha\u0142 Kopczy\u0144ski. Na drobny uraz narzeka\u0142 Jakub Kie\u0142b i jego wyst\u0119p stoi pod znakiem zapytania. Po zwolnieniu trenera Piotra Jacka, dru\u017cyn\u0119 w tym meczu poprowadz\u0105 asystenci<\/p>\n<p><strong>Sytuacja rywala:<\/strong><\/p>\n<p>Sytuacja Polonii jest z\u0142a. Dru\u017cyna z Warszawy zamyka obecnie tabel\u0119 Betclic 1. Ligi, maj\u0105c zaledwie 1 punkt, zdobyty dzi\u0119ki bezbramkowemu remisowi w meczu z Wis\u0142\u0105 Krak\u00f3w. Kibice prze\u017cywaj\u0105 trudne chwile, kt\u00f3re z pewno\u015bci\u0105 przypominaj\u0105 im poprzedni sezon, w kt\u00f3rym Czarne Koszule zaj\u0119\u0142y 15. miejsce w tabeli I ligi i ledwo si\u0119 utrzyma\u0142y.<\/p>\n<p><strong>Sk\u0142ad:<\/strong><\/p>\n<p>Po bardzo z\u0142ym sezonie 2023\/24 Polonia przeprowadzi\u0142a ma\u0142\u0105 rewolucj\u0119 w sk\u0142adzie.<\/p>\n<p><strong>Odeszli m.in.:<\/strong> Filip Arak (koniec kontraktu), Krzysztof B\u0105kowski (Lech Pozna\u0144, potem Stal Rzesz\u00f3w), Bartosz Biedrzycki (Cracovia), Jan Majsterek (Podbeskidzie Bielsko-Bia\u0142a), Piotr Marciniec (Zag\u0142\u0119bie Sosnowiec, koniec kontraktu), Wiktor Ple\u015bnierowicz (Warta Pozna\u0144), W\u0142adys\u0142aw Ochronczuk (\u0141KS \u0141\u00f3d\u017a, potem Znicz Pruszk\u00f3w).<\/p>\n<p><strong>Przyszli:<\/strong> Souleymane Cisse (G\u00f3rnik \u0141\u0119czna), Bartosz Falbierski (MKS Polonia Warszawa), Erjon Hoxhallari (KF Tirana, wolny transfer), Marcel Predenkiewicz (Arka Gdynia), Ernest Terpi\u0142owski (Widzew \u0141\u00f3d\u017a), \u0141ukasz Zjawinski (Lechia Gda\u0144sk) i Oliwier Wojciechowski (Jagiellonia Bia\u0142ystok).<\/p>\n<p><strong>Wa\u017cni pi\u0142karze:<\/strong><\/p>\n<p>Marcin Kluska \u2013 pomocnik<br \/>\nPi\u0142karz z najd\u0142u\u017cszym sta\u017cem w Polonii. W barwach Czarnych Koszul wyst\u0105pi\u0142 205 razy i strzeli\u0142 30 goli. 28-latek mo\u017ce gra\u0107 na pozycji ofensywnego pomocnika lub lewego\/prawego napastnika.<\/p>\n<p>Micha\u0142 Bajdur \u2013 pomocnik<br \/>\nWed\u0142ug &#8222;Przegl\u0105du Sportowego&#8221; najbardziej kreatywny z obecnych pi\u0142karzy Polonii. 30-letni pomocnik ma za sob\u0105 wyst\u0119py m.in. w Legionovii Legionowo, Pogoni Siedlce, Zag\u0142\u0119biu Sosnowiec oraz w II dru\u017cynie Legii Warszawa. To jego trzeci sezon przy Konwiktorskiej. W 69 meczach zdoby\u0142 14 bramek i zaliczy\u0142 11 asyst.<\/p>\n<p>Souleymane Cisse \u2013 obro\u0144ca<br \/>\nNowy nabytek Polonii jest obecnie najwy\u017cej wycenianym pi\u0142karzem w sk\u0142adzie (300 tys. euro). Ze wzrostem 195 cm ma \u015bwietne warunki na pozycj\u0119, kt\u00f3r\u0105 zajmuje, czyli \u015brodkowego obro\u0144c\u0119. 25-letni Senegalczyk trafi\u0142 do Polonii z Quevilly-Rouen M\u00e9tropole (III liga francuska).<\/p>\n<p><strong>Trener:<\/strong><\/p>\n<p>Dwie kolejki temu w\u0142a\u015bciciel klubu, Gregoire Nitot, zwolni\u0142 trenera Rafa\u0142a Smalca, a dru\u017cyna do mecz\u00f3w z Miedzi\u0105 Legnica i Kotwic\u0105 Ko\u0142obrzeg przyst\u0105pi\u0142a pod wodz\u0105 tymczasowego szkoleniowca Grzegorza Lecha. Ta zmiana jednak nie przynios\u0142a poprawy i Polonia przegra\u0142a oba mecze. Dzi\u015b og\u0142oszono, \u017ce nowym trenerem zostanie dobrze znany przy ul. Konwiktorskiej Mariusz Pawlak, kt\u00f3ry by\u0142 zawodnikiem Polonii w latach 1996-2002 oraz 2007-2008. Jako trener prowadzi\u0142 m.in. Znicz Pruszk\u00f3w, Chojniczank\u0119 Chojnice, GKS Be\u0142chat\u00f3w, Olimpi\u0119 Grudzi\u0105dz i Wis\u0142\u0119 Pu\u0142awy.<\/p>\n<p><strong>Stadion:<\/strong><\/p>\n<p>Polonia rozgrywa swoje mecze na stadionie przy ul. Konwiktorskiej, kt\u00f3rego historia si\u0119ga czas\u00f3w przedwojennych. Obiekt na ponad 6000 widz\u00f3w jest jednak ju\u017c mocno leciwy i ledwo spe\u0142nia warunki licencyjne 1. Ligi. Od dawna m\u00f3wi si\u0119 o wybudowaniu dla Polonii nowego stadionu. Teoretycznie wszystko jest na dobrej drodze, poniewa\u017c Warszawa zadeklarowa\u0142a wsparcie finansowe, jednak pocz\u0105tek prac ca\u0142y czas jest odk\u0142adany. Ostatnio prezydent Rafa\u0142 Trzaskowski podda\u0142 w w\u0105tpliwo\u015b\u0107, czy projekt faktycznie ruszy, ze wzgl\u0119du na brak pieni\u0119dzy w miejskiej kasie.<\/p>\n<p><strong>Historia i ciekawostki:<\/strong><\/p>\n<p>Polonia Warszawa powsta\u0142a w 1911 roku.\u00a0 To najstarszy istniej\u0105cy klub pi\u0142karski Warszawy. 2-krotny mistrz Polski, 3-krotny wicemistrz Polski, 2-krotny zdobywca Pucharu Polski, zdobywca Superpucharu Polski i Pucharu Ligi Polskiej.<\/p>\n<p>Ma d\u0142ug\u0105 i burzliw\u0105 histori\u0119. Ostatnie 20 lat to wzloty i upadki, spadki i awanse, zmiany w\u0142\u0105scicieli i szkoleniowc\u00f3w. Na \u0142awce trenerwskiej Poloni melowli si\u0119 m.in. Paw\u0119\u0142 janas, Piotr Stokowiec, Czes\u0142aw Michniewicz,\u00a0 Jose Marii bakero, Krzysztof Chrobak. Prawie tak samo zceste by\u0142y zmiany w\u0142ascieli. Obecnie jest nim Gr\u00e9goire Patrick Cl\u00e9ment Nitot \u2013 francusko-polski przedsi\u0119biorca i dzia\u0142acz sportowy,\u00a0 Za\u0142o\u017cyciel i dyrektor generalny Sii Polska<\/p>\n<p><strong>Informacje o meczu <\/strong><\/p>\n<p>Data: Pi\u0105tek, godz. 20.30<\/p>\n<p>Miejsce : Stadion Poloni, ul. Konwiktorska 6, Warszawa<\/p>\n<p>Sk\u0142ad s\u0119dziowski<\/p>\n<ul>\n<li>S\u0119dzia g\u0142\u00f3wny, Mateusz Piszczelok &#8211; Katowice<\/li>\n<li>S\u0119dziowie asystenci: S\u0142awomir Kowalewski, Daniel Wiejowski<\/li>\n<li>S\u0119dzia techniczny: Arkadiusz Nestorowicz<\/li>\n<\/ul>\n","protected":false},"excerpt":{"rendered":"<p>W pi\u0105tek o 20:30 Warta zmierzy si\u0119 z Poloni\u0105 Warszawa. Najwa\u017cniejsze pytanie brzmi: jak zareaguje dru\u017cyna Warty po odej\u015bciu trenera&#8230;<\/p>\n","protected":false},"author":36,"featured_media":31051,"comment_status":"closed","ping_status":"closed","sticky":false,"template":"","format":"standard","meta":{"om_disable_all_campaigns":false,"inline_featured_image":false,"footnotes":"","_links_to":"","_links_to_target":""},"categories":[1],"tags":[],"aioseo_notices":[],"_links":{"self":[{"href":"https:\/\/wartapoznan.pl\/index.php\/wp-json\/wp\/v2\/posts\/31049"}],"collection":[{"href":"https:\/\/wartapoznan.pl\/index.php\/wp-json\/wp\/v2\/posts"}],"about":[{"href":"https:\/\/wartapoznan.pl\/index.php\/wp-json\/wp\/v2\/types\/post"}],"author":[{"embeddable":true,"href":"https:\/\/wartapoznan.pl\/index.php\/wp-json\/wp\/v2\/users\/36"}],"replies":[{"embeddable":true,"href":"https:\/\/wartapoznan.pl\/index.php\/wp-json\/wp\/v2\/comments?post=31049"}],"version-history":[{"count":1,"href":"https:\/\/wartapoznan.pl\/index.php\/wp-json\/wp\/v2\/posts\/31049\/revisions"}],"predecessor-version":[{"id":31052,"href":"https:\/\/wartapoznan.pl\/index.php\/wp-json\/wp\/v2\/posts\/31049\/revisions\/31052"}],"wp:featuredmedia":[{"embeddable":true,"href":"https:\/\/wartapoznan.pl\/index.php\/wp-json\/wp\/v2\/media\/31051"}],"wp:attachment":[{"href":"https:\/\/wartapoznan.pl\/index.php\/wp-json\/wp\/v2\/media?parent=31049"}],"wp:term":[{"taxonomy":"category","embeddable":true,"href":"https:\/\/wartapoznan.pl\/index.php\/wp-json\/wp\/v2\/categories?post=31049"},{"taxonomy":"post_tag","embeddable":true,"href":"https:\/\/wartapoznan.pl\/index.php\/wp-json\/wp\/v2\/tags?post=31049"}],"curies":[{"name":"wp","href":"https:\/\/api.w.org\/{rel}","templated":true}]}}