{"id":31078,"date":"2024-08-27T15:14:45","date_gmt":"2024-08-27T13:14:45","guid":{"rendered":"https:\/\/wartapoznan.pl\/?p=31078"},"modified":"2024-08-27T15:14:45","modified_gmt":"2024-08-27T13:14:45","slug":"piotr-klepczarek-zostal-nowym-trenerem-warty-poznan","status":"publish","type":"post","link":"https:\/\/wartapoznan.pl\/index.php\/2024\/08\/27\/piotr-klepczarek-zostal-nowym-trenerem-warty-poznan\/","title":{"rendered":"Piotr Klepczarek zosta\u0142 nowym trenerem Warty Pozna\u0144"},"content":{"rendered":"<p><strong>Piotr Klepczarek podpisa\u0142 kontrakt z Wart\u0105 Pozna\u0144 do ko\u0144ca bie\u017c\u0105cego sezonu, z mo\u017cliwo\u015bci\u0105 przed\u0142u\u017cenia na dwa kolejne. Poprowadzi dru\u017cyn\u0119 ju\u017c w najbli\u017cszym meczu ze Zniczem Pruszk\u00f3w.<\/strong><\/p>\n<p>Piotr Klepczarek ma 40 lat i pochodzi z Olsztyna. Ostatnio prowadzi\u0142 dru\u017cyn\u0119 \u015awit Szczecin, z kt\u00f3r\u0105 w zesz\u0142ym sezonie awansowa\u0142 do 2. ligi. Przedtem pe\u0142ni\u0142 funkcj\u0119 asystenta trenera w Rakowie Cz\u0119stochowa. Posiada licencj\u0119 UEFA A i jest w trakcie kursu UEFA PRO. Wcze\u015bniej, jako pi\u0142karz wyst\u0119powa\u0142 m.in. w Stomilu Olsztyn, Zawiszy Bydgoszcz, Polonii Warszawa i \u0141KS \u0141\u00f3d\u017a, a profesjonaln\u0105 karier\u0119 zako\u0144czy\u0142 w 2020 roku w Zniczu Pruszk\u00f3w. W pi\u0142karskim \u015brodowisku jest uznawany za jednego z najbardziej obiecuj\u0105cych trener\u00f3w m\u0142odego pokolenia.<\/p>\n<p><em>\u201eWybieraj\u0105c nowego trenera, rozwa\u017cali\u015bmy kilka kandydatur. Byli w\u015br\u00f3d nich trenerzy zar\u00f3wno m\u0142odsi, jak i bardziej znani, z wi\u0119kszym sta\u017cem. Postawili\u015bmy na trenera perspektywicznego i g\u0142odnego sukces\u00f3w, kt\u00f3ry nie b\u0119dzie klasycznym \u201estra\u017cakiem\u201d, ale zostanie z nami na d\u0142u\u017cszy czas. Piotr Klepczarek jest szkoleniowcem, kt\u00f3ry mimo m\u0142odego, jak na trenera, wieku, ju\u017c zd\u0105\u017cy\u0142 wyrobi\u0107 sobie \u015bwietn\u0105 opini\u0119 w pi\u0142karskim \u015brodowisku i wi\u0105zane s\u0105 z nim du\u017ce nadzieje. Jest te\u017c znany jako osoba, kt\u00f3r\u0105 cechuje zdecydowanie i determinacja. Przekona\u0142 nas bardzo wnikliw\u0105 diagnoz\u0105 sytuacji dru\u017cyny oraz konkretnym planem na jej prowadzenie. Liczymy na to, \u017ce przede wszystkim uporz\u0105dkuje gr\u0119 w defensywie i skieruje dru\u017cyn\u0119 na odpowiednie tory tak, \u017ceby zacz\u0119\u0142a gra\u0107 na miar\u0119 swojego potencja\u0142u i pok\u0142adanych w niej oczekiwa\u0144\u201d<\/em> \u2013 m\u00f3wi Dawid Fr\u0105ckowiak, dyrektor sportowy\u00a0Warty\u00a0Pozna\u0144.<\/p>\n","protected":false},"excerpt":{"rendered":"<p>Piotr Klepczarek podpisa\u0142 kontrakt z Wart\u0105 Pozna\u0144 do ko\u0144ca bie\u017c\u0105cego sezonu, z mo\u017cliwo\u015bci\u0105 przed\u0142u\u017cenia na dwa kolejne. Poprowadzi dru\u017cyn\u0119 ju\u017c&#8230;<\/p>\n","protected":false},"author":36,"featured_media":31082,"comment_status":"closed","ping_status":"closed","sticky":false,"template":"","format":"standard","meta":{"om_disable_all_campaigns":false,"inline_featured_image":false,"footnotes":"","_links_to":"","_links_to_target":""},"categories":[94,356,100,1],"tags":[],"aioseo_notices":[],"_links":{"self":[{"href":"https:\/\/wartapoznan.pl\/index.php\/wp-json\/wp\/v2\/posts\/31078"}],"collection":[{"href":"https:\/\/wartapoznan.pl\/index.php\/wp-json\/wp\/v2\/posts"}],"about":[{"href":"https:\/\/wartapoznan.pl\/index.php\/wp-json\/wp\/v2\/types\/post"}],"author":[{"embeddable":true,"href":"https:\/\/wartapoznan.pl\/index.php\/wp-json\/wp\/v2\/users\/36"}],"replies":[{"embeddable":true,"href":"https:\/\/wartapoznan.pl\/index.php\/wp-json\/wp\/v2\/comments?post=31078"}],"version-history":[{"count":2,"href":"https:\/\/wartapoznan.pl\/index.php\/wp-json\/wp\/v2\/posts\/31078\/revisions"}],"predecessor-version":[{"id":31084,"href":"https:\/\/wartapoznan.pl\/index.php\/wp-json\/wp\/v2\/posts\/31078\/revisions\/31084"}],"wp:featuredmedia":[{"embeddable":true,"href":"https:\/\/wartapoznan.pl\/index.php\/wp-json\/wp\/v2\/media\/31082"}],"wp:attachment":[{"href":"https:\/\/wartapoznan.pl\/index.php\/wp-json\/wp\/v2\/media?parent=31078"}],"wp:term":[{"taxonomy":"category","embeddable":true,"href":"https:\/\/wartapoznan.pl\/index.php\/wp-json\/wp\/v2\/categories?post=31078"},{"taxonomy":"post_tag","embeddable":true,"href":"https:\/\/wartapoznan.pl\/index.php\/wp-json\/wp\/v2\/tags?post=31078"}],"curies":[{"name":"wp","href":"https:\/\/api.w.org\/{rel}","templated":true}]}}