{"id":3556,"date":"2019-01-30T14:17:01","date_gmt":"2019-01-30T13:17:01","guid":{"rendered":"https:\/\/wartapoznan.pl\/?p=3556"},"modified":"2019-01-30T14:26:47","modified_gmt":"2019-01-30T13:26:47","slug":"michal-zebrakowski-wypozyczony-do-warty-poznan","status":"publish","type":"post","link":"https:\/\/wartapoznan.pl\/index.php\/2019\/01\/30\/michal-zebrakowski-wypozyczony-do-warty-poznan\/","title":{"rendered":"Micha\u0142 \u017bebrakowski wypo\u017cyczony do Warty Pozna\u0144"},"content":{"rendered":"<p>Napastnik Micha\u0142 \u017bebrakowski zosta\u0142 wypo\u017cyczony do Warty Pozna\u0144 z Arki Gdynia do ko\u0144ca sezonu 2018\/19. Jest trzecim zawodnikiem, kt\u00f3ry tej zimy wzmocni\u0142 kadr\u0119 &#8222;Zielonych&#8221;.<\/p>\n<p>22-letni napastnik trenowa\u0142 z Wart\u0105 Pozna\u0144 od po\u0142owy stycznia i wyst\u0105pi\u0142 w sparingu z Rakowem Cz\u0119stochowa. W \u015brod\u0119 podpisa\u0142 kontrakt z pozna\u0144skim klubem, wa\u017cny do ko\u0144ca tego sezonu . Wcze\u015bniej umow\u0119 zawar\u0142y Warta i Arka Gdynia. &#8211;<em> Micha\u0142owi bardzo zale\u017ca\u0142o na tym, \u017ceby m\u00f3c si\u0119 odbudowa\u0107 w I lidze, a nam r\u00f3wnie mocno zale\u017ca\u0142o na tym, \u017ceby wzmocni\u0107 kadr\u0119 napastnikiem, kt\u00f3ry pomo\u017ce nam w zdobywaniu bramek, a co za tym idzie punkt\u00f3w. Wierzymy w potencja\u0142 Micha\u0142a i cieszymy si\u0119, \u017ce do\u0142\u0105czy\u0142 do zielonej rodziny. Witamy go na pok\u0142adzie &#8211; m\u00f3wi dyrektor sportowy Warty Pozna\u0144 Dawid Fr\u0105ckowiak.<\/em> &#8211; <em>Trenerzy bardzo szybko zdecydowali o przydatno\u015bci Micha\u0142a do zespo\u0142u, ale przed podpisaniem kontraktu zawodnik musia\u0142 jeszcze przej\u015b\u0107 badania lekarskie.<\/em><\/p>\n<p>Micha\u0142 \u017bebrakowski pojedzie w sobot\u0119 na ob\u00f3z przygotowawczy do Grodziska Wlkp. Wychowanek Stali Rzesz\u00f3w to trzeci gracz, kt\u00f3ry tej zimy podpisa\u0142 kontrakt z Wart\u0105 Pozna\u0144. Wcze\u015bniej z klubem z Wildy zwi\u0105zali si\u0119: skrzyd\u0142owy Micha\u0142 Jak\u00f3bowski (transfer definitywny z Bytovii Byt\u00f3w) oraz napastnik Hubert Sobol, wypo\u017cyczony na rok z Lecha Pozna\u0144.<\/p>\n<hr \/>\n<p><small>Na zdj\u0119ciu Micha\u0142 \u017bebrakowski i dyrektor wykonawczy Warty Pozna\u0144 Tomasz Wichniarek<\/small><\/p>\n","protected":false},"excerpt":{"rendered":"<p>Napastnik Micha\u0142 \u017bebrakowski zosta\u0142 wypo\u017cyczony do Warty Pozna\u0144 z Arki Gdynia do ko\u0144ca sezonu 2018\/19. Jest trzecim zawodnikiem, kt\u00f3ry tej&#8230;<\/p>\n","protected":false},"author":36,"featured_media":3560,"comment_status":"closed","ping_status":"closed","sticky":false,"template":"","format":"standard","meta":{"om_disable_all_campaigns":false,"inline_featured_image":false,"footnotes":"","_links_to":"","_links_to_target":""},"categories":[94,100,165,1],"tags":[],"aioseo_notices":[],"_links":{"self":[{"href":"https:\/\/wartapoznan.pl\/index.php\/wp-json\/wp\/v2\/posts\/3556"}],"collection":[{"href":"https:\/\/wartapoznan.pl\/index.php\/wp-json\/wp\/v2\/posts"}],"about":[{"href":"https:\/\/wartapoznan.pl\/index.php\/wp-json\/wp\/v2\/types\/post"}],"author":[{"embeddable":true,"href":"https:\/\/wartapoznan.pl\/index.php\/wp-json\/wp\/v2\/users\/36"}],"replies":[{"embeddable":true,"href":"https:\/\/wartapoznan.pl\/index.php\/wp-json\/wp\/v2\/comments?post=3556"}],"version-history":[{"count":7,"href":"https:\/\/wartapoznan.pl\/index.php\/wp-json\/wp\/v2\/posts\/3556\/revisions"}],"predecessor-version":[{"id":3564,"href":"https:\/\/wartapoznan.pl\/index.php\/wp-json\/wp\/v2\/posts\/3556\/revisions\/3564"}],"wp:featuredmedia":[{"embeddable":true,"href":"https:\/\/wartapoznan.pl\/index.php\/wp-json\/wp\/v2\/media\/3560"}],"wp:attachment":[{"href":"https:\/\/wartapoznan.pl\/index.php\/wp-json\/wp\/v2\/media?parent=3556"}],"wp:term":[{"taxonomy":"category","embeddable":true,"href":"https:\/\/wartapoznan.pl\/index.php\/wp-json\/wp\/v2\/categories?post=3556"},{"taxonomy":"post_tag","embeddable":true,"href":"https:\/\/wartapoznan.pl\/index.php\/wp-json\/wp\/v2\/tags?post=3556"}],"curies":[{"name":"wp","href":"https:\/\/api.w.org\/{rel}","templated":true}]}}