{"id":3669,"date":"2019-02-06T21:20:27","date_gmt":"2019-02-06T20:20:27","guid":{"rendered":"https:\/\/wartapoznan.pl\/?p=3669"},"modified":"2019-02-06T22:49:40","modified_gmt":"2019-02-06T21:49:40","slug":"jakub-kielb-nie-chcialem-wygrac-dzieki-pomylce-sedziego","status":"publish","type":"post","link":"https:\/\/wartapoznan.pl\/index.php\/2019\/02\/06\/jakub-kielb-nie-chcialem-wygrac-dzieki-pomylce-sedziego\/","title":{"rendered":"Jakub Kie\u0142b: \u201eNie chcia\u0142em wygra\u0107 dzi\u0119ki pomy\u0142ce s\u0119dziego\u201d"},"content":{"rendered":"<p>&#8211; <em>Wola\u0142em, \u017ceby\u015bmy udowodnili, \u017ce jeste\u015bmy lepsi pi\u0142karsko, a nie korzystali na b\u0142\u0119dzie s\u0119dziego<\/em> \u2013 t\u0142umaczy obro\u0144ca Warty Pozna\u0144 Jakub Kie\u0142b, kt\u00f3ry w meczu sparingowym z Widzewem \u0141\u00f3d\u017a nam\u00f3wi\u0142 s\u0119dziego na\u2026 zmian\u0119 decyzji o przyznaniu \u201eZielonym\u201d rzutu karnego.<\/p>\n<p>By\u0142a 43. Minuta sparingu Warty Pozna\u0144 z Widzewem \u0141\u00f3d\u017a. Na boisku w Uniejowie wci\u0105\u017c by\u0142o bez goli, gdy s\u0119dzia Pawe\u0142 Malec przyzna\u0142 rzut karny dru\u017cynie Petra Nemca. Sta\u0142o si\u0119 to po tym, jak Jakub Kie\u0142b upad\u0142 na muraw\u0119 w polu karnym, po starciu z jednym z rywali. \u0141odzianie protestowali. Micha\u0142 \u017bebrakowski z\u0142apa\u0142 pi\u0142k\u0119 pod pach\u0119 i zacz\u0119\u0142y si\u0119 dyskusje, kt\u00f3ry z pozna\u0144skich graczy b\u0119dzie wykonywa\u0142 \u201ejedenastk\u0119\u201d. Par\u0119 chwil p\u00f3\u017aniej arbiter zmieni\u0142 swoj\u0105 decyzj\u0119, za co dosta\u0142 brawa od kilkudziesi\u0119cioosobowej grupy kibic\u00f3w Widzewa.<\/p>\n<p><img loading=\"lazy\" decoding=\"async\" width=\"1000\" height=\"665\" class=\"aligncenter size-full wp-image-3672\" src=\"https:\/\/wartapoznan.pl\/wp-content\/uploads\/2019\/02\/widzew-5150.jpg\" alt=\"Warta Pozna\u0144 - Widzew \u0141\u00f3d\u017a (2:0) w sparingu w Uniejowie\" srcset=\"https:\/\/wartapoznan.pl\/wp-content\/uploads\/2019\/02\/widzew-5150.jpg 1000w, https:\/\/wartapoznan.pl\/wp-content\/uploads\/2019\/02\/widzew-5150-300x200.jpg 300w, https:\/\/wartapoznan.pl\/wp-content\/uploads\/2019\/02\/widzew-5150-768x511.jpg 768w, https:\/\/wartapoznan.pl\/wp-content\/uploads\/2019\/02\/widzew-5150-128x85.jpg 128w, https:\/\/wartapoznan.pl\/wp-content\/uploads\/2019\/02\/widzew-5150-32x21.jpg 32w, https:\/\/wartapoznan.pl\/wp-content\/uploads\/2019\/02\/widzew-5150-356x237.jpg 356w, https:\/\/wartapoznan.pl\/wp-content\/uploads\/2019\/02\/widzew-5150-470x313.jpg 470w, https:\/\/wartapoznan.pl\/wp-content\/uploads\/2019\/02\/widzew-5150-70x47.jpg 70w, https:\/\/wartapoznan.pl\/wp-content\/uploads\/2019\/02\/widzew-5150-100x67.jpg 100w, https:\/\/wartapoznan.pl\/wp-content\/uploads\/2019\/02\/widzew-5150-600x399.jpg 600w\" sizes=\"(max-width: 1000px) 100vw, 1000px\" \/><\/p>\n<p>Co si\u0119 sta\u0142o? &#8211; <em>Zawodnik z Widzewa trafi\u0142 w pi\u0142k\u0119, ale te\u017c spowodowa\u0142, \u017ce si\u0119 przewr\u00f3ci\u0142em. Na pewno nie by\u0142o faulu<\/em> \u2013 opowiada Jakub Kie\u0142b. <em>&#8211; Z perspektywy s\u0119dziego to mog\u0142o nawet wygl\u0105da\u0107 nawet, ale chyba inni widzieli, \u017ce nie by\u0142em faulowany. Powiedzia\u0142em s\u0119dziemu: \u201ePawe\u0142, nic nie by\u0142o. Przypadkowo si\u0119 przewr\u00f3ci\u0142em\u201d.<\/em><\/p>\n<p>Obro\u0144ca Warty Pozna\u0144 t\u0142umaczy, dlaczego tak post\u0105pi\u0142: <em>&#8211; Nie chcia\u0142em wygra\u0107 sparingu dlatego, \u017ce oszuka\u0142em. Wola\u0142em, \u017ceby\u015bmy udowodnili, \u017ce jeste\u015bmy lepsi pi\u0142karsko, a nie korzystali na b\u0142\u0119dzie s\u0119dziego. To by\u0142oby nie fair. Poza tym, tak si\u0119 sk\u0142ada, wychowywa\u0142em si\u0119 w \u0141odzi od 12. roku \u017cycia. Bramkarz Widzewa Patryk Wola\u0144ski to m\u00f3j kolega, znamy si\u0119 wiele lat. S\u0119dzia dzisiejszego sparingu prowadzi\u0142 mecze, w kt\u00f3rych gra\u0142em, gdy mia\u0142em 12 lat. Jeste\u015bmy po imieniu.<\/em><\/p>\n<p><img loading=\"lazy\" decoding=\"async\" width=\"1000\" height=\"665\" class=\"aligncenter size-full wp-image-3673\" src=\"https:\/\/wartapoznan.pl\/wp-content\/uploads\/2019\/02\/widzew-5092.jpg\" alt=\"\" srcset=\"https:\/\/wartapoznan.pl\/wp-content\/uploads\/2019\/02\/widzew-5092.jpg 1000w, https:\/\/wartapoznan.pl\/wp-content\/uploads\/2019\/02\/widzew-5092-300x200.jpg 300w, https:\/\/wartapoznan.pl\/wp-content\/uploads\/2019\/02\/widzew-5092-768x511.jpg 768w, https:\/\/wartapoznan.pl\/wp-content\/uploads\/2019\/02\/widzew-5092-128x85.jpg 128w, https:\/\/wartapoznan.pl\/wp-content\/uploads\/2019\/02\/widzew-5092-32x21.jpg 32w, https:\/\/wartapoznan.pl\/wp-content\/uploads\/2019\/02\/widzew-5092-356x237.jpg 356w, https:\/\/wartapoznan.pl\/wp-content\/uploads\/2019\/02\/widzew-5092-470x313.jpg 470w, https:\/\/wartapoznan.pl\/wp-content\/uploads\/2019\/02\/widzew-5092-70x47.jpg 70w, https:\/\/wartapoznan.pl\/wp-content\/uploads\/2019\/02\/widzew-5092-100x67.jpg 100w, https:\/\/wartapoznan.pl\/wp-content\/uploads\/2019\/02\/widzew-5092-600x399.jpg 600w\" sizes=\"(max-width: 1000px) 100vw, 1000px\" \/><\/p>\n<p>Mecz tak si\u0119 potoczy\u0142, \u017ce <a href=\"\/index.php\/2019\/02\/06\/warta-poznan-lepsza-od-widzewa-lodz\/\" target=\"_blank\" rel=\"noopener\">Warta Pozna\u0144 pokona\u0142a \u0142odzian<\/a>. Bramki pad\u0142y w drugiej po\u0142owie, a jedna z nich z\u2026 rzutu karnego. &#8211; <em>Jestem bardzo zadowolony, \u017ce wygrali\u015bmy i \u017ce nie pozwolili\u015bmy Widzewowi na wiele<\/em> \u2013 m\u00f3wi Jakub Kie\u0142b. &#8211; <em>Wynik jest korzystny, ale nasza gra nie jest jeszcze idealna. Na pewno to nie by\u0142o tak, \u017ce kontrolowali\u015bmy mecz. Jest jednak jeszcze miesi\u0105c do rozpocz\u0119cia rundy i sporo czasu na to, \u017ceby wypracowa\u0107 pewne zachowania boiskowe. A wtedy na pewno nasza gra b\u0119dzie jeszcze lepsza.<\/em><\/p>\n<p><img loading=\"lazy\" decoding=\"async\" width=\"1000\" height=\"664\" class=\"aligncenter size-full wp-image-3674\" src=\"https:\/\/wartapoznan.pl\/wp-content\/uploads\/2019\/02\/widzew-5106.jpg\" alt=\"\" srcset=\"https:\/\/wartapoznan.pl\/wp-content\/uploads\/2019\/02\/widzew-5106.jpg 1000w, https:\/\/wartapoznan.pl\/wp-content\/uploads\/2019\/02\/widzew-5106-300x199.jpg 300w, https:\/\/wartapoznan.pl\/wp-content\/uploads\/2019\/02\/widzew-5106-768x510.jpg 768w, https:\/\/wartapoznan.pl\/wp-content\/uploads\/2019\/02\/widzew-5106-128x85.jpg 128w, https:\/\/wartapoznan.pl\/wp-content\/uploads\/2019\/02\/widzew-5106-32x21.jpg 32w, https:\/\/wartapoznan.pl\/wp-content\/uploads\/2019\/02\/widzew-5106-356x236.jpg 356w, https:\/\/wartapoznan.pl\/wp-content\/uploads\/2019\/02\/widzew-5106-470x312.jpg 470w, https:\/\/wartapoznan.pl\/wp-content\/uploads\/2019\/02\/widzew-5106-70x46.jpg 70w, https:\/\/wartapoznan.pl\/wp-content\/uploads\/2019\/02\/widzew-5106-100x66.jpg 100w, https:\/\/wartapoznan.pl\/wp-content\/uploads\/2019\/02\/widzew-5106-600x398.jpg 600w\" sizes=\"(max-width: 1000px) 100vw, 1000px\" \/><\/p>\n<p>W pojedynku Warty z Widzewem nie brakowa\u0142o ostrzejszych zagra\u0144, s\u0119dzia pokaza\u0142 kilka \u017c\u00f3\u0142tych kartek. &#8211; <em>Mia\u0142em wra\u017cenie, \u017ce ten mecz przypomina bardziej mecz ligowy, a nie sparing. Poziom zaanga\u017cowania by\u0142 ju\u017c zbli\u017cony do tego ligowego, by\u0142o sporo walki, a nie sparingowego &#8222;klepania&#8221; od nogi do nogi. To dobrze, bo czu\u0107 ju\u017c, \u017ce zbli\u017camy si\u0119 do rozpocz\u0119cia rundy wiosennej<\/em> \u2013 u\u015bmiecha si\u0119 Jakub Kie\u0142b.<\/p>\n<hr \/>\n<p><a href=\"http:\/\/bit.ly\/2SdC0gY\" target=\"_blank\" rel=\"noopener\">Obejrzyj galeri\u0119 zdj\u0119\u0107 z meczu na naszej stronie na Facebooku<\/a><\/p>\n","protected":false},"excerpt":{"rendered":"<p>&#8211; Wola\u0142em, \u017ceby\u015bmy udowodnili, \u017ce jeste\u015bmy lepsi pi\u0142karsko, a nie korzystali na b\u0142\u0119dzie s\u0119dziego \u2013 t\u0142umaczy obro\u0144ca Warty Pozna\u0144 Jakub&#8230;<\/p>\n","protected":false},"author":36,"featured_media":3671,"comment_status":"closed","ping_status":"closed","sticky":false,"template":"","format":"standard","meta":{"om_disable_all_campaigns":false,"inline_featured_image":false,"footnotes":"","_links_to":"","_links_to_target":""},"categories":[94,100,102,1],"tags":[],"aioseo_notices":[],"_links":{"self":[{"href":"https:\/\/wartapoznan.pl\/index.php\/wp-json\/wp\/v2\/posts\/3669"}],"collection":[{"href":"https:\/\/wartapoznan.pl\/index.php\/wp-json\/wp\/v2\/posts"}],"about":[{"href":"https:\/\/wartapoznan.pl\/index.php\/wp-json\/wp\/v2\/types\/post"}],"author":[{"embeddable":true,"href":"https:\/\/wartapoznan.pl\/index.php\/wp-json\/wp\/v2\/users\/36"}],"replies":[{"embeddable":true,"href":"https:\/\/wartapoznan.pl\/index.php\/wp-json\/wp\/v2\/comments?post=3669"}],"version-history":[{"count":4,"href":"https:\/\/wartapoznan.pl\/index.php\/wp-json\/wp\/v2\/posts\/3669\/revisions"}],"predecessor-version":[{"id":3677,"href":"https:\/\/wartapoznan.pl\/index.php\/wp-json\/wp\/v2\/posts\/3669\/revisions\/3677"}],"wp:featuredmedia":[{"embeddable":true,"href":"https:\/\/wartapoznan.pl\/index.php\/wp-json\/wp\/v2\/media\/3671"}],"wp:attachment":[{"href":"https:\/\/wartapoznan.pl\/index.php\/wp-json\/wp\/v2\/media?parent=3669"}],"wp:term":[{"taxonomy":"category","embeddable":true,"href":"https:\/\/wartapoznan.pl\/index.php\/wp-json\/wp\/v2\/categories?post=3669"},{"taxonomy":"post_tag","embeddable":true,"href":"https:\/\/wartapoznan.pl\/index.php\/wp-json\/wp\/v2\/tags?post=3669"}],"curies":[{"name":"wp","href":"https:\/\/api.w.org\/{rel}","templated":true}]}}