{"id":3842,"date":"2019-02-18T13:52:46","date_gmt":"2019-02-18T12:52:46","guid":{"rendered":"https:\/\/wartapoznan.pl\/?p=3842"},"modified":"2019-02-18T15:32:38","modified_gmt":"2019-02-18T14:32:38","slug":"kup-karnet-na-wiosenne-mecze-warty-poznan-w-fortuna-1-lidze","status":"publish","type":"post","link":"https:\/\/wartapoznan.pl\/index.php\/2019\/02\/18\/kup-karnet-na-wiosenne-mecze-warty-poznan-w-fortuna-1-lidze\/","title":{"rendered":"Kup karnet na wiosenne mecze Warty Pozna\u0144 w Fortuna 1. Lidze"},"content":{"rendered":"<p>Trwa sprzeda\u017c karnet\u00f3w na 6 wiosennych mecz\u00f3w pi\u0142karzy Warty Pozna\u0144 w Fortuna 1. Lidze. Ceny abonament\u00f3w rozpoczynaj\u0105 si\u0119 od 50 z\u0142.<\/p>\n<p>Od ubieg\u0142ego tygodnia prawo zakupu karnetu w promocyjnej cenie 50 z\u0142 maj\u0105 ci kibice Warty Pozna\u0144, kt\u00f3rzy w tym sezonie zarejestrowali si\u0119 i cho\u0107 raz nabyli bilet na mecz \u201eZielonych\u201d za po\u015brednictwem platformy sprzeda\u017cy internetowej <strong>bilety.klubwarta.pl<\/strong>. Do tych kibic\u00f3w klub wys\u0142a\u0142 wiadomo\u015b\u0107 z informacj\u0105 o rozpocz\u0119ciu sprzeda\u017cy zamkni\u0119tej. W czasie trwania tej promocji karnet normalny jest w cenie karnetu ulgowego! Wej\u015bcie na jeden mecz to wydatek mniej ni\u017c 10 z\u0142.<\/p>\n<p>Ta forma dystrybucji potrwa do \u015brody, 20 lutego. Dzie\u0144 p\u00f3\u017aniej rozpocznie si\u0119 przedsprzeda\u017c karnet\u00f3w na rund\u0119 wiosenn\u0105. W dniach 21 lutego \u2013 3 marca karnety b\u0119d\u0105 w cenie 60 z\u0142. Jak \u0142atwo policzy\u0107, pojedynczy wst\u0119p na mecz \u201eZielonych\u201d kosztuje w tej opcji okr\u0105g\u0142e 10 z\u0142.<\/p>\n<p>Od 4 marca, w tygodniu poprzedzaj\u0105cym pierwszy w tym roku mecz Warty Pozna\u0144 na w\u0142asnym stadionie (10 marca o godz. 15 z Podbeskidziem Bielsko-Bia\u0142a) karnet b\u0119dzie kosztowa\u0142 70 z\u0142. \u2013 <em>Uwa\u017camy, \u017ce zaproponowane przez nas ceny s\u0105 na tyle atrakcyjne, \u017ce zach\u0119c\u0105 kibic\u00f3w do zakupu karnet\u00f3w i regularnego odwiedzania stadionu przy Drodze D\u0119bi\u0144skiej 12 w rundzie wiosennej<\/em> \u2013 m\u00f3wi Konrad Majewski, specjalista ds. organizacji w Warcie Pozna\u0144 S.A. \u2013 <em>W miar\u0119 mo\u017cliwo\u015bci b\u0119dziemy organizowali mecze w \u201eOgr\u00f3dku\u201d w niedzielne popo\u0142udnia. Zale\u017cy nam na tym, \u017ceby jak najwi\u0119cej os\u00f3b zdecydowa\u0142o si\u0119 sp\u0119dzi\u0107 ten czas na wspieraniu naszej dru\u017cyny w walce o ligowe punkty. Wierzymy w to, \u017ce dogodna pora, przyst\u0119pne ceny karnet\u00f3w i bilet\u00f3w przyczyni\u0105 si\u0119 do wzrostu frekwencji na naszych meczach<\/em>.<\/p>\n<p>Sprzeda\u017c karnet\u00f3w na mecze Warty Pozna\u0144 odbywa si\u0119 za po\u015brednictwem platformy <a href=\"https:\/\/bilety.klubwarta.pl\/\" target=\"_blank\" rel=\"noopener\">https:\/\/bilety.klubwarta.pl<\/a>. Karnety b\u0119d\u0105 do odbioru w siedzibie klubu, przy Drodze D\u0119bi\u0144skiej 12.<\/p>\n<p><a href=\"\/index.php\/2019\/02\/18\/nie-jestes-jeszcze-w-fortuna-klub-plus-nic-straconego\/\" target=\"_blank\" rel=\"noopener\">Kupuj\u0105c karnet lub bilet na mecz Warty Pozna\u0144 mo\u017cesz wst\u0105pi\u0107 do Fortuna Klub Plus i odebra\u0107 spersonalizowan\u0105 kart\u0119 z herbem &#8222;Zielonych&#8221;.<\/a><\/p>\n<h4>CENY KARNET\u00d3W WARTY POZNA\u0143 \u2013 WIOSNA 2019<\/h4>\n<p><strong>Karnet normalny:<\/strong><br \/>\n\u2013 50 z\u0142 w sprzeda\u017cy zamkni\u0119tej<br \/>\n&#8211; 60 z\u0142 w przedsprzeda\u017cy<br \/>\n&#8211; 70 z\u0142 w sprzeda\u017cy otwartej<br \/>\n<strong>Karnet ulgowy (m\u0142odzie\u017c do 18. roku \u017cycia, studenci i seniorzy od 60. roku \u017cycia):<\/strong><br \/>\n&#8211; 50 z\u0142<\/p>\n<h4>CENY BILET\u00d3W WARTY POZNA\u0143 \u2013 WIOSNA 2019<\/h4>\n<p><strong>Bilet normalny:<\/strong><br \/>\n&#8211; 20 z\u0142 (15 z\u0142 w przedsprzeda\u017cy)<br \/>\n<strong>Bilet ulgowy (m\u0142odzie\u017c do 18. roku \u017cycia, studenci i seniorzy od 60. roku \u017cycia):<\/strong><br \/>\n&#8211; 15 z\u0142 (10 z\u0142 w przedsprzeda\u017cy)<br \/>\n<strong>Bilet rodzinny (2 osoby doros\u0142e plus dwoje dzieci):<\/strong><br \/>\n&#8211; 30 z\u0142 (25 z\u0142 w przedsprzeda\u017cy)<br \/>\n<strong>Bilet dzieci\u0119cy:<\/strong><br \/>\n&#8211; 2 z\u0142 (do 13. roku \u017cycia)<\/p>\n","protected":false},"excerpt":{"rendered":"<p>Trwa sprzeda\u017c karnet\u00f3w na 6 wiosennych mecz\u00f3w pi\u0142karzy Warty Pozna\u0144 w Fortuna 1. Lidze. Ceny abonament\u00f3w rozpoczynaj\u0105 si\u0119 od 50&#8230;<\/p>\n","protected":false},"author":36,"featured_media":3852,"comment_status":"closed","ping_status":"closed","sticky":false,"template":"","format":"standard","meta":{"om_disable_all_campaigns":false,"inline_featured_image":false,"footnotes":"","_links_to":"","_links_to_target":""},"categories":[94,100,1],"tags":[],"aioseo_notices":[],"_links":{"self":[{"href":"https:\/\/wartapoznan.pl\/index.php\/wp-json\/wp\/v2\/posts\/3842"}],"collection":[{"href":"https:\/\/wartapoznan.pl\/index.php\/wp-json\/wp\/v2\/posts"}],"about":[{"href":"https:\/\/wartapoznan.pl\/index.php\/wp-json\/wp\/v2\/types\/post"}],"author":[{"embeddable":true,"href":"https:\/\/wartapoznan.pl\/index.php\/wp-json\/wp\/v2\/users\/36"}],"replies":[{"embeddable":true,"href":"https:\/\/wartapoznan.pl\/index.php\/wp-json\/wp\/v2\/comments?post=3842"}],"version-history":[{"count":8,"href":"https:\/\/wartapoznan.pl\/index.php\/wp-json\/wp\/v2\/posts\/3842\/revisions"}],"predecessor-version":[{"id":3851,"href":"https:\/\/wartapoznan.pl\/index.php\/wp-json\/wp\/v2\/posts\/3842\/revisions\/3851"}],"wp:featuredmedia":[{"embeddable":true,"href":"https:\/\/wartapoznan.pl\/index.php\/wp-json\/wp\/v2\/media\/3852"}],"wp:attachment":[{"href":"https:\/\/wartapoznan.pl\/index.php\/wp-json\/wp\/v2\/media?parent=3842"}],"wp:term":[{"taxonomy":"category","embeddable":true,"href":"https:\/\/wartapoznan.pl\/index.php\/wp-json\/wp\/v2\/categories?post=3842"},{"taxonomy":"post_tag","embeddable":true,"href":"https:\/\/wartapoznan.pl\/index.php\/wp-json\/wp\/v2\/tags?post=3842"}],"curies":[{"name":"wp","href":"https:\/\/api.w.org\/{rel}","templated":true}]}}