{"id":3887,"date":"2019-02-19T18:05:58","date_gmt":"2019-02-19T17:05:58","guid":{"rendered":"https:\/\/wartapoznan.pl\/?p=3887"},"modified":"2019-02-19T18:05:58","modified_gmt":"2019-02-19T17:05:58","slug":"nowy-fizjoterapeuta-warty-poznan","status":"publish","type":"post","link":"https:\/\/wartapoznan.pl\/index.php\/2019\/02\/19\/nowy-fizjoterapeuta-warty-poznan\/","title":{"rendered":"Nowy fizjoterapeuta Warty Pozna\u0144"},"content":{"rendered":"<p>Wojciech Danielewicz, 26-letni absolwent pozna\u0144skiej AWF, zosta\u0142 nowym fizjoterapeut\u0105 w sztabie pierwszej dru\u017cyny Warty Pozna\u0144. &#8211; <em>Praca w Warcie jest dla mnie du\u017cym zaszczytem i sporym wyzwaniem zawodowym<\/em> &#8211; m\u00f3wi.<\/p>\n<p>Nowy fizjoterapeuta &#8222;Zielonych&#8221; to&#8230; by\u0142y kolega z boiska skrzyd\u0142owego Warty Pozna\u0144, Micha\u0142a Jak\u00f3bowskiego. &#8211; <em>Chodzili\u015bmy do jednej klasy w gimnazjum i razem grali\u015bmy w zespo\u0142ach juniorskich Lecha. Niestety, kontuzje uniemo\u017cliwi\u0142y mi dalszy rozw\u00f3j i chyba st\u0105d wzi\u0119\u0142o si\u0119 moje p\u00f3\u017aniejsze zainteresowanie fizjoterapi\u0105<\/em> &#8211; m\u00f3wi Wojciech Danielewicz. &#8211; <em>W trakcie studi\u00f3w odby\u0142em bardzo fajne praktyki w Portugalii w Benfice Lizbona, gdzie mia\u0142em okazj\u0119 pracowa\u0107 z drug\u0105 dru\u017cyn\u0105 tego s\u0142ynnego klubu.<\/em><\/p>\n<p>Wojciech Danielewicz gra w pi\u0142k\u0119 w Canarinhos Sk\u00f3rzewo, zespole ze wschodniej grupy pozna\u0144skiej &#8222;okr\u0119g\u00f3wki&#8221;. &#8211; <em>Gram tam amatorsko, ale r\u00f3wnie\u017c pomagam kolegom w walce z kontuzjami<\/em> &#8211; opowiada. &#8211; <em>Sport, obok podr\u00f3\u017cy, to moje najwi\u0119ksze \u017cyciowe pasje. Praca w Warcie Pozna\u0144 jest dla mnie du\u017cym zaszczytem i sporym wyzwaniem zawodowym. Jestem przekonany, \u017ce do\u015bwiadczenie zdobyte w klubie pierwszoligowym pomo\u017ce mi sta\u0107 si\u0119 jeszcze lepszym terapeut\u0105<\/em> &#8211; dodaje Wojciech Danielewicz.<\/p>\n<p>Nowy cz\u0142onek sztabu &#8222;Zielonych&#8221; b\u0119dzie pracowa\u0142 u boku fizjoterapeuty Bart\u0142omieja Smuniewskiego. &#8211; <em>Wojtek zast\u0105pi\u0142 Arkadiusza Sp\u0142awskiego, kt\u00f3ry z ko\u0144cem lutego zako\u0144czy prac\u0119 przy pierwszym zespole Warty Pozna\u0144. Otrzyma\u0142 od nas propozycj\u0119 obj\u0119cia stanowiska stanowiska fizjoterapeuty w zespole junior\u00f3w naszego klubu<\/em> &#8211; wyja\u015bnia dyrektor sportowy Warty Pozna\u0144 Dawid Fr\u0105ckowiak.<\/p>\n<p>Arkadiuszowi Sp\u0142awskiemu dzi\u0119kujemy za 2,5 roku pracy z pierwsz\u0105 dru\u017cyn\u0105 &#8222;Zielonych&#8221;.<\/p>\n","protected":false},"excerpt":{"rendered":"<p>Wojciech Danielewicz, 26-letni absolwent pozna\u0144skiej AWF, zosta\u0142 nowym fizjoterapeut\u0105 w sztabie pierwszej dru\u017cyny Warty Pozna\u0144. &#8211; Praca w Warcie jest&#8230;<\/p>\n","protected":false},"author":36,"featured_media":3892,"comment_status":"closed","ping_status":"closed","sticky":false,"template":"","format":"standard","meta":{"om_disable_all_campaigns":false,"inline_featured_image":false,"footnotes":"","_links_to":"","_links_to_target":""},"categories":[94,100,1],"tags":[],"aioseo_notices":[],"_links":{"self":[{"href":"https:\/\/wartapoznan.pl\/index.php\/wp-json\/wp\/v2\/posts\/3887"}],"collection":[{"href":"https:\/\/wartapoznan.pl\/index.php\/wp-json\/wp\/v2\/posts"}],"about":[{"href":"https:\/\/wartapoznan.pl\/index.php\/wp-json\/wp\/v2\/types\/post"}],"author":[{"embeddable":true,"href":"https:\/\/wartapoznan.pl\/index.php\/wp-json\/wp\/v2\/users\/36"}],"replies":[{"embeddable":true,"href":"https:\/\/wartapoznan.pl\/index.php\/wp-json\/wp\/v2\/comments?post=3887"}],"version-history":[{"count":2,"href":"https:\/\/wartapoznan.pl\/index.php\/wp-json\/wp\/v2\/posts\/3887\/revisions"}],"predecessor-version":[{"id":3893,"href":"https:\/\/wartapoznan.pl\/index.php\/wp-json\/wp\/v2\/posts\/3887\/revisions\/3893"}],"wp:featuredmedia":[{"embeddable":true,"href":"https:\/\/wartapoznan.pl\/index.php\/wp-json\/wp\/v2\/media\/3892"}],"wp:attachment":[{"href":"https:\/\/wartapoznan.pl\/index.php\/wp-json\/wp\/v2\/media?parent=3887"}],"wp:term":[{"taxonomy":"category","embeddable":true,"href":"https:\/\/wartapoznan.pl\/index.php\/wp-json\/wp\/v2\/categories?post=3887"},{"taxonomy":"post_tag","embeddable":true,"href":"https:\/\/wartapoznan.pl\/index.php\/wp-json\/wp\/v2\/tags?post=3887"}],"curies":[{"name":"wp","href":"https:\/\/api.w.org\/{rel}","templated":true}]}}