{"id":3926,"date":"2021-05-14T13:26:57","date_gmt":"2021-05-14T11:26:57","guid":{"rendered":"http:\/\/akademia.wartapoznan.pl\/?p=3926"},"modified":"2022-05-19T13:57:48","modified_gmt":"2022-05-19T11:57:48","slug":"gra-akademia-warty-poznan-kto-gdzie-kiedy-18","status":"publish","type":"post","link":"https:\/\/wartapoznan.pl\/index.php\/2021\/05\/14\/gra-akademia-warty-poznan-kto-gdzie-kiedy-18\/","title":{"rendered":"Gra Akademia Warty Pozna\u0144 &#8211; kto? gdzie? kiedy?"},"content":{"rendered":"<p>W najbli\u017cszy weekend zawodnicy i zawodniczki Akademii Warty Pozna\u0144 podejm\u0105 kolejne starcia z ligowymi rywalami. Du\u017ce wyzwanie czeka dru\u017cyn\u0119 M\u0142odziczek, kt\u00f3ra powalczy o awans do turnieju fina\u0142owego Mistrzostw Polski U-13.<\/p>\n<p>Poni\u017cej przedstawiamy harmonogram spotka\u0144 w najbli\u017cszy weekend.<\/p>\n<p><strong>WARTA POZNA\u0143 JUNIORKI STARSZE (B1 \u2013 2004\/05)<\/strong><br \/>\n14. kolejka RED BOX IV ligi kobiet: AZS UAM Pozna\u0144 &#8211; Warta Pozna\u0144 (sobota, 15 maja, godz. 11; Pozna\u0144, ul. Zagajnikowa 9)<\/p>\n<p><strong>WARTA POZNA\u0143 JUNIORKI M\u0141ODSZE (B2 &#8211; 2006\/07)<\/strong><br \/>\nMUKS Kostrzyn nad Odr\u0105 &#8211; Warta Pozna\u0144 (sobota, 15 maja, godz. 13; Kostrzyn nad Odr\u0105, ul. Niepodleg\u0142o\u015bci 11)<\/p>\n<p><strong>WARTA POZNA\u0143 M\u0141ODZICZKI (D1 \u2013 2008-10)<\/strong><br \/>\nLiga Mistrz\u00f3w Kozio\u0142ka (sobota, 15 maja, godz. 8; Pozna\u0144, ul. Gda\u0144ska 1)<br \/>\nTurniej p\u00f3\u0142fina\u0142owy Mistrzostw Polski U-13: Warta Pozna\u0144, Polonia \u015aroda Wielkopolska, MKS Olimpia Szczecin, Checz Gdynia (niedziela, 16 maja, godz. 10; Grodzisk Wlkp.)<\/p>\n<p><strong>WARTA POZNA\u0143 ORLICZKI (E1 \u2013 2011-13)<br \/>\n<\/strong>Liga Mistrz\u00f3w Kozio\u0142ka (sobota, 15 maja, godz. 8; Pozna\u0144, ul. Gda\u0144ska 1)<strong><br \/>\n<\/strong>Turniej Orliczek U-11: Warta Pozna\u0144, PKS Racot, Orze\u0142 Lipno, AZS UAM Pozna\u0144, Polonia \u015aroda Wielkopolska, Juna-Trans Stare Oborzyska (niedziela, 16 maja, godz. 11; Lipno, ul. Sportowa)<\/p>\n<p><strong>WARTA POZNA\u0143 JUNIORZY STARSI (A1 \u2013 2002\/03)<\/strong><br \/>\n11. kolejka Ligi Makroregionalnej U-19: Chemik Bydgoszcz &#8211; Warta Pozna\u0144 (sobota, 15 maja, godz. 12; Bydgoszcz, ul. Glinki 79)<\/p>\n<p><strong>WARTA POZNA\u0143 JUNIORZY M\u0141ODSI (B1 \u2013 2004)<\/strong><br \/>\n13. kolejka Centralnej Ligi Junior\u00f3w U-17: Warta Pozna\u0144 &#8211; Ba\u0142tyk Koszalin (sobota, 15 maja, godz. 13; Pozna\u0144, ul. Gda\u0144ska 1)<\/p>\n<p><strong>WARTA POZNA\u0143 JUNIORZY M\u0141ODSI (B2 \u2013 2005)<\/strong><br \/>\n14. kolejka Ligi Wojew\u00f3dzkiej: Warta Pozna\u0144 &#8211; Obra Ko\u015bcian (niedziela, 16 maja, godz. 16; Pozna\u0144, ul. Warmi\u0144ska 1)<\/p>\n<p><strong>WARTA POZNA\u0143 TRAMPKARZE (C1 \u2013 2006)<\/strong><br \/>\n11. kolejka Centralnej Ligi Junior\u00f3w U-15: AP Reissa &#8211; Warta Pozna\u0144 (niedziela, 16 maja, godz. 12; Opalenica)<\/p>\n<p><strong>WARTA POZNA\u0143 TRAMPKARZE (C2 \u2013 2007)<\/strong><br \/>\n13. kolejka Ligi Wojew\u00f3dzkiej: Kozio\u0142ek Pozna\u0144 &#8211; Warta Pozna\u0144 (niedziela, 16 maja, godz. 10; Pozna\u0144, ul. Gda\u0144ska 1)<\/p>\n<p><strong>WARTA POZNA\u0143 M\u0141ODZICY (D1 \u2013 2008)<\/strong><br \/>\n23. kolejka Ligi Wojew\u00f3dzkiej: Warta Pozna\u0144 \u2013 Unia Swarz\u0119dz (sobota, 15 maja, godz. 15; Pozna\u0144, ul. Droga D\u0119bi\u0144ska 12)<\/p>\n<p><strong>WARTA II POZNA\u0143 M\u0141ODZICY (D1 \u2013 2008\/09)<\/strong><br \/>\n15. kolejka Ligi Okr\u0119gowej: Dyskobolia Grodzisk Wkp. &#8211; Warta II Pozna\u0144 (niedziela, 16 maja, godz. 10; Grodzisk Wlkp., ul. Sportowa 2)<\/p>\n<p><strong>WARTA POZNA\u0143 ORLIKI (E1 \u2013 2010\/11)<\/strong><br \/>\n15. kolejka Ligi Okr\u0119gowej: Warta Pozna\u0144 &#8211; B\u0142\u0119kitni Owi\u0144ska (niedziela, 16 maja, godz. 12; Pozna\u0144, ul. Droga D\u0119bi\u0144ska 12)<\/p>\n<p><strong>WARTA POZNA\u0143 ORLIKI (E2 \u2013 2011)<\/strong><br \/>\ngra wewn\u0119trzna (sobota, 15 maja, godz. 14:30; Pozna\u0144, ul. Droga D\u0119bi\u0144ska 17)<\/p>\n<p><strong>WARTA POZNA\u0143 \u017bACY (F1 \u2013 2012)<\/strong><br \/>\nWarta Pozna\u0144 &#8211; Golnica Ryczyw\u00f3\u0142 (sobota, 15 maja, godz. 12:30; Pozna\u0144, ul. Droga D\u0119bi\u0144ska 17)<\/p>\n<p><strong>WARTA POZNA\u0143 \u017bACY (F2 \u2013 2013)<\/strong><br \/>\nmecz kontrolny: RED BOX Pozna\u0144 &#8211; Warta Pozna\u0144 (niedziela, 16 maja, godz. 15:30; Suchy Las, ul. Poziomkowa 5)<\/p>\n<p><strong>WARTA POZNA\u0143 SKRZATY (G1 \u2013 2014)<\/strong><br \/>\nTurniej Skrzat\u00f3w WZPN (sobota, 15 maja, godz. 10; Owi\u0144ska)<\/p>\n","protected":false},"excerpt":{"rendered":"<p>W najbli\u017cszy weekend zawodnicy i zawodniczki Akademii Warty Pozna\u0144 podejm\u0105 kolejne starcia z ligowymi rywalami. Du\u017ce wyzwanie czeka dru\u017cyn\u0119 M\u0142odziczek,&#8230;<\/p>\n","protected":false},"author":36,"featured_media":19731,"comment_status":"closed","ping_status":"closed","sticky":false,"template":"","format":"standard","meta":{"om_disable_all_campaigns":false,"inline_featured_image":false,"footnotes":"","_links_to":"","_links_to_target":""},"categories":[95],"tags":[],"aioseo_notices":[],"_links":{"self":[{"href":"https:\/\/wartapoznan.pl\/index.php\/wp-json\/wp\/v2\/posts\/3926"}],"collection":[{"href":"https:\/\/wartapoznan.pl\/index.php\/wp-json\/wp\/v2\/posts"}],"about":[{"href":"https:\/\/wartapoznan.pl\/index.php\/wp-json\/wp\/v2\/types\/post"}],"author":[{"embeddable":true,"href":"https:\/\/wartapoznan.pl\/index.php\/wp-json\/wp\/v2\/users\/36"}],"replies":[{"embeddable":true,"href":"https:\/\/wartapoznan.pl\/index.php\/wp-json\/wp\/v2\/comments?post=3926"}],"version-history":[{"count":1,"href":"https:\/\/wartapoznan.pl\/index.php\/wp-json\/wp\/v2\/posts\/3926\/revisions"}],"predecessor-version":[{"id":20154,"href":"https:\/\/wartapoznan.pl\/index.php\/wp-json\/wp\/v2\/posts\/3926\/revisions\/20154"}],"wp:featuredmedia":[{"embeddable":true,"href":"https:\/\/wartapoznan.pl\/index.php\/wp-json\/wp\/v2\/media\/19731"}],"wp:attachment":[{"href":"https:\/\/wartapoznan.pl\/index.php\/wp-json\/wp\/v2\/media?parent=3926"}],"wp:term":[{"taxonomy":"category","embeddable":true,"href":"https:\/\/wartapoznan.pl\/index.php\/wp-json\/wp\/v2\/categories?post=3926"},{"taxonomy":"post_tag","embeddable":true,"href":"https:\/\/wartapoznan.pl\/index.php\/wp-json\/wp\/v2\/tags?post=3926"}],"curies":[{"name":"wp","href":"https:\/\/api.w.org\/{rel}","templated":true}]}}