{"id":40087,"date":"2024-09-14T00:23:29","date_gmt":"2024-09-13T22:23:29","guid":{"rendered":"https:\/\/wartapoznan.pl\/?p=40087"},"modified":"2024-09-14T00:37:58","modified_gmt":"2024-09-13T22:37:58","slug":"na-taki-mecz-czekalismy-warta-wygrywa-z-wisla-krakow-10","status":"publish","type":"post","link":"https:\/\/wartapoznan.pl\/index.php\/2024\/09\/14\/na-taki-mecz-czekalismy-warta-wygrywa-z-wisla-krakow-10\/","title":{"rendered":"Na taki mecz czekali\u015bmy. Warta wygrywa z Wis\u0142\u0105 Krak\u00f3w 1:0"},"content":{"rendered":"<p><strong>45 minut dominacji Wis\u0142y i bramka&#8230; Warty. Tak w skr\u00f3cie mo\u017cna opisa\u0107 pierwsz\u0105 po\u0142ow\u0119 meczu Wis\u0142a Krak\u00f3w &#8211; Warta Pozna\u0144. Druga po\u0142owa to Warta, na jak\u0105 czekali kibice: waleczna, wytrwa\u0142a, konsekwentna i skuteczna w obronie.<\/strong><\/p>\n<p>Na murawie stadionu im. Reymana w Krakowie pi\u0142karzy powita\u0142y strugi rz\u0119sistego deszczu. Piotr Klepczarek zdecydowa\u0142 si\u0119 na nietypowe ustawienie z Jakubem Kie\u0142bem i Jurijem Tkaczukiem na pozycji defensywnych pomocnik\u00f3w. Od pierwszej minuty w pomocy zameldowali si\u0119 Shun Shibata oraz Maciej \u017burawski, a w ataku \u2013 jak zwykle \u2013 Rafa\u0142 Adamski. Mecz rozpocz\u0105\u0142 si\u0119 pod dyktando gospodarzy. Od pocz\u0105tku Wis\u0142a rozpocz\u0119\u0142a nap\u00f3r na bramk\u0119 go\u015bci i ta taktyka zdominowa\u0142a ca\u0142\u0105 pierwsz\u0105 po\u0142ow\u0119. Wis\u0142a gra\u0142a szybk\u0105, kombinacyjn\u0105 pi\u0142k\u0119, rozgrywaj\u0105c akcje blisko pola karnego go\u015bci. W 5. minucie sygna\u0142 do ataku da\u0142 Igbekeme, posy\u0142aj\u0105c jednak pi\u0142k\u0119 nad poprzeczk\u0105. Kolejne minuty to niebezpieczne strza\u0142y Rodado, Carbo i Duarte w s\u0142upek. Za ka\u017cdym razem pi\u0142ka minimalnie mija\u0142a bramk\u0119, albo na posterunku by\u0142 \u015bwietnie dysponowany Grobelny. Wis\u0142a szuka\u0142a luk w defensywie Zielonych, a gdy tylko si\u0119 pojawia\u0142y, od razu pr\u00f3bowa\u0142a strza\u0142\u00f3w na bramk\u0119 Warty. W 24. minucie wydawa\u0142o si\u0119, \u017ce b\u0119dzie 1:0. Rodado zagra\u0142 sprytnym, prostopad\u0142ym lobem w pole karne do Starzy\u0144skiego i tylko fakt, \u017ce skrzyd\u0142owy o milimetry min\u0105\u0142 si\u0119 z pi\u0142k\u0105, uratowa\u0142 Wart\u0119. 36. minuta to z kolei mocny strza\u0142 na bramk\u0119 Grobelnego, tym razem w poprzeczk\u0119. Im bli\u017cej ko\u0144ca pierwszej po\u0142owy, tym mocniejsza stawa\u0142a si\u0119 presja Bia\u0142ej Gwiazdy. Warciarze mieli dobre pomys\u0142y na rozegranie akcji, jednak w podaniach brakowa\u0142o precyzji. Wida\u0107 by\u0142o, \u017ce trener Klepczarek nakaza\u0142 swoim zawodnikom gra\u0107 wysokim, agresywnym pressingiem, jednak przy nacieraj\u0105cej i d\u0142ugo utrzymuj\u0105cej si\u0119 przy pi\u0142ce Wi\u015ble, by\u0142o to niezwykle trudne. Gdy wydawa\u0142o si\u0119, \u017ce kontroluj\u0105cy mecz gospodarze zejd\u0105 do szatni w dobrych humorach, zdarzy\u0142a si\u0119 sytuacja, kt\u00f3ra odmieni\u0142a wszystko. Po do\u015brodkowaniu Bartosza Szeligi w jednej z nielicznych podbramkowych sytuacji Zielonych, r\u0119k\u0105 w polu karnym interweniowa\u0142 jeden z obro\u0144c\u00f3w Wis\u0142y, a s\u0119dzia wskaza\u0142 na jedenasty metr. Do pi\u0142ki podszed\u0142 Michalski i pewnym strza\u0142em pokona\u0142 Antona Cziczkana.<\/p>\n<p>Od pocz\u0105tku drugiej po\u0142owy Warta zasygnalizowa\u0142a, \u017ce nie zamierza tylko broni\u0107 korzystnego wyniku. Kilka minut po rozpocz\u0119ciu, mocnych strza\u0142\u00f3w na bramk\u0119 Wis\u0142y pr\u00f3bowali Shun Shibata, a potem z dystansu Jurij Tkaczuk. W odpowiedzi Wis\u0142a znowu przycisn\u0119\u0142a i na bramk\u0119 Warty sun\u0119\u0142y kolejne ataki. Tym razem jednak go\u015bcie grali z pomys\u0142em i werw\u0105. Gra sta\u0142a si\u0119 o wiele bardziej wyr\u00f3wnana. Nadal przewag\u0119 w posiadaniu pi\u0142ki mieli Wi\u015blacy, z rosn\u0105c\u0105 determinacj\u0105 szukaj\u0105cy wyr\u00f3wnania, jednocze\u015bnie jednak, jak na d\u0142oni wida\u0107 by\u0142o, \u017ce ich frustracja w\u0142asn\u0105 nieskuteczno\u015bci\u0105 ro\u015bnie. Gr\u0119 Bia\u0142ej Gwiazdy zacz\u0119\u0142y cechowa\u0107 po\u015bpiech i niedok\u0142adno\u015b\u0107. Tymczasem Warta gra\u0142a tak, jak kibice chcieli, aby gra\u0142a od pocz\u0105tku sezonu: skutecznie, ofiarnie i pewnie w obronie oraz bez kompleks\u00f3w w ataku. Potrafi\u0142a nie tylko blokowa\u0107 ataki pi\u0142karzy Wis\u0142y ale tak\u017ce utrzyma\u0107 si\u0119 przy pi\u0142ce i wyprowadza\u0107 obiecuj\u0105ce kontry. Dzi\u0119ki temu by\u0142a w stanie utrzyma\u0107 korzystny wynik do ko\u0144ca meczu.<\/p>\n<p>Podsumowuj\u0105c: to spotkanie Wis\u0142a przegra\u0142a w\u0142asn\u0105 nieskuteczno\u015bci\u0105, ale jedocze\u015bnie Warta wygra\u0142a determinacj\u0105 i m\u0105dro\u015bci\u0105, cho\u0107 z domieszk\u0105 odrobiny pi\u0142karskiego szcz\u0119\u015bcia.<\/p>\n","protected":false},"excerpt":{"rendered":"<p>45 minut dominacji Wis\u0142y i bramka&#8230; Warty. Tak w skr\u00f3cie mo\u017cna opisa\u0107 pierwsz\u0105 po\u0142ow\u0119 meczu Wis\u0142a Krak\u00f3w &#8211; Warta Pozna\u0144&#8230;.<\/p>\n","protected":false},"author":36,"featured_media":40100,"comment_status":"closed","ping_status":"closed","sticky":false,"template":"","format":"standard","meta":{"om_disable_all_campaigns":false,"inline_featured_image":false,"footnotes":"","_links_to":"","_links_to_target":""},"categories":[356,100,1,322],"tags":[],"aioseo_notices":[],"_links":{"self":[{"href":"https:\/\/wartapoznan.pl\/index.php\/wp-json\/wp\/v2\/posts\/40087"}],"collection":[{"href":"https:\/\/wartapoznan.pl\/index.php\/wp-json\/wp\/v2\/posts"}],"about":[{"href":"https:\/\/wartapoznan.pl\/index.php\/wp-json\/wp\/v2\/types\/post"}],"author":[{"embeddable":true,"href":"https:\/\/wartapoznan.pl\/index.php\/wp-json\/wp\/v2\/users\/36"}],"replies":[{"embeddable":true,"href":"https:\/\/wartapoznan.pl\/index.php\/wp-json\/wp\/v2\/comments?post=40087"}],"version-history":[{"count":3,"href":"https:\/\/wartapoznan.pl\/index.php\/wp-json\/wp\/v2\/posts\/40087\/revisions"}],"predecessor-version":[{"id":40103,"href":"https:\/\/wartapoznan.pl\/index.php\/wp-json\/wp\/v2\/posts\/40087\/revisions\/40103"}],"wp:featuredmedia":[{"embeddable":true,"href":"https:\/\/wartapoznan.pl\/index.php\/wp-json\/wp\/v2\/media\/40100"}],"wp:attachment":[{"href":"https:\/\/wartapoznan.pl\/index.php\/wp-json\/wp\/v2\/media?parent=40087"}],"wp:term":[{"taxonomy":"category","embeddable":true,"href":"https:\/\/wartapoznan.pl\/index.php\/wp-json\/wp\/v2\/categories?post=40087"},{"taxonomy":"post_tag","embeddable":true,"href":"https:\/\/wartapoznan.pl\/index.php\/wp-json\/wp\/v2\/tags?post=40087"}],"curies":[{"name":"wp","href":"https:\/\/api.w.org\/{rel}","templated":true}]}}