{"id":40511,"date":"2024-11-02T18:30:33","date_gmt":"2024-11-02T17:30:33","guid":{"rendered":"https:\/\/wartapoznan.pl\/?p=40511"},"modified":"2024-10-31T22:47:50","modified_gmt":"2024-10-31T21:47:50","slug":"betclic-1-liga-warta-poznan-chrobry-glogow-profil-rywala","status":"publish","type":"post","link":"https:\/\/wartapoznan.pl\/index.php\/2024\/11\/02\/betclic-1-liga-warta-poznan-chrobry-glogow-profil-rywala\/","title":{"rendered":"Betclic 1. Liga. Warta Pozna\u0144 \u2013 Chrobry G\u0142og\u00f3w. Profil Rywala."},"content":{"rendered":"<p><strong>Po zmaganiach pucharowych czas na lig\u0119. Spotykaj\u0105 si\u0119 zespo\u0142y, dla kt\u00f3rych w tym momencie nie ma niewa\u017cnych meczy oraz miejsca na pomy\u0142ki.\u00a0 Wg trenera Klepczarka b\u0119dzie to spotkanie dw\u00f3ch dru\u017cyn, kt\u00f3re sytuacja w tabeli zmusza do podj\u0119cia ryzyka, zagrania meczu bez kalkulacji i gry o pe\u0142n\u0105 pule.\u00a0 Mo\u017cemy si\u0119 spodziewa\u0107 otwartego i atrakcyjnego dla kibic\u00f3w pojedynku.\u00a0 <\/strong><\/p>\n<p><strong>Raport z pierwszej dru\u017cyny Warty:<\/strong><\/p>\n<p>Do szerokiej kadry po lekkim urazie wraca Leo Przybylak. Nadal po znakiem zapytania wyst\u0119p Shuna Shibaty.<\/p>\n<p><strong>Sytuacja rywala:<\/strong><\/p>\n<p>Chrobry G\u0142og\u00f3w z pewno\u015bci\u0105 nie mo\u017ce zaliczy\u0107 tej rundy do udanych. Obecnie zajmuje tylko jedno oczko nad Wart\u0105 Pozna\u0144. Po 13 kolejkach dru\u017cyna ma na koncie 3 zwyci\u0119stwa, 3 remisy i a\u017c 7 pora\u017cek. Do tej pory uda\u0142o im si\u0119 pokona\u0107 Pogo\u0144 Siedlce, Znicza Pruszk\u00f3w i w poprzedniej kolejce Kotwic\u0119 Ko\u0142obrzeg. Od samego zwyci\u0119stwa wa\u017cniejsze s\u0105 jednak okoliczno\u015bci jego zdobycia. Pi\u0142karze Chrobrego przegrywali do 7. minuty doliczonego czasu gry 2:1 i w zaledwie 2 minuty zdo\u0142ali najpierw zremisowa\u0107, a p\u00f3\u017aniej strzeli\u0107 zwyci\u0119skiego gola. To pokazuje, \u017ce w meczu z t\u0105 dru\u017cyn\u0105 nale\u017cy zachowa\u0107 czujno\u015b\u0107 do samego ko\u0144ca.<\/p>\n<p><strong>Trener:<\/strong><\/p>\n<p><strong>Piotr Plewnia<\/strong><br \/>\n47-letni trener, kt\u00f3ry przez wi\u0119kszo\u015b\u0107 swojej kariery trenerskiej, ale tak\u017ce wcze\u015bniejszej \u2013 zawodniczej, zwi\u0105zany by\u0142 z Odr\u0105 Opole. Do G\u0142ogowa przeni\u00f3s\u0142 si\u0119 w 2023 roku po 10 latach sp\u0119dzonych na \u0142awce trenerskiej, najpierw w roli asystenta, a potem pierwszego trenera w Opolu.<\/p>\n<p><strong>Wa\u017cni pi\u0142karze:<\/strong><\/p>\n<p><strong>Albert Zarowny \u2013 \u015arodkowy obro\u0144ca<\/strong><br \/>\n20-letni obro\u0144ca pojawi\u0142 si\u0119 na boiskach 1. Ligi 8 razy i strzeli\u0142 1 gola \u2013 i to jakiego! W doliczonym czasie gry zapewni\u0142 dru\u017cynie 3 punkty, rozk\u0142adaj\u0105c na deski Kotwic\u0119 Ko\u0142obrzeg. Interesuje si\u0119 nim m\u0142odzie\u017cowa reprezentacja Polski.<\/p>\n<p><strong>Mavroudis Bougaidis \u2013 Obro\u0144ca<\/strong><br \/>\n31-letni Grek pojawi\u0142 si\u0119 w 13 meczach Chrobrego w tym sezonie, stanowi\u0105c filar bloku defensywnego. W CV ma gr\u0119 m.in. dla AEK Ateny i Aris Saloniki.<\/p>\n<p><strong>Robert Mandrysz \u2013 Pomocnik<\/strong><br \/>\nDo\u015bwiadczony kapitan Chrobrego, zwi\u0105zany z dru\u017cyn\u0105 od 7 lat. 33-letni defensywny pomocnik kierowa\u0142 lini\u0105 pomocy we wszystkich 13 meczach tego sezonu.<\/p>\n<p><strong>Mateusz Lewandowski \u2013 Napastnik<\/strong><br \/>\nMimo zaledwie 25 lat, pi\u0142karz ma bardzo bogate CV. Wyst\u0119powa\u0142 w takich klubach jak Korona Kielce, Wis\u0142a P\u0142ock, SC Freiburg U19 i&#8230; Warta Pozna\u0144, w kt\u00f3rej zaczyna\u0142 swoj\u0105 przygod\u0119 z profesjonaln\u0105 pi\u0142k\u0105 jako pi\u0142karz dru\u017cyny U17. Wysoki (1,87 m) \u015brodkowy napastnik wyst\u0105pi\u0142 w 8 meczach i zdoby\u0142 4 bramki, dok\u0142adaj\u0105c do tego jeszcze asyst\u0119.<\/p>\n<p><strong>Ciekawostki:<\/strong><\/p>\n<ul>\n<li>Chrobry G\u0142og\u00f3w powsta\u0142 w 1946 roku.<\/li>\n<li>Klub wyst\u0119puje w pierwszej lidze nieprzerwanie od sezonu 2014\/2015.<\/li>\n<li>Jego najwi\u0119kszym sukcesem jest 6. miejsce w I lidze w sezonach 2015\/2016 i 2021\/2022 oraz dotarcie do 1\/2 fina\u0142u Pucharu Polski \u2013 1979\/1980 z Legi\u0105 Warszawa (0:4).<\/li>\n<\/ul>\n<p><strong>Gdzie ogl\u0105da\u0107:<br \/>\n<\/strong>TVPSPORT.PL, aplikacja mobilna, smartTV, HbbTV<br \/>\nZapraszamy te\u017c na wsp\u00f3lne ogl\u0105danie meczu w U\u0142an Browar, przy ul. Wyspia\u0144skiego w Poznaniu.<\/p>\n","protected":false},"excerpt":{"rendered":"<p>Po zmaganiach pucharowych czas na lig\u0119. Spotykaj\u0105 si\u0119 zespo\u0142y, dla kt\u00f3rych w tym momencie nie ma niewa\u017cnych meczy oraz miejsca&#8230;<\/p>\n","protected":false},"author":36,"featured_media":40512,"comment_status":"closed","ping_status":"closed","sticky":false,"template":"","format":"standard","meta":{"om_disable_all_campaigns":false,"inline_featured_image":false,"footnotes":"","_links_to":"","_links_to_target":""},"categories":[95,356,100],"tags":[],"aioseo_notices":[],"_links":{"self":[{"href":"https:\/\/wartapoznan.pl\/index.php\/wp-json\/wp\/v2\/posts\/40511"}],"collection":[{"href":"https:\/\/wartapoznan.pl\/index.php\/wp-json\/wp\/v2\/posts"}],"about":[{"href":"https:\/\/wartapoznan.pl\/index.php\/wp-json\/wp\/v2\/types\/post"}],"author":[{"embeddable":true,"href":"https:\/\/wartapoznan.pl\/index.php\/wp-json\/wp\/v2\/users\/36"}],"replies":[{"embeddable":true,"href":"https:\/\/wartapoznan.pl\/index.php\/wp-json\/wp\/v2\/comments?post=40511"}],"version-history":[{"count":1,"href":"https:\/\/wartapoznan.pl\/index.php\/wp-json\/wp\/v2\/posts\/40511\/revisions"}],"predecessor-version":[{"id":40514,"href":"https:\/\/wartapoznan.pl\/index.php\/wp-json\/wp\/v2\/posts\/40511\/revisions\/40514"}],"wp:featuredmedia":[{"embeddable":true,"href":"https:\/\/wartapoznan.pl\/index.php\/wp-json\/wp\/v2\/media\/40512"}],"wp:attachment":[{"href":"https:\/\/wartapoznan.pl\/index.php\/wp-json\/wp\/v2\/media?parent=40511"}],"wp:term":[{"taxonomy":"category","embeddable":true,"href":"https:\/\/wartapoznan.pl\/index.php\/wp-json\/wp\/v2\/categories?post=40511"},{"taxonomy":"post_tag","embeddable":true,"href":"https:\/\/wartapoznan.pl\/index.php\/wp-json\/wp\/v2\/tags?post=40511"}],"curies":[{"name":"wp","href":"https:\/\/api.w.org\/{rel}","templated":true}]}}