{"id":4059,"date":"2019-03-05T12:19:26","date_gmt":"2019-03-05T11:19:26","guid":{"rendered":"https:\/\/wartapoznan.pl\/?p=4059"},"modified":"2019-03-05T12:19:26","modified_gmt":"2019-03-05T11:19:26","slug":"firma-bloch-optyk-sponsorem-warty-poznan-s-a","status":"publish","type":"post","link":"https:\/\/wartapoznan.pl\/index.php\/2019\/03\/05\/firma-bloch-optyk-sponsorem-warty-poznan-s-a\/","title":{"rendered":"Firma Bloch Optyk sponsorem Warty Pozna\u0144 S.A."},"content":{"rendered":"<p>Dzia\u0142aj\u0105ca na rynku od 25 lat firma Bloch Optyk do\u0142\u0105czy\u0142a do grona sponsor\u00f3w Warty Pozna\u0144. Logo promuj\u0105ce sie\u0107 salon\u00f3w optycznych b\u0119dzie nosi\u0142 na r\u0119kawku swojej koszulki meczowej Artur Marciniak, jeden z najbardziej do\u015bwiadczonych zawodnik\u00f3w &#8222;Zielonych&#8221;.<\/p>\n<p>Umowa b\u0119dzie obowi\u0105zywa\u0142a do ko\u0144ca obecnego sezonu ligowego. Wyb\u00f3r Artura Marciniaka nie jest przypadkowy. &#8211; <em>Obserwuj\u0105c pozytywne zmiany, kt\u00f3re od niedawna zachodz\u0105 w pozna\u0144skiej Warcie, przypomnia\u0142em sobie czasy, gdy Lech Pozna\u0144 ponownie stawa\u0142 si\u0119 klubem maj\u0105cym znaczenie na rynku. W 2006 roku wspiera\u0142em Kolejorza. Wtedy zdecydowa\u0142em si\u0119 na finansowanie kontraktu Artura Marciniaka. By\u0142em dumny, gdy podczas meczu wyst\u0119powa\u0142 w koszulce, na kt\u00f3rej by\u0142o logo mojej firmy Bloch Optyk<\/em> &#8211; wspomina Wie\u0144czys\u0142aw Bloch. &#8211; <em>Po 13 latach historia zatacza ko\u0142o. Artur zn\u00f3w b\u0119dzie mia\u0142 na r\u0119kawku swojej koszulki reklam\u0119 salon\u00f3w Bloch Optyk. \u015aciskam kciuki za to, \u017ceby uda\u0142o si\u0119 stworzy\u0107 silny o\u015brodek pi\u0142karski przy Drodze D\u0119bi\u0144skiej. Dlatego chcia\u0142bym zach\u0119ci\u0107 przedsi\u0119biorc\u00f3w, nie tylko z Poznania, do wsparcia Warty Pozna\u0144<\/em> &#8211; dodaje.<\/p>\n<p>&#8211; <em>Jest nam niezmiernie mi\u0142o powita\u0107 w zielonej rodzinie Pana Wie\u0144czys\u0142awa Blocha i jego firm\u0119 Bloch Optyk.\u00a0Fakt, \u017ce we wspieranie Warty Pozna\u0144 zaanga\u017cowa\u0142 si\u0119 tak ceniony i szanowany przedsi\u0119biorca, to dla nas wyr\u00f3\u017cnienie. Wsparcie, kt\u00f3re uzyskujemy pozwoli nam jeszcze lepiej realizowa\u0107 ambitne plany rozwoju naszego klubu. Nie chodzi tu tylko o wymiar finansowy naszej wsp\u00f3\u0142pracy. Jest ona dowodem na to, \u017ce zmieniaj\u0105ca si\u0119 w ostatnich miesi\u0105cach Warta Pozna\u0144 jest atrakcyjnym partnerem biznesowym<\/em> &#8211; uwa\u017ca w\u0142a\u015bciciel Warty Pozna\u0144 S.A. Bart\u0142omiej Farjaszewski. Dodaje te\u017c z u\u015bmiechem: &#8211; <em>Publiczno\u015b\u0107 na naszych meczach potrafi stworzy\u0107 wyj\u0105tkowy klimat. Czasami, kibicom zdarza si\u0119 podczas meczu \u201edoradza\u0107\u201d s\u0119dziemu, by kupi\u0142 sobie okulary. Teraz b\u0119d\u0105 mogli mu jeszcze poleci\u0107 odpowiedni salon optyczny.<\/em><\/p>\n<p>Firma Bloch Optyk rozpocz\u0119\u0142a swoj\u0105 dzia\u0142alno\u015b\u0107 prawie 25 lat temu na Rynku \u0141azarskim, by s\u0142u\u017cy\u0107 fachow\u0105 pomoc\u0105 poznaniankom i poznaniakom. Przez te lata uda\u0142o si\u0119 zbudowa\u0107 zaufanie klient\u00f3w, kt\u00f3rzy regularnie korzystaj\u0105 z us\u0142ug. Bloch Optyk posiada obecnie cztery salony: na Rynku \u0141azarskim, w Plewiskach oraz w centrach handlowych Avenida i Posnania.<\/p>\n","protected":false},"excerpt":{"rendered":"<p>Dzia\u0142aj\u0105ca na rynku od 25 lat firma Bloch Optyk do\u0142\u0105czy\u0142a do grona sponsor\u00f3w Warty Pozna\u0144. Logo promuj\u0105ce sie\u0107 salon\u00f3w optycznych&#8230;<\/p>\n","protected":false},"author":36,"featured_media":4062,"comment_status":"closed","ping_status":"closed","sticky":false,"template":"","format":"standard","meta":{"om_disable_all_campaigns":false,"inline_featured_image":false,"footnotes":"","_links_to":"","_links_to_target":""},"categories":[94,103,1],"tags":[],"aioseo_notices":[],"_links":{"self":[{"href":"https:\/\/wartapoznan.pl\/index.php\/wp-json\/wp\/v2\/posts\/4059"}],"collection":[{"href":"https:\/\/wartapoznan.pl\/index.php\/wp-json\/wp\/v2\/posts"}],"about":[{"href":"https:\/\/wartapoznan.pl\/index.php\/wp-json\/wp\/v2\/types\/post"}],"author":[{"embeddable":true,"href":"https:\/\/wartapoznan.pl\/index.php\/wp-json\/wp\/v2\/users\/36"}],"replies":[{"embeddable":true,"href":"https:\/\/wartapoznan.pl\/index.php\/wp-json\/wp\/v2\/comments?post=4059"}],"version-history":[{"count":2,"href":"https:\/\/wartapoznan.pl\/index.php\/wp-json\/wp\/v2\/posts\/4059\/revisions"}],"predecessor-version":[{"id":4061,"href":"https:\/\/wartapoznan.pl\/index.php\/wp-json\/wp\/v2\/posts\/4059\/revisions\/4061"}],"wp:featuredmedia":[{"embeddable":true,"href":"https:\/\/wartapoznan.pl\/index.php\/wp-json\/wp\/v2\/media\/4062"}],"wp:attachment":[{"href":"https:\/\/wartapoznan.pl\/index.php\/wp-json\/wp\/v2\/media?parent=4059"}],"wp:term":[{"taxonomy":"category","embeddable":true,"href":"https:\/\/wartapoznan.pl\/index.php\/wp-json\/wp\/v2\/categories?post=4059"},{"taxonomy":"post_tag","embeddable":true,"href":"https:\/\/wartapoznan.pl\/index.php\/wp-json\/wp\/v2\/tags?post=4059"}],"curies":[{"name":"wp","href":"https:\/\/api.w.org\/{rel}","templated":true}]}}