{"id":40631,"date":"2024-11-20T09:00:23","date_gmt":"2024-11-20T08:00:23","guid":{"rendered":"https:\/\/wartapoznan.pl\/?p=40631"},"modified":"2024-11-19T19:08:55","modified_gmt":"2024-11-19T18:08:55","slug":"malymi-krokami-zmierzamy-w-dobrym-kierunku-wywiad-z-dawidem-frackowiakiem-dyrektorem-sportowym-warty-poznan","status":"publish","type":"post","link":"https:\/\/wartapoznan.pl\/index.php\/2024\/11\/20\/malymi-krokami-zmierzamy-w-dobrym-kierunku-wywiad-z-dawidem-frackowiakiem-dyrektorem-sportowym-warty-poznan\/","title":{"rendered":"&#8222;Ma\u0142ymi krokami zmierzamy w dobrym kierunku&#8221;. Wywiad z Dawidem Fr\u0105ckowiakiem, Dyrektorem Sportowym Warty Pozna\u0144."},"content":{"rendered":"<p><strong>Z Dawidem Fr\u0105ckowiakiem, Dyrektorem Sportowym Warty Pozna\u0144 rozmawiamy o trudnych pocz\u0105tkach sezonu, budowaniu zespo\u0142u, mo\u017cliwych zimowych transferach i wypo\u017cyczonych zawodnikach.\u00a0<\/strong><\/p>\n<p><strong>Dzie\u0144 dobry, Dawidzie. Za Tob\u0105 ju\u017c nieco ponad cztery miesi\u0105ce pracy jako dyrektor sportowy w Warcie. Jak oceniasz ten okres?<\/strong><\/p>\n<p><strong>Dawid Fr\u0105ckowiak, Dyrektor Sportowy Warty Pozna\u0144:<\/strong> To by\u0142 bardzo trudny czas, pe\u0142en wyzwa\u0144, poniewa\u017c Warta mocno prze\u017cy\u0142a spadek z Ekstraklasy. Tak naprawd\u0119 rozpocz\u0105\u0142em prac\u0119 w momencie, gdy wi\u0119kszo\u015b\u0107 zespo\u0142\u00f3w pierwszoligowych by\u0142a ju\u017c w du\u017cej mierze uformowana. Tymczasem w Warcie mieli\u015bmy zaledwie czterech zawodnik\u00f3w na kontrakcie, praktycznie brak dru\u017cyny i sztabu szkoleniowego, kt\u00f3ry r\u00f3wnie\u017c trzeba by\u0142o stworzy\u0107. Dodatkowo atmosfera wok\u00f3\u0142 klubu nie by\u0142a sprzyjaj\u0105ca \u2013 zamieszanie zwi\u0105zane ze Stadionem Miejskim, wiele znak\u00f3w zapytania, publikacje sugeruj\u0105ce, \u017ce Warta mo\u017ce nawet nie przyst\u0105pi\u0107 do rozgrywek pierwszej ligi. To wszystko zdecydowanie utrudnia\u0142o zadanie. Bior\u0105c pod uwag\u0119 te okoliczno\u015bci, jestem umiarkowanie zadowolony. Wydaje mi si\u0119, \u017ce uda\u0142o nam si\u0119 w ramach skromnych mo\u017cliwo\u015bci finansowych zbudowa\u0107 zesp\u00f3\u0142, kt\u00f3ry powinien spokojnie utrzyma\u0107 si\u0119 w pierwszej lidze. Ten zesp\u00f3\u0142 potrzebuje jednak czasu, bo takie rewolucje nie dzia\u0142aj\u0105 jak za dotkni\u0119ciem czarodziejskiej r\u00f3\u017cd\u017cki. Mimo wszystko mam poczucie, \u017ce ma\u0142ymi krokami zmierzamy w dobrym kierunku.<\/p>\n<p><strong>Kilka razy wspomnia\u0142e\u015b o pierwszej lidze i jej wymaganiach. Warta awansowa\u0142a do Ekstraklasy z pierwszej ligi, gra\u0142a tam przez pi\u0119\u0107 lat, a teraz do tej pierwszej ligi wr\u00f3ci\u0142a. Czy to ta sama liga, z kt\u00f3rej Warta awansowa\u0142a? Pi\u0119\u0107 lat w pi\u0142ce no\u017cnej to mn\u00f3stwo czasu. Czy co\u015b si\u0119 zmieni\u0142o?<\/strong><\/p>\n<p>Pierwsza liga, z kt\u00f3rej Warta awansowa\u0142a do Ekstraklasy, a pierwsza liga, do kt\u00f3rej teraz spad\u0142a, to zupe\u0142nie r\u00f3\u017cne rozgrywki pod wzgl\u0119dem jako\u015bci. Pierwsza liga w ostatnich latach bardzo si\u0119 rozwija \u2013 organizacyjnie, finansowo i sportowo. Wynika to z tego, \u017ce wielu dobrych pi\u0142karzy spada wraz ze swoimi zespo\u0142ami z Ekstraklasy do pierwszej ligi. Kluby dysponuj\u0105 coraz wi\u0119kszymi bud\u017cetami, a otoczka ligi jest na coraz wy\u017cszym poziomie. Skala trudno\u015bci ro\u015bnie z sezonu na sezon.<\/p>\n<p><strong><img loading=\"lazy\" decoding=\"async\" width=\"1015\" height=\"682\" class=\"alignnone size-full wp-image-40635\" src=\"https:\/\/wartapoznan.pl\/wp-content\/uploads\/2024\/11\/Zdjecie-WhatsApp-2024-11-19-o-15.55.17_a1322cc1.jpg\" alt=\"\" srcset=\"https:\/\/wartapoznan.pl\/wp-content\/uploads\/2024\/11\/Zdjecie-WhatsApp-2024-11-19-o-15.55.17_a1322cc1.jpg 1015w, https:\/\/wartapoznan.pl\/wp-content\/uploads\/2024\/11\/Zdjecie-WhatsApp-2024-11-19-o-15.55.17_a1322cc1-300x202.jpg 300w, https:\/\/wartapoznan.pl\/wp-content\/uploads\/2024\/11\/Zdjecie-WhatsApp-2024-11-19-o-15.55.17_a1322cc1-128x86.jpg 128w, https:\/\/wartapoznan.pl\/wp-content\/uploads\/2024\/11\/Zdjecie-WhatsApp-2024-11-19-o-15.55.17_a1322cc1-32x22.jpg 32w\" sizes=\"(max-width: 1015px) 100vw, 1015px\" \/><\/strong><\/p>\n<p><strong>Jednym z g\u0142\u00f3wnych Twoich zada\u0144 jest rekrutacja nowych zawodnik\u00f3w. Jak wygl\u0105da u Ciebie proces rekrutacji? Jakie kryteria selekcji przyjmujesz?<\/strong><\/p>\n<p>Latem czasu by\u0142o bardzo ma\u0142o. Tak naprawd\u0119 budowali\u015bmy zesp\u00f3\u0142 w ci\u0105gu dw\u00f3ch tygodni, przygotowuj\u0105c si\u0119 na pierwszy mecz w Niecieczy. Wtedy opiera\u0142em si\u0119 przede wszystkim na swojej znajomo\u015bci rynku pierwszoligowego. Decyzje musia\u0142y by\u0107 podejmowane b\u0142yskawicznie. Mieli\u015bmy wypracowany model gry, kt\u00f3rym kierowali\u015bmy si\u0119, dobieraj\u0105c pi\u0142karzy, oraz okre\u015blony profil zawodnik\u00f3w, kt\u00f3rych chcieli\u015bmy mie\u0107 w klubie. Chcieli\u015bmy wr\u00f3ci\u0107 do &#8222;DNA warcia\u0144skiego&#8221;, czyli klubu rodzinnego, skupiaj\u0105cego w wi\u0119kszo\u015bci pi\u0142karzy z regionu \u2013 zawodnik\u00f3w, kt\u00f3rzy oddadz\u0105 serce za klub i maj\u0105 charakter. Oczywi\u015bcie w tym wszystkim kluczowa by\u0142a tak\u017ce jako\u015b\u0107 pi\u0142karska, ale to z kolei wi\u0105\u017ce si\u0119 z kosztami. Dobrzy pi\u0142karze chc\u0105 dobrze zarabia\u0107, a nas nie sta\u0107 na wielkie wydatki, wi\u0119c musieli\u015bmy znale\u017a\u0107 z\u0142oty \u015brodek. Uwa\u017cam, \u017ce wi\u0119kszo\u015b\u0107 zawodnik\u00f3w zakontraktowanych latem spe\u0142nia nasze oczekiwania. Nie znam dyrektora sportowego, kt\u00f3ry mia\u0142by stuprocentow\u0105 skuteczno\u015b\u0107 w transferach, ale uwa\u017cam, \u017ce nasz zesp\u00f3\u0142 wygl\u0105da coraz lepiej z meczu na mecz. Mam nadziej\u0119, \u017ce po rundzie jesiennej podsumujemy ten okres z wi\u0119ksz\u0105 liczb\u0105 plus\u00f3w ni\u017c minus\u00f3w.<\/p>\n<p><strong>Przed nami kolejne okno transferowe. Czy zim\u0105 mo\u017cemy jeszcze spodziewa\u0107 si\u0119 wzmocnie\u0144?<\/strong><\/p>\n<p>Uwa\u017cam, \u017ce defensyw\u0119 uda\u0142o nam si\u0119 ju\u017c w du\u017cym stopniu pouk\u0142ada\u0107 i tutaj nie potrzeba wi\u0119kszych zmian. Najwi\u0119ksze problemy mamy w ofensywie \u2013 stwarzamy ma\u0142o sytuacji i strzelamy niewiele bramek. Dlatego skupiamy si\u0119 na poszukiwaniu zawodnik\u00f3w, kt\u00f3rzy wzmocni\u0105 nasz atak, zw\u0142aszcza na pozycjach numer 9 i numer 10.<\/p>\n<p><strong>OK, to porozmawiajmy o personaliach. Adrian Gryszkiewicz \u2013 czy to by\u0142 Tw\u00f3j autorski pomys\u0142, \u017ceby go sprowadzi\u0107? Jak wygl\u0105da\u0142y kulisy jego transferu do klubu?<\/strong><\/p>\n<p>My\u015bla\u0142em o Adrianie ju\u017c latem, kiedy rozsta\u0142 si\u0119 z Rakowem Cz\u0119stochowa. W tamtym czasie by\u0142 bardzo mocno przymierzany do Korony Kielce. Czas mija\u0142, Adrian klubu nie znalaz\u0142, wi\u0119c wr\u00f3cili\u015bmy do tematu. Adrian to przede wszystkim bardzo dobry pi\u0142karz, kt\u00f3ry potrzebuje czasu, \u017ceby si\u0119 odbudowa\u0107, bo mia\u0142 przerw\u0119 w grze. Potencja\u0142 w nim jest jednak ogromny i jestem przekonany, \u017ce je\u015bli wr\u00f3ci do optymalnej dyspozycji, stanie si\u0119 wiod\u0105c\u0105 postaci\u0105 Warty.<\/p>\n<p><strong>Wiemy, \u017ce wielu zawodnikom ko\u0144cz\u0105 si\u0119 kontrakty na koniec sezonu. Czy ju\u017c wiesz, z kim b\u0119dziesz chcia\u0142 je przed\u0142u\u017cy\u0107? <\/strong><\/p>\n<p><strong>\u00a0<\/strong>Za wcze\u015bnie, \u017ceby m\u00f3wi\u0107 o tym, co b\u0119dzie w czerwcu przysz\u0142ego roku. Oczywi\u015bcie jakie\u015b plany zaczynaj\u0105 si\u0119 klarowa\u0107, ale na dzi\u015b skupiamy si\u0119 na celach kr\u00f3tkoterminowych. Chcemy oddali\u0107 si\u0119 od strefy spadkowej, spokojnie umiejscowi\u0107 w \u015brodku tabeli i z\u0142apa\u0107 oddech. Nie ma na razie \u017cadnych decyzji ostatecznych \u2013 ani w mojej g\u0142owie, ani w g\u0142owie trenera \u2013 \u017ceby kto\u015b by\u0142 ca\u0142kowicie skre\u015blony i nie mia\u0142 szans na funkcjonowanie w przysz\u0142o\u015bci w zespole.<\/p>\n<p><strong>Nie jest tajemnic\u0105, \u017ce na bramce trwa rywalizacja mi\u0119dzy Leo Przybylakiem a J\u0119drzejem Grobelnym. J\u0119drzej ma kontrakt do czerwca, a zimowe okno transferowe to pewnie ostatnia okazja, by sprzeda\u0107 go do innego klubu. Czy taki temat w og\u00f3le istnieje?<\/strong><\/p>\n<p>J\u0119drzej Grobelny ma kontrakt do ko\u0144ca sezonu, ale mamy opcj\u0119 przed\u0142u\u017cenia tej umowy. Bardzo ciesz\u0119 si\u0119, \u017ce Leo Przybylak, jako wychowanek klubu, mocno depcze mu po pi\u0119tach. Oczywi\u015bcie J\u0119drek pewnie wola\u0142by by\u0107 niekwestionowan\u0105 &#8222;jedynk\u0105&#8221;, ale w pi\u0142ce chodzi w\u0142a\u015bnie o rywalizacj\u0119, kt\u00f3ra podnosi warto\u015b\u0107 dru\u017cyny. Je\u015bli J\u0119drek otrzyma propozycj\u0119, kt\u00f3ra b\u0119dzie dla niego oznacza\u0107 powr\u00f3t do Ekstraklasy i b\u0119dzie chcia\u0142 ja przyj\u0105\u0107, to bior\u0105c pod uwag\u0119 jego zas\u0142ugi dla klubu nie b\u0119dziemy robi\u0107 przeszk\u00f3d. Na ten moment jednak takiego tematu nie ma.<\/p>\n<p><strong><img loading=\"lazy\" decoding=\"async\" width=\"2000\" height=\"1334\" class=\"alignnone size-full wp-image-40637\" src=\"https:\/\/wartapoznan.pl\/wp-content\/uploads\/2024\/11\/449152963_932901948849870_2776854010942345055_n-1.jpg\" alt=\"\" srcset=\"https:\/\/wartapoznan.pl\/wp-content\/uploads\/2024\/11\/449152963_932901948849870_2776854010942345055_n-1.jpg 2000w, https:\/\/wartapoznan.pl\/wp-content\/uploads\/2024\/11\/449152963_932901948849870_2776854010942345055_n-1-1536x1025.jpg 1536w, https:\/\/wartapoznan.pl\/wp-content\/uploads\/2024\/11\/449152963_932901948849870_2776854010942345055_n-1-300x200.jpg 300w, https:\/\/wartapoznan.pl\/wp-content\/uploads\/2024\/11\/449152963_932901948849870_2776854010942345055_n-1-128x85.jpg 128w, https:\/\/wartapoznan.pl\/wp-content\/uploads\/2024\/11\/449152963_932901948849870_2776854010942345055_n-1-32x21.jpg 32w\" sizes=\"(max-width: 2000px) 100vw, 2000px\" \/><\/strong><\/p>\n<p><strong>A co z naszymi wypo\u017cyczonymi zawodnikami? Pewnie obserwujesz, jak sobie radz\u0105. Czy kto\u015b szczeg\u00f3lnie zwraca Twoj\u0105 uwag\u0119? Kibic\u00f3w szczeg\u00f3lnie interesuje Filip Tonder\u2026<\/strong><\/p>\n<p>Oczywi\u015bcie monitorujemy naszych wypo\u017cyczonych zawodnik\u00f3w. To nie tylko Filip, ale te\u017c pi\u0142karze, kt\u00f3rzy byli blisko debiutu w pierwszym zespole, jak Igor Sta\u0144czak czy Patryk Rychlik. Wiadomo, Filip jest zawodnikiem ofensywnym, czyli kim\u015b, kogo nam teraz najbardziej brakuje. Decyzj\u0119 o jego wypo\u017cyczeniu podj\u0119li\u015bmy jednak celowo. Rozmawia\u0142em z nim, t\u0142umacz\u0105c, \u017ce musi zebra\u0107 wi\u0119cej minut w pi\u0142ce seniorskiej, bo dotychczas gra\u0142 g\u0142\u00f3wnie w Centralnej Lidze Junior\u00f3w. Tam strzela\u0142 du\u017co bramek, ale gra w juniorach i w seniorach to zupe\u0142nie inna sprawa. Bacznie obserwujemy jego post\u0119py. Po ostatnich meczach III ligi planujemy zaprosi\u0107 wypo\u017cyczonych zawodnik\u00f3w na treningi pierwszej dru\u017cyny, aby trener Klepczarek m\u00f3g\u0142 ich lepiej pozna\u0107 i zdecydowa\u0107, co dalej. Wypo\u017cyczenie m\u0142odych pi\u0142karzy nie oznacza, \u017ce o nich zapomnieli\u015bmy \u2013 nadal wi\u0105\u017cemy z nimi nadzieje.<\/p>\n<p><strong>To ostatnie pytanie. Dyrektor sportowy to posta\u0107 kojarzona g\u0142\u00f3wnie z transferami. Czy w Warcie pojawi\u0142y si\u0119 jakie\u015b obowi\u0105zki, kt\u00f3re Ci\u0119 zaskoczy\u0142y?<\/strong><\/p>\n<p>Mnie w pi\u0142ce ju\u017c chyba nic nie zaskoczy. Jestem w tej bran\u017cy ponad 20 lat i w wielu klubach zajmowa\u0142em si\u0119 r\u00f3\u017cnymi rzeczami. Jestem pracoholikiem i tak naprawd\u0119 m\u00f3g\u0142bym pracowa\u0107 w klubie od rana do wieczora, siedem dni w tygodniu. Przychodz\u0105c do Warty, wiedzia\u0142em, \u017ce b\u0119d\u0119 musia\u0142 zajmowa\u0107 si\u0119 wieloma sprawami, ale by\u0142em na to gotowy. Bardzo zale\u017cy mi na tym, \u017ceby pom\u00f3c temu klubowi.<\/p>\n<p><img loading=\"lazy\" decoding=\"async\" width=\"1458\" height=\"972\" class=\"alignnone size-full wp-image-40641\" src=\"https:\/\/wartapoznan.pl\/wp-content\/uploads\/2024\/11\/wegg35y.png\" alt=\"\" srcset=\"https:\/\/wartapoznan.pl\/wp-content\/uploads\/2024\/11\/wegg35y.png 1458w, https:\/\/wartapoznan.pl\/wp-content\/uploads\/2024\/11\/wegg35y-300x200.png 300w, https:\/\/wartapoznan.pl\/wp-content\/uploads\/2024\/11\/wegg35y-128x85.png 128w, https:\/\/wartapoznan.pl\/wp-content\/uploads\/2024\/11\/wegg35y-32x21.png 32w\" sizes=\"(max-width: 1458px) 100vw, 1458px\" \/>Pe\u0142na tre\u015b\u0107 rozmowy: https:\/\/www.youtube.com\/watch?v=F92B3XwHKdg&amp;t=2457s<\/p>\n<p>Rozmawia\u0142: <strong>Piotr Komorowski, rzecznik prasowy Warty Pozna\u0144.\u00a0<\/strong><\/p>\n<p>&nbsp;<\/p>\n","protected":false},"excerpt":{"rendered":"<p>Z Dawidem Fr\u0105ckowiakiem, Dyrektorem Sportowym Warty Pozna\u0144 rozmawiamy o trudnych pocz\u0105tkach sezonu, budowaniu zespo\u0142u, mo\u017cliwych zimowych transferach i wypo\u017cyczonych zawodnikach.\u00a0&#8230;<\/p>\n","protected":false},"author":36,"featured_media":40633,"comment_status":"closed","ping_status":"closed","sticky":false,"template":"","format":"standard","meta":{"om_disable_all_campaigns":false,"inline_featured_image":false,"footnotes":"","_links_to":"","_links_to_target":""},"categories":[94,356,100,311,165,1],"tags":[],"aioseo_notices":[],"_links":{"self":[{"href":"https:\/\/wartapoznan.pl\/index.php\/wp-json\/wp\/v2\/posts\/40631"}],"collection":[{"href":"https:\/\/wartapoznan.pl\/index.php\/wp-json\/wp\/v2\/posts"}],"about":[{"href":"https:\/\/wartapoznan.pl\/index.php\/wp-json\/wp\/v2\/types\/post"}],"author":[{"embeddable":true,"href":"https:\/\/wartapoznan.pl\/index.php\/wp-json\/wp\/v2\/users\/36"}],"replies":[{"embeddable":true,"href":"https:\/\/wartapoznan.pl\/index.php\/wp-json\/wp\/v2\/comments?post=40631"}],"version-history":[{"count":3,"href":"https:\/\/wartapoznan.pl\/index.php\/wp-json\/wp\/v2\/posts\/40631\/revisions"}],"predecessor-version":[{"id":40644,"href":"https:\/\/wartapoznan.pl\/index.php\/wp-json\/wp\/v2\/posts\/40631\/revisions\/40644"}],"wp:featuredmedia":[{"embeddable":true,"href":"https:\/\/wartapoznan.pl\/index.php\/wp-json\/wp\/v2\/media\/40633"}],"wp:attachment":[{"href":"https:\/\/wartapoznan.pl\/index.php\/wp-json\/wp\/v2\/media?parent=40631"}],"wp:term":[{"taxonomy":"category","embeddable":true,"href":"https:\/\/wartapoznan.pl\/index.php\/wp-json\/wp\/v2\/categories?post=40631"},{"taxonomy":"post_tag","embeddable":true,"href":"https:\/\/wartapoznan.pl\/index.php\/wp-json\/wp\/v2\/tags?post=40631"}],"curies":[{"name":"wp","href":"https:\/\/api.w.org\/{rel}","templated":true}]}}